{"id":9951,"date":"2026-08-30T09:28:58","date_gmt":"2026-08-30T09:28:58","guid":{"rendered":"https:\/\/sicoterapia.org\/?p=9951"},"modified":"2026-08-30T10:35:28","modified_gmt":"2026-08-30T10:35:28","slug":"periodo-2022-2026-el-salario-chileno-en-pesos-pierde-capacidad-de-compra-de-forma-sostenida-en-el-tiempo","status":"publish","type":"post","link":"https:\/\/sicoterapia.org\/?p=9951","title":{"rendered":"Periodo 2022 &#8211; 2026: El salario  chileno en \u00abpesos\u00bb pierde capacidad de compra de forma sostenida en el tiempo"},"content":{"rendered":"\n<p class=\"wp-block-paragraph\">Aqui publico c\u00f3mo el salario de la masa laboral chilena \u2013 10 millones de trabajadores \u2013 pierde poder adquisitivo de forma sostenida a trav\u00e9s del tiempo, en este caso en el per\u00edodo 2022 &#8211; 2026: depreciaci\u00f3n del peso (salario), inflaci\u00f3n al alza y UF al alza.<\/p>\n\n\n\n<hr class=\"wp-block-separator has-alpha-channel-opacity\"\/>\n\n\n\n<p class=\"wp-block-paragraph\">Autor, Jorge Auristondo Vilches &#8211; sicoterapia.org <\/p>\n\n\n\n<hr class=\"wp-block-separator has-alpha-channel-opacity\"\/>\n\n\n\n<p class=\"wp-block-paragraph\">Datos oficiales o de series de referencia (Banco Central de Chile, INE, SII). El per\u00edodo 2026 llega hasta fines de Agosto (\u00faltimo dato disponible: IPC a Julio; d\u00f3lar y UF al 28-30 de Agosto).<\/p>\n\n\n\n<p class=\"wp-block-paragraph\"><strong>1 &#8211; Depreciaci\u00f3n del peso chileno frente al d\u00f3lar (USD\/CLP)<\/strong><\/p>\n\n\n\n<p class=\"wp-block-paragraph\">Se usa el <strong>d\u00f3lar observado del Banco Central<\/strong> (promedio anual, la serie m\u00e1s comparable a\u00f1o a a\u00f1o). <\/p>\n\n\n\n<p class=\"wp-block-paragraph\"><strong>La F\u00f3rmula<\/strong> <\/p>\n\n\n\n<p class=\"wp-block-paragraph\"><strong>Un alza del tipo de cambio = depreciaci\u00f3n del peso<\/strong>.<\/p>\n\n\n\n<figure class=\"wp-block-table\"><table class=\"has-fixed-layout\"><tbody><tr><td>A\u00f1o<\/td><td>Promedio anual (CLP por USD)<\/td><td>Variaci\u00f3n anual<\/td><\/tr><tr><td>2021<\/td><td>759,27<\/td><td>\u2014<\/td><\/tr><tr><td>2022<\/td><td>872,33<\/td><td>+14,9 % (depreciaci\u00f3n)<\/td><\/tr><tr><td>2023<\/td><td>839,07<\/td><td>\u22123,8 % (apreciaci\u00f3n)<\/td><\/tr><tr><td>2024<\/td><td>943,58<\/td><td>+12,5 %<\/td><\/tr><tr><td>2025<\/td><td>951,64<\/td><td>+0,9 %<\/td><\/tr><tr><td>2026 (Ene\u2013Ago)<\/td><td>~902 promedio YTD; cierre ~931<\/td><td>+3,4 % YTD (desde ~900,5 al cierre de 2025)<\/td><\/tr><\/tbody><\/table><\/figure>\n\n\n\n<p class=\"wp-block-paragraph\"><strong>Acumulado del per\u00edodo (promedio 2021 \u2192 promedio\/cierre 2026 YTD):<\/strong><\/p>\n\n\n\n<p class=\"wp-block-paragraph\">El peso se depreci\u00f3 del orden de <strong>+19%<\/strong> si se compara el promedio de 2021 (~759) con el promedio 2026 YTD (~902). Si se compara un nivel de inicios de 2022 (~850) con el valor actual (~931), la depreciaci\u00f3n es de unos <strong>+9\u201310%. El tipo de cambio fue muy vol\u00e1til (m\u00e1ximos sobre 1.000 <\/strong>en 2022 y 2025).<\/p>\n\n\n\n<p class=\"wp-block-paragraph\"><strong>Fuentes<\/strong>: Banco Central de Chile (BDE, d\u00f3lar observado); series de mercado para 2026 (cierre ~931 el 28-30 ago 2026).<\/p>\n\n\n\n<figure class=\"wp-block-image size-large\"><a href=\"https:\/\/i0.wp.com\/sicoterapia.org\/wp-content\/uploads\/2026\/08\/marraquetayretirisafp.jpg?ssl=1\"><img data-recalc-dims=\"1\" loading=\"lazy\" decoding=\"async\" width=\"656\" height=\"440\" data-attachment-id=\"9913\" data-permalink=\"https:\/\/sicoterapia.org\/?attachment_id=9913\" data-orig-file=\"https:\/\/i0.wp.com\/sicoterapia.org\/wp-content\/uploads\/2026\/08\/marraquetayretirisafp.jpg?fit=1168%2C784&amp;ssl=1\" data-orig-size=\"1168,784\" data-comments-opened=\"0\" data-image-meta=\"{&quot;aperture&quot;:&quot;0&quot;,&quot;credit&quot;:&quot;43c7aed8-985d-48e6-8cf8-76c84ce465f7&quot;,&quot;camera&quot;:&quot;&quot;,&quot;caption&quot;:&quot;Signature: X2oX43qkOiyN0+hkic+cCPYyX\/h6m5PqVfhIJ07KEnm2+aK1+6T\/\/ulQfQ1rTEiVn\/OXG33t7MIURSCqQdXUn2iYDMFZOHeTbzon0s\/5wfyDiRp35RFz20ahMTLXdRetHyOUPcxum5BdPNTTYvybQEwLiHKQ8jjvkRwpMJ2vDpGYVcNtNkBcMf8ZgxTvxPn2GDlcEGzj5Zfw3pyD0VdusBJHMWANUf04g\/NWC32p+Y9Ny0K2iHw0e28Z+SI9eRfbbz1l7dveJXtd9U7CwDcWwS3SVUDEXp+ejffTHKNB9+qyfJf\/douI+92cmxoEPtTbNTwUZLBEmKm8ypXx\/2+uGOvvVKd4yRrz\/S95mhVMME4kbgtudTm04mWxdbFZnZBPdP6arGgXG3CSxddi3O1yZpvkWTwWG5h830hY9Vyql\/ko3hAYa3gzBUQ5C\/DClTKyqD6VbpU2rd+2devomGN3LiEdTDn9baYFRfTDsLl4nmw6K6xMZq8TJT1z8vqYbUNCY80L50Yr8HmA+A1w1TRg\/B\/IbzLxi2vopJqeVPEQo\/We3P28sRd3gzsQKFTjr4ruVeCw8lXem+B1LSftbvkQGkm+gxL5kdouRkTK2mF2a1gebq3WQM9F8Saf\/0uPikoYvDeuDxNG1nYmGySBRHbokOprM8HwSf1+AijIUYO2F4ZS5F64LbKX4W6z94eBYKDRCIAv9O8pgxqacZkFPjiFO7aQs8mE6DE9mFNmBRzSBjzoBm12towg1cfjvPKifnj4Fe6HyLzmmv\/EQA0t2E5LwvsQWsAoiVEaI8KGMDIH5I2AghbPXKP5mTHHlk+7HFqcmvMw0O2XOK59A94qmbcP3I\/zfolqTibRQbNYSfNkGynJzBAuW\/5bvhh6PUfPElMPjELz2OANwnzO54GXI\/MhsoN+SGX5xBFqbnaUDyjF9wVclRxkAYOHy\/rGgHVuRG9thNZpsZyIkPV353+JN4\/fjO4j955jMru0rDCmf8Wmd2I=&quot;,&quot;created_timestamp&quot;:&quot;0&quot;,&quot;copyright&quot;:&quot;&quot;,&quot;focal_length&quot;:&quot;0&quot;,&quot;iso&quot;:&quot;0&quot;,&quot;shutter_speed&quot;:&quot;0&quot;,&quot;title&quot;:&quot;&quot;,&quot;orientation&quot;:&quot;0&quot;,&quot;alt&quot;:&quot;&quot;}\" data-image-title=\"marraquetayretirisafp\" data-image-description=\"\" data-image-caption=\"&lt;p&gt;Signature: X2oX43qkOiyN0+hkic+cCPYyX\/h6m5PqVfhIJ07KEnm2+aK1+6T\/\/ulQfQ1rTEiVn\/OXG33t7MIURSCqQdXUn2iYDMFZOHeTbzon0s\/5wfyDiRp35RFz20ahMTLXdRetHyOUPcxum5BdPNTTYvybQEwLiHKQ8jjvkRwpMJ2vDpGYVcNtNkBcMf8ZgxTvxPn2GDlcEGzj5Zfw3pyD0VdusBJHMWANUf04g\/NWC32p+Y9Ny0K2iHw0e28Z+SI9eRfbbz1l7dveJXtd9U7CwDcWwS3SVUDEXp+ejffTHKNB9+qyfJf\/douI+92cmxoEPtTbNTwUZLBEmKm8ypXx\/2+uGOvvVKd4yRrz\/S95mhVMME4kbgtudTm04mWxdbFZnZBPdP6arGgXG3CSxddi3O1yZpvkWTwWG5h830hY9Vyql\/ko3hAYa3gzBUQ5C\/DClTKyqD6VbpU2rd+2devomGN3LiEdTDn9baYFRfTDsLl4nmw6K6xMZq8TJT1z8vqYbUNCY80L50Yr8HmA+A1w1TRg\/B\/IbzLxi2vopJqeVPEQo\/We3P28sRd3gzsQKFTjr4ruVeCw8lXem+B1LSftbvkQGkm+gxL5kdouRkTK2mF2a1gebq3WQM9F8Saf\/0uPikoYvDeuDxNG1nYmGySBRHbokOprM8HwSf1+AijIUYO2F4ZS5F64LbKX4W6z94eBYKDRCIAv9O8pgxqacZkFPjiFO7aQs8mE6DE9mFNmBRzSBjzoBm12towg1cfjvPKifnj4Fe6HyLzmmv\/EQA0t2E5LwvsQWsAoiVEaI8KGMDIH5I2AghbPXKP5mTHHlk+7HFqcmvMw0O2XOK59A94qmbcP3I\/zfolqTibRQbNYSfNkGynJzBAuW\/5bvhh6PUfPElMPjELz2OANwnzO54GXI\/MhsoN+SGX5xBFqbnaUDyjF9wVclRxkAYOHy\/rGgHVuRG9thNZpsZyIkPV353+JN4\/fjO4j955jMru0rDCmf8Wmd2I=&lt;\/p&gt;\n\" data-large-file=\"https:\/\/i0.wp.com\/sicoterapia.org\/wp-content\/uploads\/2026\/08\/marraquetayretirisafp.jpg?fit=656%2C440&amp;ssl=1\" src=\"https:\/\/i0.wp.com\/sicoterapia.org\/wp-content\/uploads\/2026\/08\/marraquetayretirisafp.jpg?resize=656%2C440&#038;ssl=1\" alt=\"\" class=\"wp-image-9913\" srcset=\"https:\/\/i0.wp.com\/sicoterapia.org\/wp-content\/uploads\/2026\/08\/marraquetayretirisafp.jpg?resize=1024%2C687&amp;ssl=1 1024w, https:\/\/i0.wp.com\/sicoterapia.org\/wp-content\/uploads\/2026\/08\/marraquetayretirisafp.jpg?resize=300%2C201&amp;ssl=1 300w, https:\/\/i0.wp.com\/sicoterapia.org\/wp-content\/uploads\/2026\/08\/marraquetayretirisafp.jpg?resize=768%2C516&amp;ssl=1 768w, https:\/\/i0.wp.com\/sicoterapia.org\/wp-content\/uploads\/2026\/08\/marraquetayretirisafp.jpg?w=1168&amp;ssl=1 1168w\" sizes=\"auto, (max-width: 656px) 100vw, 656px\" \/><\/a><\/figure>\n\n\n\n<p class=\"wp-block-paragraph\"><\/p>\n\n\n\n<p class=\"wp-block-paragraph\"><strong>2 &#8211; Inflaci\u00f3n acumulada (IPC) desde 2022 hasta 2026<\/strong>:<\/p>\n\n\n\n<p class=\"wp-block-paragraph\">Variaciones oficiales Diciembre\u2013Diciembre (INE) m\u00e1s el acumulado 2026:<\/p>\n\n\n\n<figure class=\"wp-block-table\"><table class=\"has-fixed-layout\"><tbody><tr><td>Periodo<\/td><td>Variaci\u00f3n oficial INE<\/td><td>Acumulado total desde dic. 2021<\/td><\/tr><tr><td>2022 (Dic\u2013Dic)<\/td><td>+12,8 %<\/td><td>+12,8 %<\/td><\/tr><tr><td>2023 (Dic\u2013Dic)<\/td><td>+3,9 %<\/td><td>+17,2 %<\/td><\/tr><tr><td>2024 (Dic\u2013Dic)<\/td><td>+4,5 %<\/td><td>+22,5 %<\/td><\/tr><tr><td>2025 (Dic\u2013Dic)<\/td><td>+3,5 %<\/td><td>+26,8 %<\/td><\/tr><tr><td>2026 (Enero\u2013Julio)<\/td><td>+2,9 %<\/td><td>+30,5 %<\/td><\/tr><\/tbody><\/table><\/figure>\n\n\n\n<p class=\"wp-block-paragraph\">2026 (Enero\u2013Julio): +2,9% (IPC Julio 112,45 vs Diciembre 2025 109,26; base 2023=100)<\/p>\n\n\n\n<p class=\"wp-block-paragraph\"><strong>Acumulado Diciembre 2021 \u2192 Julio 2026<\/strong>:<\/p>\n\n\n\n<p class=\"wp-block-paragraph\">1,128 x 1,039 x 1,045 x 1,035 x 1,029 \u2248 1,305 \u2248 <strong>+30,5%<\/strong><\/p>\n\n\n\n<p class=\"wp-block-paragraph\">Fuentes: INE (boletines IPC y serie empalmada base 2023=100); SII (tablas UTM\/IPC).<\/p>\n\n\n\n<p class=\"wp-block-paragraph\"><strong>3 &#8211; Alza acumulada de la UF (2022\u20132026)<\/strong><\/p>\n\n\n\n<p class=\"wp-block-paragraph\">La Unidad de Fomento (UF) se reajusta diariamente con el IPC.<\/p>\n\n\n\n<ul class=\"wp-block-list\">\n<li>1 de Enero de 2022: <strong>$30.996,73<\/strong><\/li>\n<\/ul>\n\n\n\n<ul class=\"wp-block-list\">\n<li>30 de Agosto de 2026: <strong>$40.872,45<\/strong><\/li>\n<\/ul>\n\n\n\n<p class=\"wp-block-paragraph\"><strong>Alza: +31,9%<\/strong> (40.872,45 \/ 30.996,73 &#8211; 1 )<\/p>\n\n\n\n<p class=\"wp-block-paragraph\">Es coherente con la inflaci\u00f3n del per\u00edodo (la UF suele quedar un poco por encima del IPC puntual por el desfase diario del reajuste). Fuente: SII \/ Banco Central<\/p>\n\n\n\n<p class=\"wp-block-paragraph\"><strong>4 &#8211; Poder adquisitivo del salario (2022\u20132026)<\/strong><\/p>\n\n\n\n<p class=\"wp-block-paragraph\">Hay que separar <strong>salario m\u00ednimo<\/strong> y <strong>remuneraciones promedio<\/strong> (INE). No es lo mismo.<\/p>\n\n\n\n<p class=\"wp-block-paragraph\"><strong>Salario m\u00ednimo<\/strong><\/p>\n\n\n\n<ul class=\"wp-block-list\">\n<li>Enero 2022: $350.000<\/li>\n<\/ul>\n\n\n\n<ul class=\"wp-block-list\">\n<li>Mayo 2026: $553.553<\/li>\n<\/ul>\n\n\n\n<ul class=\"wp-block-list\">\n<li><strong>Alza nominal: +58,2%<\/strong><\/li>\n<\/ul>\n\n\n\n<ul class=\"wp-block-list\">\n<li>En UF: de ~11,29 UF a ~13,78 UF \u2192 <strong>+22% de poder adquisitivo<\/strong> (el m\u00ednimo gan\u00f3, no perdi\u00f3).<\/li>\n<\/ul>\n\n\n\n<p class=\"wp-block-paragraph\"><strong>Remuneraciones promedio formales (\u00cdndice Real de Remuneraciones, INE):<\/strong><\/p>\n\n\n\n<p class=\"wp-block-paragraph\">Tras la erosi\u00f3n de 2022 (inflaci\u00f3n 12,8%), el <strong>IR real<\/strong> se recuper\u00f3. A Junio 2026 el \u00edndice real sub\u00eda <strong>+3,2% en 12 meses<\/strong> y <strong>+2,3% en lo que va de 2026<\/strong>. No hay una p\u00e9rdida neta grande en todo el per\u00edodo 2022\u20132026 para el promedio formal; 2022 s\u00ed fue un a\u00f1o de p\u00e9rdida y despu\u00e9s hubo recuperaci\u00f3n. Estudios de ingresos (ESI \/ Fundaci\u00f3n SOL) muestran alzas reales modestas en ventanas de 5 a\u00f1os (~+6,6% 2019\u20132024 en ingreso l\u00edquido real promedio).<\/p>\n\n\n\n<p class=\"wp-block-paragraph\"><strong>DEFINICI\u00d3N: \u00bfQu\u00e9 es el IR real?<\/strong><\/p>\n\n\n\n<p class=\"wp-block-paragraph\"><strong>IR<\/strong> es el <strong>\u00cdndice de Remuneraciones<\/strong> del INE (Instituto Nacional de Estad\u00edsticas de Chile).<\/p>\n\n\n\n<p class=\"wp-block-paragraph\">Mide c\u00f3mo evolucionan los sueldos de los trabajadores asalariados formales (no el sueldo m\u00ednimo solo, sino el promedio de remuneraciones que capta la encuesta del INE).<\/p>\n\n\n\n<p class=\"wp-block-paragraph\">Hay dos versiones:<\/p>\n\n\n\n<ul class=\"wp-block-list\">\n<li><strong>IR nominal<\/strong>: variaci\u00f3n de los sueldos en pesos, sin descontar inflaci\u00f3n.<\/li>\n<\/ul>\n\n\n\n<ul class=\"wp-block-list\">\n<li><strong>IR real<\/strong>: esos mismos sueldos ajustados por el IPC. Es el que sirve para ver si el poder adquisitivo subi\u00f3 o baj\u00f3.<\/li>\n<\/ul>\n\n\n\n<p class=\"wp-block-paragraph\">En resumen: quien mira solo el sueldo m\u00ednimo ve <strong>ganancia real de ~22%<\/strong>. Quien mira el salario t\u00edpico formal ve <strong>estancamiento<\/strong> o <strong>ganancia peque\u00f1a<\/strong> despu\u00e9s de la p\u00e9rdida de 2022, no un desplome acumulado del 30% (que ser\u00eda el caso si los sueldos no se hubieran reajustado).<\/p>\n\n\n\n<p class=\"wp-block-paragraph\"><strong>Notas metodol\u00f3gicas<\/strong>. El d\u00f3lar se mueve d\u00eda a d\u00eda; por eso se informan promedio anual y YTD. La inflaci\u00f3n y la UF cubren hasta el \u00faltimo dato publicado (julio y 30 de agosto de 2026). El \u201csalario\u201d no es un \u00fanico n\u00famero: m\u00ednimo vs. promedio formal dan conclusiones distintas. Fuentes primarias: Banco Central de Chile, INE, SII.<\/p>\n\n\n\n<p class=\"wp-block-paragraph\"><strong>DEFINICI\u00d3N: \u00bf Qu\u00e9 es el YTD?<\/strong><\/p>\n\n\n\n<p class=\"wp-block-paragraph\"><strong>YTD<\/strong> significa <strong>Year To Date<\/strong> (en espa\u00f1ol: <strong>lo que va del a\u00f1o<\/strong> o <strong>acumulado del a\u00f1o<\/strong>). Es el cambio medido <strong>desde el 1 de Enero hasta la fecha m\u00e1s reciente disponible<\/strong>, no el a\u00f1o completo.<\/p>\n\n\n\n<p class=\"wp-block-paragraph\">En el informe anterior, \u201c2026 YTD\u201d era la <strong>depreciaci\u00f3n del peso entre el cierre de 2025 \/ inicios de 2026 y fines de agosto de 2026 (unos +3,4%)<\/strong>, porque 2026 a\u00fan no ha terminado.<\/p>\n\n\n\n<p class=\"wp-block-paragraph\"><strong>Eso significa que el salario real en \u00abpesos\u00bb ha perdido 3,4% de capacidad de compra o de poder de compra o de poder adquisitivo, solo en 8 meses.<\/strong> <\/p>\n\n\n\n<p class=\"wp-block-paragraph\"><strong>MAS ART\u00cdCULOS <\/strong><\/p>\n\n\n\n<p class=\"wp-block-paragraph\">1 &#8211; <a href=\"https:\/\/sicoterapia.org\/?p=9842\" data-type=\"link\" data-id=\"https:\/\/sicoterapia.org\/?p=9842\">Chile: De c\u00f3mo un nuevo retiro de fondos de AFP s\u00f3lo ser\u00e1 m\u00e1s pobreza para m\u00e1s de 10 millones de trabajadores.<\/a><\/p>\n\n\n\n<p class=\"wp-block-paragraph\">2 &#8211; <a href=\"https:\/\/sicoterapia.org\/?p=9709\" data-type=\"link\" data-id=\"https:\/\/sicoterapia.org\/?p=9709\">C\u00f3mo el Estado de Chile y el sistema financiero est\u00e1n dise\u00f1ados y coordinados para expropiar tu salario.<\/a><\/p>\n\n\n\n<p class=\"wp-block-paragraph\">3 &#8211; <a href=\"https:\/\/sicoterapia.org\/?p=9644\" data-type=\"link\" data-id=\"https:\/\/sicoterapia.org\/?p=9644\">Descubr\u00ed c\u00f3mo el Estado de Chile y el sistema financiero me han expropiado mi salario (mi capital) desde 1979 y s\u00f3lo analizando el precio del kilo de pan corriente.<\/a><\/p>\n\n\n\n<p class=\"wp-block-paragraph\">4 &#8211; <a href=\"https:\/\/sicoterapia.org\/?p=9552\" data-type=\"link\" data-id=\"https:\/\/sicoterapia.org\/?p=9552\">Desmontando fake news econ\u00f3micas de un catedr\u00e1tico de la Universidad de Chile.<\/a><\/p>\n\n\n\n<p class=\"wp-block-paragraph\">5 &#8211; <a href=\"https:\/\/sicoterapia.org\/?p=8978\" data-type=\"link\" data-id=\"https:\/\/sicoterapia.org\/?p=8978\">Por qu\u00e9 Chile jam\u00e1s ser\u00e1 un pa\u00eds desarrollado. Comparaci\u00f3n entre el desarrollo de los Estados Unidos y el de Chile desde el a\u00f1o 1879. Las fallas estructurales que impiden el desarrollo de Chile.<\/a><\/p>\n\n\n\n<p class=\"wp-block-paragraph\">6 &#8211; <a href=\"https:\/\/sicoterapia.org\/?p=8588\" data-type=\"link\" data-id=\"https:\/\/sicoterapia.org\/?p=8588\">SARTOR o en Chile todos contra el Capitalismo. De c\u00f3mo en Chile hasta los peores anticomunistas arrasan con el capital privado.<\/a><\/p>\n\n\n\n<p class=\"wp-block-paragraph\">7 &#8211; <a href=\"https:\/\/sicoterapia.org\/?p=8478\" data-type=\"link\" data-id=\"https:\/\/sicoterapia.org\/?p=8478\">Caso SARTOR y club U. de Chile. La estafa que desnuda la fragilidad moral del modelo econ\u00f3mico chileno.<\/a><\/p>\n\n\n\n<p class=\"wp-block-paragraph\">8 &#8211; <a href=\"https:\/\/sicoterapia.org\/?p=7859\" data-type=\"link\" data-id=\"https:\/\/sicoterapia.org\/?p=7859\">Fact-checking de las creencias econ\u00f3micas de la izquierda chilena: el caso de Gonzalo Winter.<\/a><\/p>\n\n\n\n<p class=\"wp-block-paragraph\">9 &#8211; <a href=\"https:\/\/sicoterapia.org\/?p=7734\" data-type=\"link\" data-id=\"https:\/\/sicoterapia.org\/?p=7734\">CURSO COMPLETO DE CRIPTOMONEDAS, LO M\u00c1S IMPORTANTE.<\/a><\/p>\n\n\n\n<p class=\"wp-block-paragraph\">10 &#8211; <a href=\"https:\/\/sicoterapia.org\/?p=7700\" data-type=\"link\" data-id=\"https:\/\/sicoterapia.org\/?p=7700\">A Starbucks le queda poca vida, el sindicalismo woke est\u00e1 arruinando un buen negocio.<\/a><\/p>\n\n\n\n<p class=\"wp-block-paragraph\">11 &#8211; <strong><a href=\"https:\/\/sicoterapia.org\/?p=7531\" data-type=\"link\" data-id=\"https:\/\/sicoterapia.org\/?p=7531\">\u00bfCu\u00e1nto cuesta producir un pan en Chile? Corrupci\u00f3n pol\u00edtica e inversi\u00f3n privada.<\/a><\/strong><\/p>\n\n\n\n<p class=\"wp-block-paragraph\"><\/p>\n","protected":false},"excerpt":{"rendered":"<p>Aqui publico c\u00f3mo el salario de la masa laboral chilena \u2013 10 millones de trabajadores \u2013 pierde poder adquisitivo de forma sostenida a trav\u00e9s del tiempo, en este caso en el per\u00edodo 2022 &#8211; 2026: depreciaci\u00f3n del peso (salario), inflaci\u00f3n al alza y UF al alza. Autor, Jorge Auristondo Vilches &#8211; sicoterapia.org Datos oficiales o &hellip; <a href=\"https:\/\/sicoterapia.org\/?p=9951\" class=\"more-link\">Sigue leyendo <span class=\"screen-reader-text\">Periodo 2022 &#8211; 2026: El salario  chileno en \u00abpesos\u00bb pierde capacidad de compra de forma sostenida en el tiempo<\/span><\/a><\/p>\n","protected":false},"author":8706321,"featured_media":0,"comment_status":"closed","ping_status":"closed","sticky":false,"template":"","format":"standard","meta":{"_coblocks_attr":"","_coblocks_dimensions":"","_coblocks_responsive_height":"","_coblocks_accordion_ie_support":"","advanced_seo_description":"","jetpack_seo_html_title":"","jetpack_seo_noindex":false,"jetpack_seo_schema_type":"","_jetpack_newsletter_access":"","_jetpack_dont_email_post_to_subs":false,"_jetpack_newsletter_tier_id":0,"_jetpack_memberships_contains_paywalled_content":false,"_wpcom_ai_launchpad_first_post":false,"_jetpack_feature_clip_id":0,"_jetpack_memberships_contains_paid_content":false,"footnotes":"","jetpack_publicize_message":"","jetpack_publicize_feature_enabled":true,"jetpack_social_post_already_shared":true,"jetpack_social_options":{"image_generator_settings":{"template":"highway","default_image_id":0,"font":"","enabled":false},"version":2},"jetpack_post_was_ever_published":false},"categories":[2372,798,6493],"tags":[7520,787829245,787829187,787829243,787829235],"class_list":["post-9951","post","type-post","status-publish","format-standard","hentry","category-economia","category-politica","category-publicaciones","tag-chile","tag-depreciacion-monetaria","tag-economia","tag-economia-chilena","tag-inflacion"],"jetpack_publicize_connections":[],"jetpack_likes_enabled":true,"jetpack_sharing_enabled":true,"jetpack_shortlink":"https:\/\/wp.me\/pzfQN-2Av","jetpack-related-posts":[],"jetpack_featured_media_url":"","_links":{"self":[{"href":"https:\/\/sicoterapia.org\/index.php?rest_route=\/wp\/v2\/posts\/9951","targetHints":{"allow":["GET"]}}],"collection":[{"href":"https:\/\/sicoterapia.org\/index.php?rest_route=\/wp\/v2\/posts"}],"about":[{"href":"https:\/\/sicoterapia.org\/index.php?rest_route=\/wp\/v2\/types\/post"}],"author":[{"embeddable":true,"href":"https:\/\/sicoterapia.org\/index.php?rest_route=\/wp\/v2\/users\/8706321"}],"replies":[{"embeddable":true,"href":"https:\/\/sicoterapia.org\/index.php?rest_route=%2Fwp%2Fv2%2Fcomments&post=9951"}],"version-history":[{"count":62,"href":"https:\/\/sicoterapia.org\/index.php?rest_route=\/wp\/v2\/posts\/9951\/revisions"}],"predecessor-version":[{"id":10020,"href":"https:\/\/sicoterapia.org\/index.php?rest_route=\/wp\/v2\/posts\/9951\/revisions\/10020"}],"wp:attachment":[{"href":"https:\/\/sicoterapia.org\/index.php?rest_route=%2Fwp%2Fv2%2Fmedia&parent=9951"}],"wp:term":[{"taxonomy":"category","embeddable":true,"href":"https:\/\/sicoterapia.org\/index.php?rest_route=%2Fwp%2Fv2%2Fcategories&post=9951"},{"taxonomy":"post_tag","embeddable":true,"href":"https:\/\/sicoterapia.org\/index.php?rest_route=%2Fwp%2Fv2%2Ftags&post=9951"}],"curies":[{"name":"wp","href":"https:\/\/api.w.org\/{rel}","templated":true}]}}