{"id":9460,"date":"2026-08-26T05:54:20","date_gmt":"2026-08-26T05:54:20","guid":{"rendered":"https:\/\/sicoterapia.org\/?p=9460"},"modified":"2026-08-26T17:49:38","modified_gmt":"2026-08-26T17:49:38","slug":"chile-se-creo-sus-propios-conflictos-con-los-estados-unidos-y-ahora-empezo-a-pagar-el-precio-argentina-quiere-el-estrecho-de-magallanes","status":"publish","type":"post","link":"https:\/\/sicoterapia.org\/?p=9460","title":{"rendered":"Chile se cre\u00f3 sus propios conflictos con los Estados Unidos y ahora empez\u00f3 a pagar el precio. Argentina quiere el Estrecho de Magallanes."},"content":{"rendered":"\n<p class=\"wp-block-paragraph\">Chile en problemas y tal como les anticip\u00e9 en 15 de Agosto de 2026 en este art\u00edculo \u2014&gt; <strong>Grave error geoestrat\u00e9gico de Chile. Oponerse al Plan de Defensa Hemisf\u00e9rica de los Estados Unidos.<\/strong><\/p>\n\n\n\n<hr class=\"wp-block-separator has-alpha-channel-opacity\"\/>\n\n\n\n<p class=\"wp-block-paragraph\">Autor, Jorge Auristondo Vilches. Especialista certificado en Defensa y Seguridad Nacional.<\/p>\n\n\n\n<hr class=\"wp-block-separator has-alpha-channel-opacity\"\/>\n\n\n\n<p class=\"wp-block-paragraph\">Chile en problemas y tal como les anticip\u00e9 en 15 de Agosto de 2026 en este art\u00edculo \u2014&gt; <strong><a href=\"https:\/\/sicoterapia.org\/?p=9186\" data-type=\"link\" data-id=\"https:\/\/sicoterapia.org\/?p=9186\">Grave error geoestrat\u00e9gico de Chile. Oponerse al Plan de Defensa Hemisf\u00e9rica de los Estados Unidos.<\/a><\/strong><\/p>\n\n\n\n<p class=\"wp-block-paragraph\"><strong>RESPUESTA GEOPOLITICA DE LOS ESTADOS UNIDOS <\/strong><\/p>\n\n\n\n<p class=\"wp-block-paragraph\">Entonces, como era l\u00f3gico que ocurriera, la respuesta de los Estados Unidos ha sido mover ficha geopol\u00edtica al error y provocaci\u00f3n del Ministro de Defensa de Chile. Ahora, Argentina \u2013 el mejor aliado que tiene hoy los Estados Unidos en esta regi\u00f3n del.Cono Sur \u2013 , ha abierto un conflicto cuestionando la soberan\u00eda chilena del Estrecho de Magallanes y el Paso de Drake, siendo el Estrecho de Magallanes de m\u00e1xima importancia geoestrat\u00e9gica como lo es el Estrecho de Ormuz, bajo disputa en la guerra de la Alianza de Estados Unidos\/Israel contra Ir\u00e1n. Y es l\u00f3gico que habr\u00e1 m\u00e1s conflictos en el corto plazo y no solo de parte de Argentina., si no tambi\u00e9n de Per\u00fa y Bolivia.<\/p>\n\n\n\n<p class=\"wp-block-paragraph\">El Comandante en Jefe de la Fuerza A\u00e9rea Argentina, General Gustavo Valverde  reclama soberan\u00eda del Estrecho de Magallanes y el Paso de Drake, bajo soberan\u00eda de Chile. <\/p>\n\n\n\n<figure class=\"wp-block-embed is-type-video is-provider-youtube wp-block-embed-youtube wp-embed-aspect-9-16 wp-has-aspect-ratio\"><div class=\"wp-block-embed__wrapper\">\n<iframe loading=\"lazy\" title=\"\u26a0\ufe0f \ud83c\udde6\ud83c\uddf7\ud83c\udde8\ud83c\uddf1NUEVA POL\u00c9MICA ENTRE CHILE Y ARGENTINA POR EL ESTRECHO DE MAGALLANES\" width=\"554\" height=\"984\" src=\"https:\/\/www.youtube.com\/embed\/zHRn_5gwL0Y?feature=oembed\" frameborder=\"0\" allow=\"accelerometer; autoplay; clipboard-write; encrypted-media; gyroscope; picture-in-picture; web-share\" referrerpolicy=\"strict-origin-when-cross-origin\" allowfullscreen><\/iframe>\n<\/div><\/figure>\n\n\n\n<p class=\"wp-block-paragraph\"><\/p>\n\n\n\n<p class=\"wp-block-paragraph\"><strong>ANTECEDENTES PREVIOS QUE MANIFIESTAN LAS AMBICIONES ARGENTINAS SOBRE TERRITORIOS DE CHILE EN MAGALLANES: <\/strong><\/p>\n\n\n\n<p class=\"wp-block-paragraph\">El <strong>Decreto 457\/2021 (PEN, 14\/07\/2021; BO 19\/07\/2021)<\/strong> aprueba la <strong>actualizaci\u00f3n de la Directiva de Pol\u00edtica de Defensa Nacional (DPDN).<\/strong> El decreto en s\u00ed es breve; el documento largo es el anexo:<\/p>\n\n\n\n<figure class=\"wp-block-image size-large\"><a href=\"https:\/\/i0.wp.com\/sicoterapia.org\/wp-content\/uploads\/2026\/08\/decretoargmagallanes.jpg?ssl=1\"><img data-recalc-dims=\"1\" loading=\"lazy\" decoding=\"async\" width=\"656\" height=\"275\" data-attachment-id=\"9537\" data-permalink=\"https:\/\/sicoterapia.org\/?attachment_id=9537\" data-orig-file=\"https:\/\/i0.wp.com\/sicoterapia.org\/wp-content\/uploads\/2026\/08\/decretoargmagallanes.jpg?fit=4096%2C1718&amp;ssl=1\" data-orig-size=\"4096,1718\" data-comments-opened=\"0\" data-image-meta=\"{&quot;aperture&quot;:&quot;0&quot;,&quot;credit&quot;:&quot;&quot;,&quot;camera&quot;:&quot;&quot;,&quot;caption&quot;:&quot;&quot;,&quot;created_timestamp&quot;:&quot;0&quot;,&quot;copyright&quot;:&quot;&quot;,&quot;focal_length&quot;:&quot;0&quot;,&quot;iso&quot;:&quot;0&quot;,&quot;shutter_speed&quot;:&quot;0&quot;,&quot;title&quot;:&quot;&quot;,&quot;orientation&quot;:&quot;0&quot;,&quot;alt&quot;:&quot;&quot;}\" data-image-title=\"decretoargmagallanes\" data-image-description=\"\" data-image-caption=\"\" data-large-file=\"https:\/\/i0.wp.com\/sicoterapia.org\/wp-content\/uploads\/2026\/08\/decretoargmagallanes.jpg?fit=656%2C275&amp;ssl=1\" src=\"https:\/\/i0.wp.com\/sicoterapia.org\/wp-content\/uploads\/2026\/08\/decretoargmagallanes.jpg?resize=656%2C275&#038;ssl=1\" alt=\"\" class=\"wp-image-9537\" srcset=\"https:\/\/i0.wp.com\/sicoterapia.org\/wp-content\/uploads\/2026\/08\/decretoargmagallanes.jpg?resize=1024%2C430&amp;ssl=1 1024w, https:\/\/i0.wp.com\/sicoterapia.org\/wp-content\/uploads\/2026\/08\/decretoargmagallanes.jpg?resize=300%2C126&amp;ssl=1 300w, https:\/\/i0.wp.com\/sicoterapia.org\/wp-content\/uploads\/2026\/08\/decretoargmagallanes.jpg?resize=768%2C322&amp;ssl=1 768w, https:\/\/i0.wp.com\/sicoterapia.org\/wp-content\/uploads\/2026\/08\/decretoargmagallanes.jpg?resize=1536%2C644&amp;ssl=1 1536w, https:\/\/i0.wp.com\/sicoterapia.org\/wp-content\/uploads\/2026\/08\/decretoargmagallanes.jpg?resize=2048%2C859&amp;ssl=1 2048w, https:\/\/i0.wp.com\/sicoterapia.org\/wp-content\/uploads\/2026\/08\/decretoargmagallanes.jpg?resize=1200%2C503&amp;ssl=1 1200w, https:\/\/i0.wp.com\/sicoterapia.org\/wp-content\/uploads\/2026\/08\/decretoargmagallanes.jpg?w=1312&amp;ssl=1 1312w, https:\/\/i0.wp.com\/sicoterapia.org\/wp-content\/uploads\/2026\/08\/decretoargmagallanes.jpg?w=1968&amp;ssl=1 1968w\" sizes=\"auto, (max-width: 656px) 100vw, 656px\" \/><\/a><\/figure>\n\n\n\n<p class=\"wp-block-paragraph\">Ese anexo es un PDF de 39 p\u00e1ginas. La p\u00e1gina 13 est\u00e1 en el tramo sobre cooperaci\u00f3n regional, justo despu\u00e9s de describir la relaci\u00f3n con Chile (Tratado de Paz y Amistad de 1984, mecanismos \u201c2+2\u201d, cooperaci\u00f3n ant\u00e1rtica, etc.).<\/p>\n\n\n\n<p class=\"wp-block-paragraph\">Texto exacto de la p\u00e1gina 13 (p\u00e1rrafo central)<br><\/p>\n\n\n\n<p class=\"wp-block-paragraph\">   \ud83d\udc49    <strong><em>Uno de los espacios compartidos que resulta fundamental continuar fortaleciendo es el de la exploraci\u00f3n, estudio y control conjunto sobre el Estrecho de Magallanes y el Mar de Hoces, espacios estrat\u00e9gicos tanto por su rol como v\u00edas navegables naturales entre el Oc\u00e9ano Atl\u00e1ntico y el Oc\u00e9ano Pac\u00edfico como por constituir puntos privilegiados de acceso al continente ant\u00e1rtico. Del mismo modo, resulta de suma importancia generar una aproximaci\u00f3n cooperativa con la Rep\u00fablica de Chile y con el Estado Plurinacional de Bolivia en la defensa y aprovechamiento de los yacimientos de litio ubicados en el \u201cTri\u00e1ngulo del Litio\u201d\u2026<\/em><\/strong><\/p>\n\n\n\n<p class=\"wp-block-paragraph\">En la misma p\u00e1gina sigue con cooperaci\u00f3n con Uruguay (CARP \/ R\u00edo de la Plata), Bolivia, Paraguay (hidrov\u00ed\u00ada y Yacyret\u00e1) y Per\u00fa.<\/p>\n\n\n\n<p class=\"wp-block-paragraph\"><strong>Qu\u00e9 dice y qu\u00e9 no dice:<\/strong><\/p>\n\n\n\n<p class=\"wp-block-paragraph\">El texto argentino es totalmente subversivo y enga\u00f1oso, pues no declara soberan\u00eda ditecta de Argentina sobre el Estrecho de Magallanes y sobre el Cabo de Hornos. Habla de \u201c<strong>espacios compartidos<\/strong>\u201d y de \u201c<strong>exploraci\u00f3n, estudio y control conjunto<\/strong>\u201d, lo cual <strong>choca con el marco fronterizo ya vigente:<\/strong><\/p>\n\n\n\n<p class=\"wp-block-paragraph\">a &#8211; <strong>Tratado de L\u00edmites de 1881<\/strong>: el Estrecho de Magallanes queda bajo soberan\u00eda chilena, neutralizado a perpetuidad y abierto a todas las banderas.<\/p>\n\n\n\n<p class=\"wp-block-paragraph\">b &#8211; <strong>Tratado de Paz y Amistad de 1984 (Ley argentina 23.172)<\/strong>: fija el l\u00edmite en la boca oriental del Estrecho de Magallanes (l\u00ednea Punta Dungeness\u2013Cabo del Esp\u00edritu Santo). Al oeste de esa l\u00ednea, mar, suelo y subsuelo son chilenos; al este, argentinos. Argentina se obliga a no obstaculizar el acceso al Estrecho por sus aguas. El tratado se declara \u201csoluci\u00f3n completa y definitiva\u201d de esas cuestiones.<\/p>\n\n\n\n<p class=\"wp-block-paragraph\">El <strong>Mar de Hoces<\/strong> es el nombre usado en Argentina para el <strong>Pasaje de Drake <\/strong>(al sur del Cabo de Hornos). El Tratado de 1984 tambi\u00e9n delimita el Mar de la Zona Austral desde el Beagle hacia el sur.<\/p>\n\n\n\n<p class=\"wp-block-paragraph\"><strong>En la pr\u00e1ctica, \u201ccontrol conjunto\u201d del Estrecho no est\u00e1 previsto en esos tratados: Chile administra el Estrecho; Argentina tiene derechos de paso expedito por sus aguas hacia\/desde esa v\u00eda, no co-gobierno del canal.<\/strong><\/p>\n\n\n\n<p class=\"wp-block-paragraph\"><strong>Por qu\u00e9 volvi\u00f3 a circular ahora<\/strong>:<\/p>\n\n\n\n<p class=\"wp-block-paragraph\">El pasaje del decreto 457\/2021 se reactiv\u00f3 en la discusi\u00f3n Argentina\u2013Chile de Agosto de 2026 (declaraciones sobre presencia en Magallanes\/Drake y nota de protesta chilena). Seg\u00fan coberturas recientes, en Marzo de 2025 el gobierno argentino reconoci\u00f3 por escrito a Chile que esa formulaci\u00f3n del decreto \u201cconstituye un error\u201d a la luz de los tratados de 1881 y 1984, y anunci\u00f3 que ser\u00eda reemplazada por una nueva DPDN.<\/p>\n\n\n\n<p class=\"wp-block-paragraph\">El decreto 457\/2021 sigue siendo la DPDN de 2021; m\u00e1s tarde el Decreto 1112\/2024 reorden\u00f3 principios del Sistema de Defensa Nacional y cita al 457\/2021 entre los antecedentes, pero no reescribe ese p\u00e1rrafo del anexo.<\/p>\n\n\n\n<p class=\"wp-block-paragraph\">Pagina oficial del Decreto InfoLeg, ver pagina 13:<br><a href=\"https:\/\/servicios.infoleg.gob.ar\/infolegInternet\/anexos\/350000-354999\/352107\/dec457.pdf\">https:\/\/servicios.infoleg.gob.ar\/infolegInternet\/anexos\/350000-354999\/352107\/dec457.pdf<\/a><\/p>\n\n\n\n<p class=\"wp-block-paragraph\"><strong>C\u00d3MO FUNCIONA LA GEOPOLITICA DE LAS GRANDES POTENCIAS<\/strong><\/p>\n\n\n\n<p class=\"wp-block-paragraph\">En la realidad Geopolitica y emp\u00edrica las tres super potencias mundiales, empezando de la m\u00e1s grande a la mas chica, es decir, los Estados Unidos, China y Rusia, act\u00faan a trav\u00e9s de sus sat\u00e9lites de influencia \u2013 en este caso Argentina contra Chile \u2013, ,y rara vez act\u00faan de forma directa, como vemos hoy en la guerra de la alianza de Estados Unidos e Israel contra Ir\u00e1n o en el caso de la guerra de la OTAN contra Rusia donde la OTAN utiliza el sat\u00e9lite Ucrania<\/p>\n\n\n\n<p class=\"wp-block-paragraph\"><strong>ASESORES DISFUNCIONALES DEL GOBIERNO DE CHILE<\/strong><\/p>\n\n\n\n<p class=\"wp-block-paragraph\"><strong>Ning\u00fan asesor personal del Presidente Jos\u00e9 Kast<\/strong>, ni del Ministerio de Defensa ni del Ministerio de Relaciones Exteriores ni de las Fuerzas Armadas de Chile, <strong>tuvo la capacidad cerebral de hacer un an\u00e1lisis acertado anticipando los graves conflictos que le vienen a Chile <\/strong>por el errado camino de Defensa de enfrentarse y oponerse de forma directa contra la pol\u00edtica de Seguridad Hemisf\u00e9rica que ya est\u00e1 ejecutado el Presidente Donald Trump y los Estados Unidos. Y, esto, est\u00e1 reci\u00e9n empezando.<\/p>\n\n\n\n<p class=\"wp-block-paragraph\">\u00bf<strong>QU\u00c9 NO VIERON LOS ASESORES DISFUNCIONALES DE CHILE<\/strong>?<\/p>\n\n\n\n<p class=\"wp-block-paragraph\">La palabra m\u00e1s t\u00e9cnica y apropiada para definir el comportamiento err\u00e1tico de esta veintena de asesores del Ministerio de Defensa y de Relaciones Exteriores de Chile es \u00ab<strong>DISFUNCIONALIDAD<\/strong>\u00ab,  una palabra de la jerga de la Psicolog\u00eda  y de la Psiquiatr\u00eda para referirse a aquellas personas y profesionales que \u00ab<strong>no funcionan como se espera que lo hagan<\/strong>\u00ab. Y,  por eso, al parecer, no hubo ni uno solo de estos asesores que tuviera la capacidad cerebral de:<\/p>\n\n\n\n<p class=\"wp-block-paragraph\"><strong>analizar \u2014&gt; proyectar una hip\u00f3tesis cierta de lo que iba a ocurrir, y \u2014&gt; asesorar acertadamente (adelantarse a lo que iba a ocurrir)<\/strong><\/p>\n\n\n\n<p class=\"wp-block-paragraph\">Ya reci\u00e9ntemente el Gobierno de Chile habia sufrido un dram\u00e1tico caso de \u00abdisfuncionalidad\u00bb \u2013 entre varios otros casos de SEREMIS, etc.\u2013 ,con la triste situaci\u00f3n de la Sra. Mara Sedini, que hab\u00eda oficiado de flamante Ministra Secretaria General de Gobierno, es decir, la vocera del propio Presidente de la Rep\u00fablica, Jos\u00e9 Antonio Kast, pero que fue despedida por una serie de errores comunicacionales y falta de preparaci\u00f3n.<\/p>\n\n\n\n<p class=\"wp-block-paragraph\"><strong>\u00bfC\u00d3MO ARREGLAR EL ENTUERTO CON LOS ESTADOS UNIDOS?<\/strong><\/p>\n\n\n\n<p class=\"wp-block-paragraph\">Es de vital importancia que el Presidente Jos\u00e9 Antonio Kast cambie al Ministro de Defensa como al de Relaciones Exteriores y a toda la plana mayor de asesores de confianza, por gente con formaci\u00f3n t\u00e9cnica en el \u00e1rea de la Defensa y la Seguridad y con experiencia exitosa demostrada en  \u2013<strong>&gt; analizar \u2013&gt;  proyectar y \u2013&gt; aconsejar.<\/strong><\/p>\n\n\n\n<p class=\"wp-block-paragraph\"><strong>ENFRENTANDO LOS CURRICULUM Y CAPACIDADES DEL SECRETARIO DE GUERRA DE LOS ESTADOS UNIDOS Y DEL MINISTRO DE DEFENSA DE CHILE. EL FACTOR HUMANO.<\/strong><\/p>\n\n\n\n<p class=\"wp-block-paragraph\">Aqu\u00ed vamos a observar las capacidades y habilidades tanto del Secretario de Guerra de los Estados Unidos, jefe del Departamento de Guerra, Mr. Pete Hegseth (Peter Brian Hegseth), como del Ministro de Defensa de Chile, Sr. Fernando Barros Tocornal. <\/p>\n\n\n\n<p class=\"wp-block-paragraph\">Pete Hegseth no es un militar de profesi\u00f3n, pero si tiene una formaci\u00f3n universitaria civil, con componente militar ROTC.<\/p>\n\n\n\n<p class=\"wp-block-paragraph\">ROTC son las siglas de Reserve Officers\u2019 Training Corps (Cuerpo de Entrenamiento de Oficiales de la Reserva).<br>Es el programa universitario de los Estados Unidos que forma oficiales para las Fuerzas Armadas mientras el estudiante cursa una carrera civil. Al graduarse, el cadete se comisiona como oficial (normalmente teniente segundo) y entra al servicio activo, a la Reserva o a la Guardia Nacional, seg\u00fan el contrato que haya firmado.<\/p>\n\n\n\n<p class=\"wp-block-paragraph\"><br>C\u00f3mo funciona<\/p>\n\n\n\n<p class=\"wp-block-paragraph\"><br>El estudiante sigue su carrera normal (en el caso de Pete Hegseth, <strong>Pol\u00edtica en Princeton<\/strong>) y, en paralelo, recibe: <strong>1) instrucci\u00f3n militar<\/strong>: clases de liderazgo, t\u00e1ctica, \u00e9tica militar e historia y, <strong>2) Entrenamiento f\u00edsico<\/strong>: ejercicios de campo y, en verano, cursos intensivos (como el Advanced Camp del Ej\u00e9rcito), en muchos campus, uniforme uno o m\u00e1s d\u00edas a la semana. No es una academia militar tipo West Point. El alumno vive como universitario y el ROTC es un complemento. West Point, Annapolis o la Academia de la Fuerza A\u00e9rea forman oficiales a tiempo completo; el ROTC los forma \u201ca tiempo parcial\u201d en universidades civiles. <strong>3) Ramas<\/strong>: Hay programas de: Army ROTC (el que hizo Hegseth), Navy ROTC (incluye Marine Corps), Air Force ROTC (incluye Space Force en la pr\u00e1ctica). Cada universidad no tiene todas las ramas. Princeton ten\u00eda Army ROTC, que es por el que <strong>Hegseth se comision\u00f3 en 2003 como oficial de infanter\u00eda de la Army National Guard.<\/strong>. <strong>4) Compromiso<\/strong>:<br>Quien acepta una beca ROTC (o, en muchos casos, incluso sin beca si firma el contrato) se obliga a servir un n\u00famero de a\u00f1os tras graduarse. El tiempo var\u00eda seg\u00fan rama y tipo de contrato; suele ser de 4 a 8 a\u00f1os entre activo y reserva. En resumen: el ROTC es la v\u00eda m\u00e1s habitual para convertirse en oficial sin pasar por una academia de servicio. <strong>Combina un t\u00edtulo universitario civil con formaci\u00f3n militar b\u00e1sica y el grado de oficial al terminar la carrera.<\/strong><\/p>\n\n\n\n<p class=\"wp-block-paragraph\">El Secretario de Guerra Hegseth, tiene adem\u00e1s otros grados acad\u00e9micos:<\/p>\n\n\n\n<p class=\"wp-block-paragraph\">a- <strong>Forest Lake Area High School<\/strong> (Minnesota). Se gradu\u00f3 como valedictorian en 1999.<\/p>\n\n\n\n<p class=\"wp-block-paragraph\">b &#8211; <strong>Princeton University<\/strong> (2003): <strong>Bachelor of Arts en Politics<\/strong>. Tambi\u00e9n obtuvo certificados de la <strong>School of Public and International Affairs<\/strong> y de <strong>American Studies<\/strong>. Ingres\u00f3 al <strong>Army ROTC<\/strong> en el segundo a\u00f1o y se comision\u00f3 como <strong>teniente segundo de infanter\u00eda<\/strong> al graduarse. Fue editor\/publisher de The Princeton Tory. Su tesis de grado se titul\u00f3 Modern Presidential Rhetoric and the Cold War Context (ret\u00f3rica presidencial desde la Guerra Fr\u00eda a la \u201cguerra contra el terror\u201d).<\/p>\n\n\n\n<p class=\"wp-block-paragraph\">c &#8211; <strong>Harvard Kennedy School<\/strong> (2013): <strong>Master of Public Policy (MPP)<\/strong>. El trabajo capstone (policy analysis exercise) no vers\u00f3 sobre doctrina militar, sino sobre pol\u00edtica educativa en Minnesota (escuela p\u00fablica de matem\u00e1ticas y ciencias y cierre de brechas de rendimiento). A\u00f1os despu\u00e9s critic\u00f3 a Harvard y anunci\u00f3 que devolver\u00eda el diploma.<\/p>\n\n\n\n<p class=\"wp-block-paragraph\"><strong>Experiencia militar y habilidades operativas<\/strong>:<\/p>\n\n\n\n<p class=\"wp-block-paragraph\"> a &#8211; Sirvi\u00f3 en la Army National Guard (periodos 2003\u20132006, 2010\u20132014 y 2019\u20132021). <strong>El rango m\u00e1s alto que alcanz\u00f3 fue mayor<\/strong>. No fue oficial de carrera en servicio activo permanente ni comand\u00f3 batall\u00f3n o superior. <\/p>\n\n\n\n<p class=\"wp-block-paragraph\">b &#8211; <strong>Despliegues y funciones relevantes para defensa y seguridad:<\/strong> <strong>Guant\u00e1namo<\/strong> (JTF-GTMO), con unidad de la Guardia de Nueva Jersey \/ 101.\u00aa Aerotransportada<br>L\u00edder de pelot\u00f3n de infanter\u00eda; seguridad de detenidos (2004\u20132005). <strong>Irak<\/strong>, 3.er Batall\u00f3n, 187.\u00ba de Infanter\u00eda, 101.\u00aa Aerotransportada (2005\u20132006). <strong>Afganist\u00e1n<\/strong>, Minnesota Army National Guard (2912). Condecoraciones que el propio Departamento de Guerra lista: dos Bronze Star Medals, Joint Commendation Medal, dos Army Commendation Medals, Combat Infantryman Badge (CIB) y Expert Infantryman Badge (EIB). <\/p>\n\n\n\n<p class=\"wp-block-paragraph\"><strong>Las habilidades concretas que s\u00ed se desprenden de ese curriculum:<\/strong><\/p>\n\n\n\n<p class=\"wp-block-paragraph\">\u2022 Combate de infanter\u00eda a nivel de pelot\u00f3n (Irak).<\/p>\n\n\n\n<p class=\"wp-block-paragraph\">\u2022 Operaciones de detenci\u00f3n y seguridad en un teatro de contrainsurgencia (Guant\u00e1namo).<\/p>\n\n\n\n<p class=\"wp-block-paragraph\">\u2022 Operaciones c\u00edvico-militares \/ estabilizaci\u00f3n (Samarra).<\/p>\n\n\n\n<p class=\"wp-block-paragraph\">\u2022 Instrucci\u00f3n de contrainsurgencia a fuerzas locales (Kabul, fase de retirada).<\/p>\n\n\n\n<p class=\"wp-block-paragraph\">\u2022 Liderazgo de peque\u00f1as unidades y personal de Guardia Nacional.<\/p>\n\n\n\n<p class=\"wp-block-paragraph\"><strong>Pete Hegseth ha publicado cinco libros<\/strong>; el m\u00e1s citado en su biograf\u00eda oficial es <strong>The War on Warriors<\/strong> (2024, best-seller del New York Times), sobre lo que describe como erosi\u00f3n de la cultura de combate en las fuerzas armadas. Otros t\u00edtulos: <strong>Modern Warriors<\/strong>, <strong>American Crusade<\/strong>, <strong>Battle for the American Mind<\/strong>, <strong>In the Arena<\/strong>.<br><\/p>\n\n\n\n<p class=\"wp-block-paragraph\"><strong>CHILE. CURRICULUM DEL MINISTRO DE DEFENSA SR. FERNANDO BARROS TOCORNAL.<\/strong><\/p>\n\n\n\n<p class=\"wp-block-paragraph\">El actual ministro de Defensa Nacional de Chile es el Sr. Fernando Barros Tocornal, en el cargo desde el 11 de Marzo de 2026, en el gobierno del Presidente Jos\u00e9 Antonio Kast. Es un ministro civil: <strong>abogado tributarista<\/strong> y socio fundador de un gran estudio jur\u00eddico, no un oficial de las Fuerzas Armadas.<\/p>\n\n\n\n<p class=\"wp-block-paragraph\">El Ministro Barros <strong>NO tiene<\/strong> curr\u00edculum de ciencias militares, Academia de Guerra, Estado Mayor ni estudios de Defensa, seg\u00fan lo averiguado por mi y lo publicado en fuentes p\u00fablicas. <\/p>\n\n\n\n<p class=\"wp-block-paragraph\"><strong>Universidad de Chile, Facultad de Derecho. Examen de grado el 17 de Julio de 1980, nota 7,0. Memoria de t\u00edtulo: Estudio pr\u00e1ctico de las normas sobre defensa de la libre competencia, tambi\u00e9n con nota 7,0. Se titul\u00f3 de abogado ante la Corte Suprema en 1982, con distinci\u00f3n m\u00e1xima<\/strong>.<\/p>\n\n\n\n<p class=\"wp-block-paragraph\">Estudios internacionales: <\/p>\n\n\n\n<p class=\"wp-block-paragraph\">a &#8211; <strong>Harvard Law School<\/strong> (1993\u20131996): cursos de negociaci\u00f3n, no un LL.M. ni un programa de seguridad nacional. LL.M. es la abreviatura de Master of Laws (en lat\u00edn, Legum Magister). Es un m\u00e1ster en Derecho que se cursa despu\u00e9s de haberse titulado de abogado. En Estados Unidos y en varios pa\u00edses de tradici\u00f3n anglosajona el t\u00edtulo de abogado de grado es el J.D. (Juris Doctor). El LL.M. es un posgrado de uno o dos a\u00f1os, casi siempre especializado (tributario, internacional, corporativo, derechos humanos, etc.).<\/p>\n\n\n\n<p class=\"wp-block-paragraph\">b &#8211; <strong>London School of Economics<\/strong> (1998\u20131999): Visiting Scholar. Coincide con su estancia en Londres cuando Pinochet fue detenido. <\/p>\n\n\n\n<p class=\"wp-block-paragraph\">Ha sido <strong>decano de la Facultad de Derecho de la Universidad Finis Terrae<\/strong> (aprox. 2000\u20132003) y <strong>profesor de Derecho Comercial y Econ\u00f3mico en la Universidad Adolfo Ib\u00e1\u00f1ez<\/strong>.<\/p>\n\n\n\n<p class=\"wp-block-paragraph\">En s\u00edntesis: formaci\u00f3n de \u00e9lite en derecho, tributaci\u00f3n, corporativo y negociaci\u00f3n. <strong>Cero t\u00edtulos en estrategia, operaciones, Inteligencia o pol\u00edtica de Defensa.<\/strong><\/p>\n\n\n\n<p class=\"wp-block-paragraph\"><strong>Qu\u00e9 experiencia tiene (y no tiene) en defensa y seguridad:<\/strong><\/p>\n\n\n\n<p class=\"wp-block-paragraph\">No tiene carrera militar, mando de unidades, despliegues, condecoraciones de combate ni paso por el Estado Mayor Conjunto. <\/p>\n\n\n\n<p class=\"wp-block-paragraph\"><strong>Equivocadamente el Ministerio de Defensa chileno es, por dise\u00f1o, una cartera civil; la expertise castrense est\u00e1 en las subsecretar\u00edas y en el Alto Mando.<\/strong><\/p>\n\n\n\n<p class=\"wp-block-paragraph\">Como Ministro (Marzo\u2013Agosto 2026) ha representado a Chile en la Conferencia de Ministros de Defensa de las Am\u00e9ricas (Cusco) y en el Foro de la Coalici\u00f3n de las Am\u00e9ricas contra los Carteles (Panam\u00e1), y ha conducido la cuenta p\u00fablica de la cartera. La agenda incluye FFAA desplegadas en la macrozona sur, frontera norte e incendios, m\u00e1s el debate sobre el retiro gradual de militares del orden p\u00fablico<\/p>\n\n\n\n<p class=\"wp-block-paragraph\">Al parecer el Ministro Barros no fue avisado ni prevenido por sus asesores de la reacci\u00f3n negativa de los Estados Unidos y las consecuencias.<\/p>\n\n\n\n<p class=\"wp-block-paragraph\">Subsecretario de Defensa: Rodrigo \u00c1lvarez, vicealmirante (R). Escuela Naval (guardiamarina 1981), ingeniero en armas con menci\u00f3n electr\u00f3nica, mag\u00edster en Ciencias Navales y Mar\u00edtimas (Academia de Guerra Naval). Fue comandante en jefe de la Escuadra, subjete del EMCO y jefe del Estado Mayor Conjunto (2018\u20132020)<\/p>\n\n\n\n<p class=\"wp-block-paragraph\">Subsecretario para las Fuerzas Armadas: Christian Bol\u00edvar, general (R) del Ej\u00e9rcito. Casi 40 a\u00f1os de servicio; mag\u00edster en Defense Studies (King\u2019s College London), mag\u00edster en Ciencias Militares (Academia de Guerra del Ej\u00e9rcito) y posgrado en Seguridad en Harvard. Agregado militar en Reino Unido y director de Seguridad P\u00fablica de Las Condes antes del cargo.<\/p>\n\n\n\n<p class=\"wp-block-paragraph\">Por qu\u00e9 lo mencion\u00e9 en el caso de Barros:<\/p>\n\n\n\n<p class=\"wp-block-paragraph\">Harvard Law School s\u00ed ofrece un LL.M. prestigioso. Barros no lo curs\u00f3. Lo que hizo entre 1993 y 1996 fueron cursos de negociaci\u00f3n en esa facultad, no el m\u00e1ster. Por eso el texto dice \u201ccursos de negociaci\u00f3n, no un LL.M.\u201d: para no confundir una especializaci\u00f3n puntual con un t\u00edtulo de posgrado.<\/p>\n\n\n\n<p class=\"wp-block-paragraph\">En resumen: LL.M. = m\u00e1ster en Derecho para quien ya es abogado. Barros estudi\u00f3 en Harvard, pero no obtuvo ese grado.<\/p>\n","protected":false},"excerpt":{"rendered":"<p>Chile en problemas y tal como les anticip\u00e9 en 15 de Agosto de 2026 en este art\u00edculo \u2014&gt; Grave error geoestrat\u00e9gico de Chile. Oponerse al Plan de Defensa Hemisf\u00e9rica de los Estados Unidos. Autor, Jorge Auristondo Vilches. Especialista certificado en Defensa y Seguridad Nacional. Chile en problemas y tal como les anticip\u00e9 en 15 de &hellip; <a href=\"https:\/\/sicoterapia.org\/?p=9460\" class=\"more-link\">Sigue leyendo <span class=\"screen-reader-text\">Chile se cre\u00f3 sus propios conflictos con los Estados Unidos y ahora empez\u00f3 a pagar el precio. Argentina quiere el Estrecho de Magallanes.<\/span><\/a><\/p>\n","protected":false},"author":8706321,"featured_media":0,"comment_status":"closed","ping_status":"closed","sticky":false,"template":"","format":"standard","meta":{"_coblocks_attr":"","_coblocks_dimensions":"","_coblocks_responsive_height":"","_coblocks_accordion_ie_support":"","advanced_seo_description":"","jetpack_seo_html_title":"","jetpack_seo_noindex":false,"jetpack_seo_schema_type":"","_jetpack_newsletter_access":"","_jetpack_dont_email_post_to_subs":false,"_jetpack_newsletter_tier_id":0,"_jetpack_memberships_contains_paywalled_content":false,"_wpcom_ai_launchpad_first_post":false,"_jetpack_feature_clip_id":0,"_jetpack_memberships_contains_paid_content":false,"footnotes":"","jetpack_publicize_message":"","jetpack_publicize_feature_enabled":true,"jetpack_social_post_already_shared":true,"jetpack_social_options":{"image_generator_settings":{"template":"highway","default_image_id":0,"font":"","enabled":false},"version":2},"jetpack_post_was_ever_published":false},"categories":[2372,3503,798,6493,1149],"tags":[7520,56935,257589,189091,787829187,787829230,68395,787829231,47682298,167314],"class_list":["post-9460","post","type-post","status-publish","format-standard","hentry","category-economia","category-historia","category-politica","category-publicaciones","category-videos","tag-chile","tag-defensa","tag-democracia","tag-donald-trump","tag-economia","tag-escudo-de-las-americas","tag-estados-unidos","tag-jose-kast","tag-pentagono-2","tag-seguridad-nacional"],"jetpack_publicize_connections":[],"jetpack_likes_enabled":true,"jetpack_sharing_enabled":true,"jetpack_shortlink":"https:\/\/wp.me\/pzfQN-2sA","jetpack-related-posts":[],"jetpack_featured_media_url":"","_links":{"self":[{"href":"https:\/\/sicoterapia.org\/index.php?rest_route=\/wp\/v2\/posts\/9460","targetHints":{"allow":["GET"]}}],"collection":[{"href":"https:\/\/sicoterapia.org\/index.php?rest_route=\/wp\/v2\/posts"}],"about":[{"href":"https:\/\/sicoterapia.org\/index.php?rest_route=\/wp\/v2\/types\/post"}],"author":[{"embeddable":true,"href":"https:\/\/sicoterapia.org\/index.php?rest_route=\/wp\/v2\/users\/8706321"}],"replies":[{"embeddable":true,"href":"https:\/\/sicoterapia.org\/index.php?rest_route=%2Fwp%2Fv2%2Fcomments&post=9460"}],"version-history":[{"count":73,"href":"https:\/\/sicoterapia.org\/index.php?rest_route=\/wp\/v2\/posts\/9460\/revisions"}],"predecessor-version":[{"id":9551,"href":"https:\/\/sicoterapia.org\/index.php?rest_route=\/wp\/v2\/posts\/9460\/revisions\/9551"}],"wp:attachment":[{"href":"https:\/\/sicoterapia.org\/index.php?rest_route=%2Fwp%2Fv2%2Fmedia&parent=9460"}],"wp:term":[{"taxonomy":"category","embeddable":true,"href":"https:\/\/sicoterapia.org\/index.php?rest_route=%2Fwp%2Fv2%2Fcategories&post=9460"},{"taxonomy":"post_tag","embeddable":true,"href":"https:\/\/sicoterapia.org\/index.php?rest_route=%2Fwp%2Fv2%2Ftags&post=9460"}],"curies":[{"name":"wp","href":"https:\/\/api.w.org\/{rel}","templated":true}]}}