{"id":9280,"date":"2026-08-16T04:43:41","date_gmt":"2026-08-16T04:43:41","guid":{"rendered":"https:\/\/sicoterapia.org\/?p=9280"},"modified":"2026-08-16T05:26:06","modified_gmt":"2026-08-16T05:26:06","slug":"son-empresa-papa-leon-xiv-lanza-a-la-venta-monedas-de-oro-y-plata-con-su-rostro-igual-que-los-emperadores-romanos","status":"publish","type":"post","link":"https:\/\/sicoterapia.org\/?p=9280","title":{"rendered":"\u00a1Son empresa! Papa Le\u00f3n XIV lanza a la venta monedas de oro y plata con su rostro, igual que los emperadores romanos"},"content":{"rendered":"\n<p class=\"wp-block-paragraph\">El Vaticano ha sacado a la circulaci\u00f3n monedas de alt\u00edsimo precio para los coleccionistas interesados. <\/p>\n\n\n\n<hr class=\"wp-block-separator has-alpha-channel-opacity\"\/>\n\n\n\n<p class=\"wp-block-paragraph\">Articulo sobre la Religi\u00f3n, la Neurosis Obsesiva Universal. sicoterapia.org <\/p>\n\n\n\n<hr class=\"wp-block-separator has-alpha-channel-opacity\"\/>\n\n\n\n<p class=\"wp-block-paragraph\">Una moneda con el retrato del Papa Le\u00f3n XIV se ve en una imagen de la Gobernaci\u00f3n del Estado de la Ciudad del Vaticano.<\/p>\n\n\n\n<figure class=\"wp-block-image size-large\"><a href=\"https:\/\/i0.wp.com\/sicoterapia.org\/wp-content\/uploads\/2026\/08\/monedapapaleonxiv.jpg?ssl=1\"><img data-recalc-dims=\"1\" loading=\"lazy\" decoding=\"async\" width=\"656\" height=\"644\" data-attachment-id=\"9289\" data-permalink=\"https:\/\/sicoterapia.org\/?attachment_id=9289\" data-orig-file=\"https:\/\/i0.wp.com\/sicoterapia.org\/wp-content\/uploads\/2026\/08\/monedapapaleonxiv.jpg?fit=1029%2C1011&amp;ssl=1\" data-orig-size=\"1029,1011\" data-comments-opened=\"0\" data-image-meta=\"{&quot;aperture&quot;:&quot;0&quot;,&quot;credit&quot;:&quot;&quot;,&quot;camera&quot;:&quot;&quot;,&quot;caption&quot;:&quot;&quot;,&quot;created_timestamp&quot;:&quot;0&quot;,&quot;copyright&quot;:&quot;&quot;,&quot;focal_length&quot;:&quot;0&quot;,&quot;iso&quot;:&quot;0&quot;,&quot;shutter_speed&quot;:&quot;0&quot;,&quot;title&quot;:&quot;&quot;,&quot;orientation&quot;:&quot;0&quot;,&quot;alt&quot;:&quot;&quot;}\" data-image-title=\"monedapapaleonxiv\" data-image-description=\"\" data-image-caption=\"\" data-large-file=\"https:\/\/i0.wp.com\/sicoterapia.org\/wp-content\/uploads\/2026\/08\/monedapapaleonxiv.jpg?fit=656%2C644&amp;ssl=1\" src=\"https:\/\/i0.wp.com\/sicoterapia.org\/wp-content\/uploads\/2026\/08\/monedapapaleonxiv.jpg?resize=656%2C644&#038;ssl=1\" alt=\"\" class=\"wp-image-9289\" srcset=\"https:\/\/i0.wp.com\/sicoterapia.org\/wp-content\/uploads\/2026\/08\/monedapapaleonxiv.jpg?resize=1024%2C1006&amp;ssl=1 1024w, https:\/\/i0.wp.com\/sicoterapia.org\/wp-content\/uploads\/2026\/08\/monedapapaleonxiv.jpg?resize=300%2C295&amp;ssl=1 300w, https:\/\/i0.wp.com\/sicoterapia.org\/wp-content\/uploads\/2026\/08\/monedapapaleonxiv.jpg?resize=768%2C755&amp;ssl=1 768w, https:\/\/i0.wp.com\/sicoterapia.org\/wp-content\/uploads\/2026\/08\/monedapapaleonxiv.jpg?w=1029&amp;ssl=1 1029w\" sizes=\"auto, (max-width: 656px) 100vw, 656px\" \/><\/a><\/figure>\n\n\n\n<p class=\"wp-block-paragraph\"><\/p>\n\n\n\n<p class=\"wp-block-paragraph\">La Casa de la Moneda del Estado de la Ciudad del Vaticano ha emitido un nuevo conjunto de monedas para conmemorar el pontificado del Papa Le\u00f3n XIV y el A\u00f1o Jubilar de San Francisco de As\u00eds, s\u00edmbolo de la pobreza y el no materialismo.<\/p>\n\n\n\n<p class=\"wp-block-paragraph\">El conjunto inaugural de monedas en euros del pontificado del Papa Le\u00f3n presenta tanto el rostro como el escudo de armas del 267\u00ba sucesor de Pedro. El conjunto tambi\u00e9n incluye una moneda conmemorativa especial de cinco euros que representa el momento en que San Francisco renunci\u00f3 a sus posesiones mundanas ante el Obispo de As\u00eds para conmemorar el 800 aniversario de la muerte de San Francisco de As\u00eds en el lado opuesto del rostro del Papa Le\u00f3n.<\/p>\n\n\n\n<p class=\"wp-block-paragraph\">El actual conjunto de monedas conmemorativas, cuyo valor nominal es de 3,88 euros, est\u00e1 actualmente a la venta por 39 euros (unos 45 d\u00f3lares) en la p\u00e1gina web oficial de la oficina numism\u00e1tica del Vaticano. En 2009, el Vaticano acord\u00f3 poner en circulaci\u00f3n al menos el 51% de las monedas acu\u00f1adas a su valor nominal, en lugar de solo como objetos de colecci\u00f3n, lo que llev\u00f3 a las tiendas de regalos de los Museos Vaticanos y otros negocios del microestado a comenzar a dar monedas de 50 centavos con el escudo papal como cambio.<\/p>\n\n\n\n<p class=\"wp-block-paragraph\">La emisi\u00f3n oficial del Vaticano: se trata de una pieza de 2026, correspondiente al segundo a\u00f1o del pontificado de Le\u00f3n XIV, con la leyenda \u201cLEO XIV PP. ANNO II \u2013 MMXXVI\u201d. El programa numism\u00e1tico oficial del Vaticano incluye dos versiones de esta pieza: <strong>20 euros de plata y 50 euros de oro<\/strong>.<\/p>\n\n\n\n<p class=\"wp-block-paragraph\">El Vaticano replica la antigua tradici\u00f3n romana de acu\u00f1ar monedas con los rostros de los emperadores de turno. Aqu\u00ed dejo una muestra de monedas de oro y de plata del primer emperador romano Augusto (Octavio). <\/p>\n\n\n\n<figure class=\"wp-block-image size-large\"><a href=\"https:\/\/i0.wp.com\/sicoterapia.org\/wp-content\/uploads\/2026\/08\/monedacesaraugusto.jpg?ssl=1\"><img data-recalc-dims=\"1\" loading=\"lazy\" decoding=\"async\" width=\"656\" height=\"283\" data-attachment-id=\"9295\" data-permalink=\"https:\/\/sicoterapia.org\/?attachment_id=9295\" data-orig-file=\"https:\/\/i0.wp.com\/sicoterapia.org\/wp-content\/uploads\/2026\/08\/monedacesaraugusto.jpg?fit=1080%2C466&amp;ssl=1\" data-orig-size=\"1080,466\" data-comments-opened=\"0\" data-image-meta=\"{&quot;aperture&quot;:&quot;0&quot;,&quot;credit&quot;:&quot;&quot;,&quot;camera&quot;:&quot;&quot;,&quot;caption&quot;:&quot;&quot;,&quot;created_timestamp&quot;:&quot;0&quot;,&quot;copyright&quot;:&quot;&quot;,&quot;focal_length&quot;:&quot;0&quot;,&quot;iso&quot;:&quot;0&quot;,&quot;shutter_speed&quot;:&quot;0&quot;,&quot;title&quot;:&quot;&quot;,&quot;orientation&quot;:&quot;0&quot;,&quot;alt&quot;:&quot;&quot;}\" data-image-title=\"monedacesaraugusto\" data-image-description=\"\" data-image-caption=\"\" data-large-file=\"https:\/\/i0.wp.com\/sicoterapia.org\/wp-content\/uploads\/2026\/08\/monedacesaraugusto.jpg?fit=656%2C283&amp;ssl=1\" src=\"https:\/\/i0.wp.com\/sicoterapia.org\/wp-content\/uploads\/2026\/08\/monedacesaraugusto.jpg?resize=656%2C283&#038;ssl=1\" alt=\"\" class=\"wp-image-9295\" srcset=\"https:\/\/i0.wp.com\/sicoterapia.org\/wp-content\/uploads\/2026\/08\/monedacesaraugusto.jpg?resize=1024%2C442&amp;ssl=1 1024w, https:\/\/i0.wp.com\/sicoterapia.org\/wp-content\/uploads\/2026\/08\/monedacesaraugusto.jpg?resize=300%2C129&amp;ssl=1 300w, https:\/\/i0.wp.com\/sicoterapia.org\/wp-content\/uploads\/2026\/08\/monedacesaraugusto.jpg?resize=768%2C331&amp;ssl=1 768w, https:\/\/i0.wp.com\/sicoterapia.org\/wp-content\/uploads\/2026\/08\/monedacesaraugusto.jpg?w=1080&amp;ssl=1 1080w\" sizes=\"auto, (max-width: 656px) 100vw, 656px\" \/><\/a><\/figure>\n\n\n\n<p class=\"wp-block-paragraph\">Esta moneda es conocida como <strong>aureus de oro de Augusto <\/strong>(la moneda dorada), la moneda de la derecha es de plata y se llama <strong>denario<\/strong>.  La leyenda visible dice: <strong>AVGVSTVS DIVI F<\/strong>, que se traduce del lat\u00edn como \u201c<strong>Augusto, hijo del Divino<\/strong>\u201d, en referencia a su adopci\u00f3n testamentaria por Julio C\u00e9sar, quien fue divinizado mediante la Ley de la <strong>Apotheosis romana<\/strong>, que era <strong>la forma de convertir un hombre en Dios y divinizarlo. <\/strong><\/p>\n\n\n\n<p class=\"wp-block-paragraph\">Volviendo al nuevo emperador <strong>Le\u00f3n XIV<\/strong>, la moneda vaticana dice 2026, correspondiente al segundo a\u00f1o del pontificado de Le\u00f3n XIV, con la leyenda \u201c<strong>LEO XIV PP. ANNO II \u2013 MMXXVI<\/strong>\u201d, y viene en dos versiones: 20 euros de plata y 50 euros de oro. Adem\u00e1s el set BU de 2026 que contiene una moneda de \u20ac5 que conmemora la pobreza de San Francisco tiene un precio oficial de \u20ac59, y fue emitido el 15 de Junio de 2026, con una tirada total indicada de 6.226 ejemplares. La moneda tiene valor facial de \u20ac5, pero naturalmente su precio para coleccionistas es muy superior al facial. El Vaticano la identifica como una emisi\u00f3n especial por el 800.\u00ba aniversario de la muerte de San Francisco de As\u00eds. Una proyecci\u00f3n de los emisores garantiza unas ganancias fabulosas y magn\u00edficas en la venta de estas monedas que ya est\u00e1n siendo muy codiciadas y por los coleccionistas.<\/p>\n\n\n\n<p class=\"wp-block-paragraph\"><\/p>\n\n\n\n<p class=\"wp-block-paragraph\"><\/p>\n\n\n\n<p class=\"wp-block-paragraph\"><\/p>\n","protected":false},"excerpt":{"rendered":"<p>El Vaticano ha sacado a la circulaci\u00f3n monedas de alt\u00edsimo precio para los coleccionistas interesados. Articulo sobre la Religi\u00f3n, la Neurosis Obsesiva Universal. sicoterapia.org Una moneda con el retrato del Papa Le\u00f3n XIV se ve en una imagen de la Gobernaci\u00f3n del Estado de la Ciudad del Vaticano. La Casa de la Moneda del Estado &hellip; <a href=\"https:\/\/sicoterapia.org\/?p=9280\" class=\"more-link\">Sigue leyendo <span class=\"screen-reader-text\">\u00a1Son empresa! Papa Le\u00f3n XIV lanza a la venta monedas de oro y plata con su rostro, igual que los emperadores romanos<\/span><\/a><\/p>\n","protected":false},"author":8706321,"featured_media":0,"comment_status":"closed","ping_status":"closed","sticky":false,"template":"","format":"standard","meta":{"_coblocks_attr":"","_coblocks_dimensions":"","_coblocks_responsive_height":"","_coblocks_accordion_ie_support":"","advanced_seo_description":"","jetpack_seo_html_title":"","jetpack_seo_noindex":false,"jetpack_seo_schema_type":"","_jetpack_newsletter_access":"","_jetpack_dont_email_post_to_subs":false,"_jetpack_newsletter_tier_id":0,"_jetpack_memberships_contains_paywalled_content":false,"_wpcom_ai_launchpad_first_post":false,"_jetpack_feature_clip_id":0,"_jetpack_memberships_contains_paid_content":false,"footnotes":"","jetpack_publicize_message":"","jetpack_publicize_feature_enabled":true,"jetpack_social_post_already_shared":true,"jetpack_social_options":{"image_generator_settings":{"template":"highway","default_image_id":0,"font":"","enabled":false},"version":2},"jetpack_post_was_ever_published":false},"categories":[2372,3503,798,6493,116],"tags":[181979,162713,11716206,10990,104615,670363,787829199,787829182,4983159,62801,68546,18220],"class_list":["post-9280","post","type-post","status-publish","format-standard","hentry","category-economia","category-historia","category-politica","category-publicaciones","category-religion","tag-catolicismo","tag-comercio","tag-economia-2","tag-europa","tag-iglesia-catolica","tag-imperio-romano","tag-papa-leon-xiv","tag-religion","tag-religion-2","tag-roma","tag-vaticano","tag-wall-street"],"jetpack_publicize_connections":[],"jetpack_likes_enabled":true,"jetpack_sharing_enabled":true,"jetpack_shortlink":"https:\/\/wp.me\/pzfQN-2pG","jetpack-related-posts":[],"jetpack_featured_media_url":"","_links":{"self":[{"href":"https:\/\/sicoterapia.org\/index.php?rest_route=\/wp\/v2\/posts\/9280","targetHints":{"allow":["GET"]}}],"collection":[{"href":"https:\/\/sicoterapia.org\/index.php?rest_route=\/wp\/v2\/posts"}],"about":[{"href":"https:\/\/sicoterapia.org\/index.php?rest_route=\/wp\/v2\/types\/post"}],"author":[{"embeddable":true,"href":"https:\/\/sicoterapia.org\/index.php?rest_route=\/wp\/v2\/users\/8706321"}],"replies":[{"embeddable":true,"href":"https:\/\/sicoterapia.org\/index.php?rest_route=%2Fwp%2Fv2%2Fcomments&post=9280"}],"version-history":[{"count":20,"href":"https:\/\/sicoterapia.org\/index.php?rest_route=\/wp\/v2\/posts\/9280\/revisions"}],"predecessor-version":[{"id":9310,"href":"https:\/\/sicoterapia.org\/index.php?rest_route=\/wp\/v2\/posts\/9280\/revisions\/9310"}],"wp:attachment":[{"href":"https:\/\/sicoterapia.org\/index.php?rest_route=%2Fwp%2Fv2%2Fmedia&parent=9280"}],"wp:term":[{"taxonomy":"category","embeddable":true,"href":"https:\/\/sicoterapia.org\/index.php?rest_route=%2Fwp%2Fv2%2Fcategories&post=9280"},{"taxonomy":"post_tag","embeddable":true,"href":"https:\/\/sicoterapia.org\/index.php?rest_route=%2Fwp%2Fv2%2Ftags&post=9280"}],"curies":[{"name":"wp","href":"https:\/\/api.w.org\/{rel}","templated":true}]}}