{"id":9186,"date":"2026-08-15T21:48:39","date_gmt":"2026-08-15T21:48:39","guid":{"rendered":"https:\/\/sicoterapia.org\/?p=9186"},"modified":"2026-08-26T07:38:05","modified_gmt":"2026-08-26T07:38:05","slug":"grave-error-geoestrategico-de-chile-oponerse-al-plan-de-defensa-hemisferica-de-los-estados-unidos","status":"publish","type":"post","link":"https:\/\/sicoterapia.org\/?p=9186","title":{"rendered":"Grave error geoestrat\u00e9gico de Chile. Oponerse al Plan de Defensa Hemisf\u00e9rica de los Estados Unidos"},"content":{"rendered":"\n<p class=\"wp-block-paragraph\">Chile eligi\u00f3 una pol\u00edtica de directo enfrentamiento contra el actual plan de los Estados Unidos de guerra sin cuartel contra las organizaciones criminales y narcoterroristas que han asolado las democracias de Am\u00e9rica con un saldo de millones de muertos tanto por crimen organizado como por sobredosis de drogas. En el caso de Chile una estrategia m\u00e1s prudente habr\u00eda consistido en cooperar selectivamente en el plano operativo e inteligencia, mantener la soberan\u00eda jur\u00eddica interna y negociar condiciones de participaci\u00f3n en mecanismos colectivos, en lugar de erigir un rechazo casi total. La soberan\u00eda no se defiende mejor negando la realidad de la existencia de amenazas compartidas o rechazando herramientas que otros Estados ya est\u00e1n desplegando; se defiende preservando capacidad de acci\u00f3n y alianzas \u00fatiles frente a actores no estatales que no respetan las fronteras ni la vida ni la Democracia ni los principios multilaterales.<\/p>\n\n\n\n<hr class=\"wp-block-separator has-alpha-channel-opacity\"\/>\n\n\n\n<p class=\"wp-block-paragraph\">Autor, Jorge Auristondo Vilches. Especialista certificado en Seguridad y Defensa.<\/p>\n\n\n\n<hr class=\"wp-block-separator has-alpha-channel-opacity\"\/>\n\n\n\n<p class=\"wp-block-paragraph\">La <strong>pol\u00edtica de oposici\u00f3n sistem\u00e1tica<\/strong> de la autoridad de Defensa chilena (Ministro Fernando Barros Tocornal) a los planteamientos del Departamento de Guerra de los Estados Unidos sobre seguridad hemisf\u00e9rica y narcoterrorismo <strong>constituye un error estrat\u00e9gico de alto costo<\/strong>. No se trata de una defensa razonable de soberan\u00eda, sino de un alineamiento dogm\u00e1tico que <strong>sacrifica herramientas pr\u00e1cticas de seguridad colectiva, inteligencia y disuasi\u00f3n<\/strong> frente a redes transnacionales que ya operan desde hace a\u00f1os en Chile, sin obtener a cambio beneficios estrat\u00e9gicos equivalentes.<\/p>\n\n\n\n<p class=\"wp-block-paragraph\"><strong>EL GRAVE ERROR ESTRAT\u00c9GICO DE CHILE<\/strong><\/p>\n\n\n\n<p class=\"wp-block-paragraph\">Aqu\u00ed refrescamos las declaraciones del Ministro de Defensa de Chile, Sr. Fernando Barros Tocornal, desde el 11 de Marzo de 2026, en respuesta al discurso del Secretario de Guerra de los Estados Unidos, Mr. Pete Hegseth el 11 y 12 de Agosto de 2026 en Panam\u00e1. Hegseth impuls\u00f3 la iniciativa <strong>Escudo de las Am\u00e9ricas<\/strong>, mayor gasto en defensa y abandono de la Corte Penal Internacional (CPI). Barros respondi\u00f3 con una postura de rechazo amplio:<\/p>\n\n\n\n<p class=\"wp-block-paragraph\">\u2022 Chile \u201cno es el patio trasero de ning\u00fan pa\u00eds\u201d; las decisiones de defensa son soberanas seg\u00fan \u201csu realidad\u201d.<\/p>\n\n\n\n<p class=\"wp-block-paragraph\">\u2022 Chile solo act\u00faa como observador en Escudo de las Am\u00e9ricas; la decisi\u00f3n final se anunciar\u00eda en Noviembre de 2026.<\/p>\n\n\n\n<p class=\"wp-block-paragraph\">\u2022 Rechazo a imposiciones de gasto militar.<\/p>\n\n\n\n<p class=\"wp-block-paragraph\">\u2022 Mantenci\u00f3n de la adhesi\u00f3n a la CPI (competencia de Canciller\u00eda).<\/p>\n\n\n\n<p class=\"wp-block-paragraph\">\u2022 Diferenciaci\u00f3n expl\u00edcita entre crimen organizado y terrorismo; oposici\u00f3n a la narrativa estadounidense de \u201cnarcoterrorismo\u201d.<\/p>\n\n\n\n<p class=\"wp-block-paragraph\">\u2022 Cr\u00edtica a aranceles estadounidenses a productos chilenos como \u201cinjustos\u201d y contrarios a la confianza bilateral.<\/p>\n\n\n\n<p class=\"wp-block-paragraph\"><strong>LA POLITICA DE SEGURIDAD HEMISF\u00c9RICA DE LOS ESTADOS UNIDOS <\/strong><\/p>\n\n\n\n<p class=\"wp-block-paragraph\">El gobierno del Presidente Donald Trump \u2014 bajo la Orden Ejecutiva 14157 del 20 de Enero de 2025 y actualizaciones posteriores hasta Julio 2026 \u2014, y el Departamento de Guerra bajo la direcci\u00f3n del Secretario Mr. Pete Hegseth han declarado al menos 18 organizaciones como <strong>Organizaci\u00f3n Terrorista Extranjera (FTO)<\/strong> y\/u <strong>Organizaci\u00f3n<\/strong> <strong>Terrorista Global Especialmente Designado (SDGT)<\/strong>, varias de las cuales <strong>operan contra la Democracia y el pueblo chileno<\/strong> desde hace a\u00f1os: C\u00e1rtel de Sinaloa, CJNG, C\u00e1rtel del Noreste (ex-Zetas), C\u00e1rtel del Golfo, Nueva Familia Michoacana, C\u00e1rteles Unidos, C\u00e1rtel de Ju\u00e1rez, Los Viagras, Tren de Aragua, C\u00e1rtel de los Soles, MS-13, Barrio 18, Clan del Golfo, Los Choneros, Los Lobos, Chone Killers, PCC y Comando Vermelho.<\/p>\n\n\n\n<p class=\"wp-block-paragraph\"><strong>CHILE SE OPONE A RECONOCER EL CAR\u00c1CTER TERRORISTA DEL NARCOTERRORISMO INTERNACIONAL<\/strong><\/p>\n\n\n\n<p class=\"wp-block-paragraph\"><strong>Chile no ha reconocido oficialmente a ninguno de estos 18 grupos como terroristas<\/strong>. Adhiere exclusivamente a la lista del Consejo de Seguridad de la ONU. En Chile la <strong>Ley N\u00b0 21.732<\/strong> define conductas terroristas, pero no autoriza un listado administrativo; solo los tribunales pueden calificarlas en procesos judiciales. Los grupos son perseguidos como delincuencia organizada transnacional, asociaci\u00f3n il\u00edcita, tr\u00e1fico, trata y lavado. \u00danicamente tres organizaciones locales mapuche han sido calificadas judicialmente bajo la ley antiterrorista chilena. <strong>Una resoluci\u00f3n no vinculante de la C\u00e1mara de Diputados de Chile  (Julio 2026) pidi\u00f3 declarar terrorista al Tren de Aragua, pero el Ejecutivo no lo ha hecho.<\/strong><\/p>\n\n\n\n<figure class=\"wp-block-image size-large\"><a href=\"https:\/\/i0.wp.com\/sicoterapia.org\/wp-content\/uploads\/2026\/08\/geo9oliticach8le.jpg?ssl=1\"><img data-recalc-dims=\"1\" loading=\"lazy\" decoding=\"async\" width=\"656\" height=\"978\" data-attachment-id=\"9221\" data-permalink=\"https:\/\/sicoterapia.org\/?attachment_id=9221\" data-orig-file=\"https:\/\/i0.wp.com\/sicoterapia.org\/wp-content\/uploads\/2026\/08\/geo9oliticach8le.jpg?fit=784%2C1168&amp;ssl=1\" data-orig-size=\"784,1168\" data-comments-opened=\"0\" data-image-meta=\"{&quot;aperture&quot;:&quot;0&quot;,&quot;credit&quot;:&quot;d0dde755-0931-48f4-8bb5-43476b8d23a2&quot;,&quot;camera&quot;:&quot;&quot;,&quot;caption&quot;:&quot;Signature: dHNjr0\/2yhqACG7iZPFFphwKrBw4i+tTa15NpefNxHpoY6zgCeLCNJGUg5XSd77Z4QojQrYME0ZhrRyaZjFFvREikMun7v\/SpdtKRH3xRD83dDPy5ei3gzGW0O4Pnh2TUJvcsufo1ifyUr4gOpcSxBF+Pny7v4DfZcRKaEMMc\/YXvCDqT5l+ZrR1SFOgYkrj9NjDjk9dz6L8SpXXPYK0szLd9wsVnoZb6smJIqYiGCEJethQoG38gLg43ZMKO12gqAWE7Ce+kkJ2S5BxbeYaiz1S+ShefgI30zlA4wU\/rYC\/kL4EkJpUKNDBNSeAzS0dfQGzbtCb2B3lkk4jh1BcaW1qQdx8hCUqERGsI4AflGVfhDIbjghE8BU+rI2Rv61U+3uaCQxJnQ3hGyG5QFWR1qraz4UjMnpIwmEtfHiCp2fbtkJK9nFIz03PpE3wNQT4fhiTs8zjVKh\/L1X2t5E7Jn5QdowLJ+gzRiQ8GBmNigA22dAqCHLsWRKygOs7VzHlUvuWXY7oSWGiTwHyIH1raH4zZYkRnlQTKM24pGM75cR42FBFlNZ0qOObVz79pexBNCoX1i8MlzhRd2aOzNzapTE1fPsts2XZkkPj50WSvHEEmD4W1kkYGxciIUUGHTrhO6vXdawmgyw5A0nKaOAzIE5Y1U8vqFR8c4GknSIOt+AecFpz4pCMs93scVjzJ9LIBowOmKGNKyhoB2pKaCRECCZ+qVlOUkozQubsjU\/CAzhNWE1bBDLfxRUvA\/geMaowKpTDj71xuxfp+aLSzJ1X8GHCXNaFvgDuFHAUZU\/wLoTSsOdYcRSTVcNQ56\/sCmaYbpmFYJ6bqDi+YS8qUu24D4\/nfgKApfGvBwkJ9BdrvevxeTh\/+aO6AQbq8iL5PfPlnwWePh+YoM\/kWIGJVwkjRCGm9ljarVEZNYjQPgxMRviNUAGhRXR\/da6Cn5PQFaNN9hBvvJavFcrLHhGFAU4xw3CLrBJNCNBNXR8vnw+DbMA=&quot;,&quot;created_timestamp&quot;:&quot;0&quot;,&quot;copyright&quot;:&quot;&quot;,&quot;focal_length&quot;:&quot;0&quot;,&quot;iso&quot;:&quot;0&quot;,&quot;shutter_speed&quot;:&quot;0&quot;,&quot;title&quot;:&quot;&quot;,&quot;orientation&quot;:&quot;0&quot;,&quot;alt&quot;:&quot;&quot;}\" data-image-title=\"geo9oliticach8le\" data-image-description=\"\" data-image-caption=\"&lt;p&gt;Signature: dHNjr0\/2yhqACG7iZPFFphwKrBw4i+tTa15NpefNxHpoY6zgCeLCNJGUg5XSd77Z4QojQrYME0ZhrRyaZjFFvREikMun7v\/SpdtKRH3xRD83dDPy5ei3gzGW0O4Pnh2TUJvcsufo1ifyUr4gOpcSxBF+Pny7v4DfZcRKaEMMc\/YXvCDqT5l+ZrR1SFOgYkrj9NjDjk9dz6L8SpXXPYK0szLd9wsVnoZb6smJIqYiGCEJethQoG38gLg43ZMKO12gqAWE7Ce+kkJ2S5BxbeYaiz1S+ShefgI30zlA4wU\/rYC\/kL4EkJpUKNDBNSeAzS0dfQGzbtCb2B3lkk4jh1BcaW1qQdx8hCUqERGsI4AflGVfhDIbjghE8BU+rI2Rv61U+3uaCQxJnQ3hGyG5QFWR1qraz4UjMnpIwmEtfHiCp2fbtkJK9nFIz03PpE3wNQT4fhiTs8zjVKh\/L1X2t5E7Jn5QdowLJ+gzRiQ8GBmNigA22dAqCHLsWRKygOs7VzHlUvuWXY7oSWGiTwHyIH1raH4zZYkRnlQTKM24pGM75cR42FBFlNZ0qOObVz79pexBNCoX1i8MlzhRd2aOzNzapTE1fPsts2XZkkPj50WSvHEEmD4W1kkYGxciIUUGHTrhO6vXdawmgyw5A0nKaOAzIE5Y1U8vqFR8c4GknSIOt+AecFpz4pCMs93scVjzJ9LIBowOmKGNKyhoB2pKaCRECCZ+qVlOUkozQubsjU\/CAzhNWE1bBDLfxRUvA\/geMaowKpTDj71xuxfp+aLSzJ1X8GHCXNaFvgDuFHAUZU\/wLoTSsOdYcRSTVcNQ56\/sCmaYbpmFYJ6bqDi+YS8qUu24D4\/nfgKApfGvBwkJ9BdrvevxeTh\/+aO6AQbq8iL5PfPlnwWePh+YoM\/kWIGJVwkjRCGm9ljarVEZNYjQPgxMRviNUAGhRXR\/da6Cn5PQFaNN9hBvvJavFcrLHhGFAU4xw3CLrBJNCNBNXR8vnw+DbMA=&lt;\/p&gt;\n\" data-large-file=\"https:\/\/i0.wp.com\/sicoterapia.org\/wp-content\/uploads\/2026\/08\/geo9oliticach8le.jpg?fit=656%2C978&amp;ssl=1\" src=\"https:\/\/i0.wp.com\/sicoterapia.org\/wp-content\/uploads\/2026\/08\/geo9oliticach8le.jpg?resize=656%2C978&#038;ssl=1\" alt=\"\" class=\"wp-image-9221\" srcset=\"https:\/\/i0.wp.com\/sicoterapia.org\/wp-content\/uploads\/2026\/08\/geo9oliticach8le.jpg?resize=687%2C1024&amp;ssl=1 687w, https:\/\/i0.wp.com\/sicoterapia.org\/wp-content\/uploads\/2026\/08\/geo9oliticach8le.jpg?resize=201%2C300&amp;ssl=1 201w, https:\/\/i0.wp.com\/sicoterapia.org\/wp-content\/uploads\/2026\/08\/geo9oliticach8le.jpg?resize=768%2C1144&amp;ssl=1 768w, https:\/\/i0.wp.com\/sicoterapia.org\/wp-content\/uploads\/2026\/08\/geo9oliticach8le.jpg?w=784&amp;ssl=1 784w\" sizes=\"auto, (max-width: 656px) 100vw, 656px\" \/><\/a><\/figure>\n\n\n\n<p class=\"wp-block-paragraph\"><\/p>\n\n\n\n<p class=\"wp-block-paragraph\"><strong>POR QU\u00c9 LA OPOSICI\u00d3N TOTAL DE CHILE ES UN GRAVE ERROR GEOPOL\u00cdTICO Y ESTRAT\u00c9GICO<\/strong><\/p>\n\n\n\n<p class=\"wp-block-paragraph\"><strong>1 &#8211; La postura chilena eleva principios formales (soberan\u00eda absoluta, multilateralismo puro, distinci\u00f3n legal r\u00edgida) por encima de la realidad operativa de amenazas transnacionales<\/strong>. <\/p>\n\n\n\n<p class=\"wp-block-paragraph\"><strong>2 &#8211; Los Estados Unidos ha convertido el combate al narcotr\u00e1fico armado y a redes de violencia extrema en un eje prioritario de su pol\u00edtica hemisf\u00e9rica de Seguridad y Defensa de la Democracia y el Orden de la Justicia. <\/strong><\/p>\n\n\n\n<p class=\"wp-block-paragraph\"><strong>Designar a estos grupos como terroristas habilita herramientas que el marco de \u201cdelincuencia organizada\u201d no otorga con la misma fuerza: congelamiento de activos en jurisdicci\u00f3n estadounidense, restricciones de visado y transacciones, prioritizaci\u00f3n en cooperaci\u00f3n policial y militar, y posibles operaciones bajo l\u00f3gicas de contrainsurgencia y antiterrorismo.<\/strong><\/p>\n\n\n\n<p class=\"wp-block-paragraph\"><strong>3 &#8211; Oponerse \u201cen todo\u201d (gasto, narrativa de narcoterrorismo, mecanismo colectivo, lista de designaciones, CPI) genera tres problemas estructurales:<\/strong><\/p>\n\n\n\n<p class=\"wp-block-paragraph\"><strong>a &#8211; P\u00e9rdida de interdependencia asim\u00e9trica \u00fatil<\/strong>. Chile depende de los Estados Unidos en inteligencia sobre flujos de fentanilo, precursoras, rutas mar\u00edtimas y lavado, as\u00ed como en material y entrenamiento policial y militar. Una oposici\u00f3n sistem\u00e1tica erosiona la disposici\u00f3n estadounidense a compartir informaci\u00f3n sensible o a priorizar a Chile en ejercicios y asistencia.<\/p>\n\n\n\n<p class=\"wp-block-paragraph\"><strong>b &#8211; Aislamiento relativo en un esquema colectivo emergente<\/strong>. Si el <strong>Escudo de las Am\u00e9ricas<\/strong> avanza con otros pa\u00edses de la regi\u00f3n como hoy lo hacen Colombia, Ecuador y Per\u00fa, pero Chile act\u00faa como mero observador (o eventual no-participante) <strong>queda fuera de los mecanismos de coordinaci\u00f3n, de la alerta temprana y de la respuesta conjunta<\/strong>. Las redes listadas (especialmente Tren de Aragua, CJNG, PCC y grupos ecuatorianos) ya tienen presencia o proyecci\u00f3n en el Cono Sur. La negativa a adoptar la calificaci\u00f3n terrorista limita el uso de instrumentos internacionales de presi\u00f3n financiera y judicial que los Estados Unidos s\u00ed est\u00e1 aplicando.<\/p>\n\n\n\n<p class=\"wp-block-paragraph\"><strong>c &#8211; Confusi\u00f3n entre autonom\u00eda formal y capacidad real<\/strong>. Rechazar la narrativa de \u201cnarcoterrorismo\u201d y las designaciones unilaterales protege el principio de legalidad y evita la politizaci\u00f3n, pero ignora que la violencia de estos grupos (ataques a fuerzas p\u00fablicas, control territorial, expansi\u00f3n carcelaria, sicariato, miner\u00eda ilegal) ya produce efectos equivalentes a los de organizaciones terroristas en t\u00e9rminos de desestabilizaci\u00f3n local y erosi\u00f3n de monopolio estatal de la fuerza. Mantener la distinci\u00f3n jur\u00eddica interna es leg\u00edtimo; convertirla en veto autom\u00e1tico a toda cooperaci\u00f3n hemisf\u00e9rica es estrat\u00e9gicamente costoso.<\/p>\n\n\n\n<p class=\"wp-block-paragraph\"><strong>CAUSA Y EFECTO: CHILE PAGAR\u00c1 UN ALTO PRECIO POR ESTE GRAVE ERROR GEOPOL\u00cdTICO Y ESTRAT\u00c9GICO <\/strong><\/p>\n\n\n\n<p class=\"wp-block-paragraph\"><strong>1 &#8211; Deterioro de la relaci\u00f3n bilateral de seguridad<\/strong>: Las se\u00f1ales indirectas ya existen (cr\u00edticas del embajador estadounidense Brandon Judd a las declaraciones p\u00fablicas de funcionarios no comerciales; la continuidad de la promoci\u00f3n del Escudo de las Am\u00e9ricas sin atender las objeciones chilenas). <\/p>\n\n\n\n<p class=\"wp-block-paragraph\">Una oposici\u00f3n prolongada puede traducirse en menor prioridad para Chile en cooperaci\u00f3n militar \u2014 la Fuerza A\u00e9rea de Chile (FACH) est\u00e1 negociando desde hace un a\u00f1o la compra de una flota de aviones caza bombarderos F35 Lightning II, el m\u00e1s moderno del mundo, en momentos que la Armada y el Ej\u00e9rcito de Chile sufren una grave pobreza por las pol\u00edticas antichilenas de los gobiernos comunistas de Michelle Bachelet y de Gabriel Boric, \u2014. Con la torpe decisi\u00f3n del Ministro de Defensa de Chile, tambien sufrir\u00e1 la colaboraci\u00f3n en inteligencia y posiblemente en el tratamiento de aranceles y acceso a los mercados. Los documentos americanos registran la cr\u00edtica chilena a los aranceles como da\u00f1o a la confianza; la reciprocidad negativa es un riesgo real.<\/p>\n\n\n\n<p class=\"wp-block-paragraph\"><strong>2 &#8211; Mayor vulnerabilidad a redes transnacionales<\/strong>: Sin alineamiento en designaciones y mecanismos colectivos, Chile enfrenta estas organizaciones narcoterroristas con ineficientes e ineficaces herramientas nacionales y de \u201cdelincuencia organizada\u201d. Eso es insuficiente cuando los grupos operan con estructuras multinacionales, control de rutas y capacidad de corromper o intimidar instituciones. El Tren de Aragua y grupos mexicanos\/brasile\u00f1os ya demuestran proyecci\u00f3n regional; la negativa a la calificaci\u00f3n terrorista reduce opciones de cooperaci\u00f3n internacional reforzada.<\/p>\n\n\n\n<p class=\"wp-block-paragraph\"><strong>3 &#8211; Aislamiento pol\u00edtico-diplom\u00e1tico relativo<\/strong>: Si otros pa\u00edses de Am\u00e9rica Latina se suman a Escudo de las Am\u00e9ricas o adoptan parcialmente las designaciones estadounidenses, Chile aparece como el socio m\u00e1s reticente. En un contexto de rivalidad estrat\u00e9gica mayor (competencia con China y otros actores), distanciarse del principal poder militar del hemisferio sin un ancla de seguridad alternativo equivalente debilita la posici\u00f3n negociadora chilena.<\/p>\n\n\n\n<p class=\"wp-block-paragraph\"><strong>4 &#8211; Riesgos econ\u00f3micos y de percepci\u00f3n<\/strong>: La cr\u00edtica a los aranceles de los Estados Unidos y la defensa de la fallida Corte Penal Internacional (CPI) pueden leerse en Washington como se\u00f1ales de desalineamiento m\u00e1s amplio. En un entorno de administraci\u00f3n estadounidense priorizando \u201cAmerica First\u201d hemisf\u00e9rico, esto puede afectar inversiones, acceso a tecnolog\u00eda de defensa y tratamiento preferencial.<\/p>\n\n\n\n<p class=\"wp-block-paragraph\"><strong>5 &#8211; Presi\u00f3n dom\u00e9stica futura<\/strong>: Si la violencia de estos grupos  narcoterroristas se intensifica en territorio chileno o en zonas fronterizas, la negativa a adoptar herramientas m\u00e1s robustas (aunque sean de origen unilateral) puede generar cuestionamientos internos sobre la suficiencia de la pol\u00edtica de seguridad.<\/p>\n\n\n\n<p class=\"wp-block-paragraph\"><strong>Consideraciones finales<\/strong><\/p>\n\n\n\n<p class=\"wp-block-paragraph\">Los documentos oficiales no registran una respuesta oficial directa de los Estados Unidos al Ministro de Defensa chileno Sr. Fernando Barros Tocornal hasta el 14 de Agosto de 2026, lo que indica que la fricci\u00f3n a\u00fan es manejable. Sin embargo, la combinaci\u00f3n de rechazo a la narrativa de narcoterrorismo, a las designaciones, al aumento de gasto en Defensa y Seguridad, a la participaci\u00f3n plena en el Escudo de las Am\u00e9ricas y a cualquier presi\u00f3n sobre la corrupta Corte Penal Internacional (CPI) configura una pol\u00edtica de oposici\u00f3n frontal.<\/p>\n\n\n\n<p class=\"wp-block-paragraph\">Una estrategia m\u00e1s prudente habr\u00eda consistido en cooperar selectivamente en el plano operativo e inteligencia, mantener la soberan\u00eda jur\u00eddica interna y negociar condiciones de participaci\u00f3n en mecanismos colectivos, en lugar de erigir un rechazo casi total. La soberan\u00eda no se defiende mejor negando la realidad de la existencia de amenazas compartidas o rechazando herramientas que otros Estados ya est\u00e1n desplegando; se defiende preservando capacidad de acci\u00f3n y alianzas \u00fatiles frente a actores no estatales que no respetan las fronteras ni la vida ni la Democracia ni los principios multilaterales.<\/p>\n\n\n\n<p class=\"wp-block-paragraph\">La pol\u00edtica actual de Chile prioriza la pureza doctrinal sobre la eficacia estrat\u00e9gica y expone a Chile a costos de aislamiento y menor capacidad de respuesta que no parecen compensados por ganancias equivalentes en autonom\u00eda real.<\/p>\n\n\n\n<p class=\"wp-block-paragraph\"><strong>MUERTES POR NARCOTERRORISMO, CRIMEN ORGANIZADO Y CONSUMO DE DROGAS SON UN GENOCIDIO Y DAN LA RAZ\u00d3N ABSOLUTA A LA OPERACI\u00d3N MILITAR \u00abESCUDO DE LAS AM\u00c9RICAS\u00bb DE LOS ESTADOS UNIDOS<\/strong><\/p>\n\n\n\n<p class=\"wp-block-paragraph\">Aqu\u00ed entrego las cifras aproximadas de muertos en los \u00faltimos 10 a\u00f1os, desde 2016 al 2025\/2026, por acci\u00f3n directa de los grupos terroristas, narcoterroristas, del crimen organizado y muertes por sobredosis de drogas ilegales, principalmente opioides\/fentanilo y estimulantes, en todo el continente americano.<\/p>\n\n\n\n<p class=\"wp-block-paragraph\"><strong>Solo en Norteam\u00e9rica ya se supera el mill\u00f3n de muertes por sobredosis en la d\u00e9cada<\/strong>.<\/p>\n\n\n\n<p class=\"wp-block-paragraph\"><strong>1 &#8211; Estados Unidos<\/strong>: aproximadamente 850.000 a m\u00e1s de 950.000 muertes por sobredosis de drogas. Los a\u00f1os pico superaron las 100.000-110.000 anuales (2021-2023); luego bajaron a alrededor de 70.000-80.000 en 2024-2025.<\/p>\n\n\n\n<p class=\"wp-block-paragraph\">2 &#8211; Canad\u00e1: m\u00e1s de 56.600 muertes aparentes por toxicidad de opioides solo entre enero 2016 y diciembre 2025.<\/p>\n\n\n\n<p class=\"wp-block-paragraph\"><strong>Homicidios en Am\u00e9rica Latina y el Caribe, incluido M\u00e9xico:<\/strong><\/p>\n\n\n\n<p class=\"wp-block-paragraph\"><strong>1 &#8211; La regi\u00f3n registra consistentemente del orden de 100.000 a 120.000+ homicidios intencionales por a\u00f1o en los \u00faltimos a\u00f1os<\/strong> (ej. al menos 121.000 en 2024 y cerca de 109.000 en 2025 seg\u00fan InSight Crime).<\/p>\n\n\n\n<p class=\"wp-block-paragraph\"><strong>2 &#8211; En una d\u00e9cada eso suma f\u00e1cilmente m\u00e1s de 1 mill\u00f3n de homicidios<\/strong>. M\u00e9xico solo supera las 300.000 muertes violentas en el \u00faltimo decenio, y una proporci\u00f3n muy elevada (estimaciones frecuentes entre la mitad y dos tercios en varios a\u00f1os) est\u00e1 vinculada a c\u00e1rteles y crimen organizado.<\/p>\n\n\n\n<p class=\"wp-block-paragraph\"><strong>3 &#8211; Brasil, Colombia, Ecuador<\/strong> (con picos recientes muy altos), <strong>Venezuela, Centroam\u00e9rica y el Caribe<\/strong> aportan cientos de miles m\u00e1s. Una parte sustancial de estos homicidios est\u00e1 asociada a disputas de c\u00e1rteles, pandillas (MS-13, Barrio 18, Tren de Aragua, etc.), control de rutas de droga, extorsi\u00f3n y sicariato.<\/p>\n\n\n\n<p class=\"wp-block-paragraph\"><strong>Totales combinados<\/strong><\/p>\n\n\n\n<p class=\"wp-block-paragraph\">Sumando sobredosis de drogas (principalmente Norteam\u00e9rica) + homicidios en el conjunto de las Am\u00e9ricas (con fuerte componente de crimen organizado y tr\u00e1fico de drogas en M\u00e9xico, Centroam\u00e9rica, el Caribe y varios pa\u00edses de Sudam\u00e9rica, <strong>incluido Chile<\/strong>), el saldo de la d\u00e9cada <strong>supera con claridad el mill\u00f3n y se sit\u00faa en el rango de los 2 millones o m\u00e1s<\/strong>, seg\u00fan c\u00f3mo se delimite el \u201cvinculado a\u201d.<\/p>\n\n\n\n<p class=\"wp-block-paragraph\">No se contabilizan en esta lista las decenas de miles de v\u00edctimas \u00abdesaparecidos\u00bb o \u00abdesapariciones forzadas\u00bb por secuestros del crimen organizado y el narcoterrorismo.<\/p>\n\n\n\n<p class=\"wp-block-paragraph\">Tampoco he incluido en este conteo las muertes indirectas (enfermedades asociadas al consumo de drogas ilegales, la violencia dom\u00e9stica vinculada, etc.).<\/p>\n\n\n\n<p class=\"wp-block-paragraph\"><strong>VER M\u00c1S ART\u00cdCULOS SOBRE ESTE TEMA:<\/strong><\/p>\n\n\n\n<p class=\"wp-block-paragraph\"><strong><a href=\"https:\/\/sicoterapia.org\/?p=9460\" data-type=\"link\" data-id=\"https:\/\/sicoterapia.org\/?p=9460\">Chile se cre\u00f3 sus propios conflictos con los Estados Unidos y ahora empez\u00f3 a pagar el precio. Argentina quiere el Estrecho de Magallanes.<\/a><\/strong><\/p>\n\n\n\n<p class=\"wp-block-paragraph\"><\/p>\n","protected":false},"excerpt":{"rendered":"<p>Chile eligi\u00f3 una pol\u00edtica de directo enfrentamiento contra el actual plan de los Estados Unidos de guerra sin cuartel contra las organizaciones criminales y narcoterroristas que han asolado las democracias de Am\u00e9rica con un saldo de millones de muertos tanto por crimen organizado como por sobredosis de drogas. En el caso de Chile una estrategia &hellip; <a href=\"https:\/\/sicoterapia.org\/?p=9186\" class=\"more-link\">Sigue leyendo <span class=\"screen-reader-text\">Grave error geoestrat\u00e9gico de Chile. Oponerse al Plan de Defensa Hemisf\u00e9rica de los Estados Unidos<\/span><\/a><\/p>\n","protected":false},"author":8706321,"featured_media":0,"comment_status":"closed","ping_status":"closed","sticky":false,"template":"","format":"standard","meta":{"_coblocks_attr":"","_coblocks_dimensions":"","_coblocks_responsive_height":"","_coblocks_accordion_ie_support":"","advanced_seo_description":"","jetpack_seo_html_title":"","jetpack_seo_noindex":false,"jetpack_seo_schema_type":"","_jetpack_newsletter_access":"","_jetpack_dont_email_post_to_subs":false,"_jetpack_newsletter_tier_id":0,"_jetpack_memberships_contains_paywalled_content":false,"_wpcom_ai_launchpad_first_post":false,"_jetpack_feature_clip_id":0,"_jetpack_memberships_contains_paid_content":false,"footnotes":"","jetpack_publicize_message":"","jetpack_publicize_feature_enabled":true,"jetpack_social_post_already_shared":true,"jetpack_social_options":{"image_generator_settings":{"template":"highway","default_image_id":0,"font":"","enabled":false},"version":2},"jetpack_post_was_ever_published":false},"categories":[2372,3503,798,6493],"tags":[7520,787829213,821198,56935,787829227,189091,68395,36339900,787829226,1005848,787829228,854903,900370],"class_list":["post-9186","post","type-post","status-publish","format-standard","hentry","category-economia","category-historia","category-politica","category-publicaciones","tag-chile","tag-crimen-internacional","tag-crimen-organizado","tag-defensa","tag-defensa-hemisferica-2","tag-donald-trump","tag-estados-unidos","tag-geopolitica-2","tag-guerra-contra-el-crimen","tag-guerra-mundial","tag-narcoterrorismo","tag-pentagono","tag-terrorismo-internacional"],"jetpack_publicize_connections":[],"jetpack_likes_enabled":true,"jetpack_sharing_enabled":true,"jetpack_shortlink":"https:\/\/wp.me\/pzfQN-2oa","jetpack-related-posts":[],"jetpack_featured_media_url":"","_links":{"self":[{"href":"https:\/\/sicoterapia.org\/index.php?rest_route=\/wp\/v2\/posts\/9186","targetHints":{"allow":["GET"]}}],"collection":[{"href":"https:\/\/sicoterapia.org\/index.php?rest_route=\/wp\/v2\/posts"}],"about":[{"href":"https:\/\/sicoterapia.org\/index.php?rest_route=\/wp\/v2\/types\/post"}],"author":[{"embeddable":true,"href":"https:\/\/sicoterapia.org\/index.php?rest_route=\/wp\/v2\/users\/8706321"}],"replies":[{"embeddable":true,"href":"https:\/\/sicoterapia.org\/index.php?rest_route=%2Fwp%2Fv2%2Fcomments&post=9186"}],"version-history":[{"count":83,"href":"https:\/\/sicoterapia.org\/index.php?rest_route=\/wp\/v2\/posts\/9186\/revisions"}],"predecessor-version":[{"id":9521,"href":"https:\/\/sicoterapia.org\/index.php?rest_route=\/wp\/v2\/posts\/9186\/revisions\/9521"}],"wp:attachment":[{"href":"https:\/\/sicoterapia.org\/index.php?rest_route=%2Fwp%2Fv2%2Fmedia&parent=9186"}],"wp:term":[{"taxonomy":"category","embeddable":true,"href":"https:\/\/sicoterapia.org\/index.php?rest_route=%2Fwp%2Fv2%2Fcategories&post=9186"},{"taxonomy":"post_tag","embeddable":true,"href":"https:\/\/sicoterapia.org\/index.php?rest_route=%2Fwp%2Fv2%2Ftags&post=9186"}],"curies":[{"name":"wp","href":"https:\/\/api.w.org\/{rel}","templated":true}]}}