{"id":9169,"date":"2026-08-14T04:08:30","date_gmt":"2026-08-14T04:08:30","guid":{"rendered":"https:\/\/sicoterapia.org\/?p=9169"},"modified":"2026-08-14T04:21:16","modified_gmt":"2026-08-14T04:21:16","slug":"dos-explosiones-en-instalaciones-de-municion-de-paises-de-la-otan-en-cuatro-dias","status":"publish","type":"post","link":"https:\/\/sicoterapia.org\/?p=9169","title":{"rendered":"Dos explosiones en instalaciones de munici\u00f3n de pa\u00edses de la OTAN en cuatro d\u00edas"},"content":{"rendered":"\n<p class=\"wp-block-paragraph\">Explosiones en instalaciones de la OTAN el 10 de Agosto en Bulgaria, cerca de Belitsa (provincia de Gabrovo) y la otra el 13 de Agosto en Italia, en Colleferro (cerca de Roma).<\/p>\n\n\n\n<hr class=\"wp-block-separator has-alpha-channel-opacity\"\/>\n\n\n\n<p class=\"wp-block-paragraph\">Seguimiento a la guerra de la OTAN  en Ucrania y Rusia. sicoterapia.org <\/p>\n\n\n\n<hr class=\"wp-block-separator has-alpha-channel-opacity\"\/>\n\n\n\n<p class=\"wp-block-paragraph\"><strong>El primer incidente fue en Bulgaria \u2014 cerca de Belitsa (10 de Agosto de 2026)<\/strong>. Lugar y empresa: Instalaciones de almacenamiento de EMCO (tambi\u00e9n referida como Emco o EMKO) cerca de la aldea de Belitsa, municipio de Tryavna, regi\u00f3n de Gabrovo. EMCO es uno de los principales productores b\u00falgaros de munici\u00f3n (incluyendo calibres de herencia sovi\u00e9tica: 100-152 mm, entre otros), orientada a la exportaci\u00f3n. Bulgaria es miembro de la OTAN.<\/p>\n\n\n\n<p class=\"wp-block-paragraph\"><br><strong>Qu\u00e9 ocurri\u00f3<\/strong>: Incendio que provoc\u00f3 m\u00faltiples explosiones en almacenes de municiones. Informes iniciales vincularon el origen a un cami\u00f3n que se incendi\u00f3 dentro del recinto, aunque el ministro del Interior indic\u00f3 posteriormente que no estaba confirmado del todo. Hubo detonaciones secundarias, humo denso y un incendio forestal secundario controlado.<\/p>\n\n\n\n<p class=\"wp-block-paragraph\"><br><strong>Consecuencias<\/strong>: Ning\u00fan herido ni muerto. Se evacu\u00f3 a los trabajadores (cifras en torno a 300 en algunos reportes) y se confin\u00f3 o evacu\u00f3 preventivamente a vecinos cercanos. Se activ\u00f3 el sistema de alerta BG-ALERT. Posteriormente se declar\u00f3 un estado parcial de desastre por siete d\u00edas en un radio de 500 metros, con inspecciones militares por material no explotado.<\/p>\n\n\n\n<p class=\"wp-block-paragraph\"><br><strong>Causa e investigaci\u00f3n<\/strong>: La empresa descart\u00f3 error humano. La fiscal\u00eda de Gabrovo investiga todas las hip\u00f3tesis posibles: introducci\u00f3n deliberada o accidental de fuente de ignici\u00f3n, cambios en componentes, o incumplimientos de normas de seguridad en fabricaci\u00f3n\/transporte\/almacenamiento. No hay evidencia oficial confirmada de interferencia extranjera hasta el momento (el ministro del Interior habl\u00f3 inicialmente de causas \u201cm\u00e1s probablemente internas\u201d).<\/p>\n\n\n\n<p class=\"wp-block-paragraph\">Hay antecedentes de incidentes similares en instalaciones de EMCO (2011, 2022, 2023) y en el sector b\u00falgaro de defensa, con sospechas hist\u00f3ricas de sabotaje (<strong>investigaciones previas vincularon algunos casos a agentes rusos de la GRU, y el propietario Emilian Gebrev sobrevivi\u00f3 un intento de envenenamiento en 2015 atribuido a la misma estructura<\/strong>). Un exdirectivo de EMCO mencion\u00f3 p\u00fablicamente la posibilidad de <strong>sabotaje ruso <\/strong>en este caso, pero las autoridades mantienen la investigaci\u00f3n abierta sin conclusiones firmes.<\/p>\n\n\n\n<p class=\"wp-block-paragraph\"><strong>El segundo incidente fue en Italia \u2014 Colleferro (13 de Agosto de 2026)<\/strong> <\/p>\n\n\n\n<p class=\"wp-block-paragraph\"><strong>Lugar y empresa<\/strong>: Planta de KNDS Ammo Italy (antigua Simmel Difesa), en Colleferro (provincia de Roma, a unos 40-50 km al sureste de la capital). Forma parte del grupo franco-alem\u00e1n KNDS. Produce municiones de medio y grueso calibre para fuerzas terrestres y navales, adem\u00e1s de propulsantes s\u00f3lidos para sistemas aerospaciales. Es contratista de acuerdos marco de la Agencia Europea de Defensa para munici\u00f3n de 155 mm y suministra a pa\u00edses OTAN\/UE (incluyendo contratos vinculados a Ucrania).<\/p>\n\n\n\n<p class=\"wp-block-paragraph\"><br><strong>Qu\u00e9 ocurri\u00f3<\/strong>: Incendio en el departamento de pressatura polveri (prensado de p\u00f3lvora\/explosivos), seguido de una explosi\u00f3n fuerte. El boato se escuch\u00f3 a varios kil\u00f3metros (hasta ~30 km seg\u00fan algunos reportes) y gener\u00f3 una columna de humo visible. El incendio y la deflagraci\u00f3n afectaron principalmente un \u00e1rea circunscrita del complejo de producci\u00f3n y almacenamiento.<\/p>\n\n\n\n<p class=\"wp-block-paragraph\"><br><strong>V\u00edctimas<\/strong>: Ninguna. Hab\u00eda alrededor de 20-24 empleados presentes; todos resultaron a salvo tras refugiarse en zonas seguras seg\u00fan protocolos. El alcalde de Colleferro, Giulio Calamita, confirm\u00f3 la ausencia de muertos o heridos y da\u00f1os limitados en el entorno (algunas ventanas rotas).<\/p>\n\n\n\n<p class=\"wp-block-paragraph\"><br><strong>Respuesta e investigaci\u00f3n<\/strong>: Intervenci\u00f3n compleja de bomberos y fuerzas de seguridad por riesgo de detonaciones secundarias. La fiscal\u00eda de Velletri abri\u00f3 investigaci\u00f3n por incendio. Fuentes investigativas iniciales indicaron que no se relacionar\u00eda con sabotaje de car\u00e1cter eversivo o amenazas externas; se apunta a un incidente cuyas causas exactas a\u00fan se determinan (no se ha podido acceder plenamente al punto exacto por seguridad).<\/p>\n\n\n\n<p class=\"wp-block-paragraph\"><br><strong>Contexto adicional<\/strong>: El sitio est\u00e1 sujeto a la normativa Seveso (riesgo de accidente mayor). <strong>Hubo un incidente grave previo en Octubre de 2007 en la misma planta (entonces Simmel Difesa), con un muerto y una docena de heridos<\/strong>. La historia industrial del lugar se remonta a la Bombrini Parodi Delfino (BPD), con un desastre mayor en 1938.<\/p>\n\n\n\n<p class=\"wp-block-paragraph\"><\/p>\n","protected":false},"excerpt":{"rendered":"<p>Explosiones en instalaciones de la OTAN el 10 de Agosto en Bulgaria, cerca de Belitsa (provincia de Gabrovo) y la otra el 13 de Agosto en Italia, en Colleferro (cerca de Roma). Seguimiento a la guerra de la OTAN en Ucrania y Rusia. sicoterapia.org El primer incidente fue en Bulgaria \u2014 cerca de Belitsa (10 &hellip; <a href=\"https:\/\/sicoterapia.org\/?p=9169\" class=\"more-link\">Sigue leyendo <span class=\"screen-reader-text\">Dos explosiones en instalaciones de munici\u00f3n de pa\u00edses de la OTAN en cuatro d\u00edas<\/span><\/a><\/p>\n","protected":false},"author":8706321,"featured_media":0,"comment_status":"closed","ping_status":"closed","sticky":false,"template":"","format":"standard","meta":{"_coblocks_attr":"","_coblocks_dimensions":"","_coblocks_responsive_height":"","_coblocks_accordion_ie_support":"","advanced_seo_description":"","jetpack_seo_html_title":"","jetpack_seo_noindex":false,"jetpack_seo_schema_type":"","_jetpack_newsletter_access":"","_jetpack_dont_email_post_to_subs":false,"_jetpack_newsletter_tier_id":0,"_jetpack_memberships_contains_paywalled_content":false,"_wpcom_ai_launchpad_first_post":false,"_jetpack_feature_clip_id":0,"_jetpack_memberships_contains_paid_content":false,"footnotes":"","jetpack_publicize_message":"","jetpack_publicize_feature_enabled":true,"jetpack_social_post_already_shared":true,"jetpack_social_options":{"image_generator_settings":{"template":"highway","default_image_id":0,"font":"","enabled":false},"version":2},"jetpack_post_was_ever_published":false},"categories":[2372,3503,798,6493],"tags":[11716206,68395,10990,232181925,1005848,787829224,75691,579220,22334],"class_list":["post-9169","post","type-post","status-publish","format-standard","hentry","category-economia","category-historia","category-politica","category-publicaciones","tag-economia-2","tag-estados-unidos","tag-europa","tag-guerra-de-ucrania","tag-guerra-mundial","tag-italia","tag-nato","tag-otan","tag-politica-2"],"jetpack_publicize_connections":[],"jetpack_likes_enabled":true,"jetpack_sharing_enabled":true,"jetpack_shortlink":"https:\/\/wp.me\/pzfQN-2nT","jetpack-related-posts":[],"jetpack_featured_media_url":"","_links":{"self":[{"href":"https:\/\/sicoterapia.org\/index.php?rest_route=\/wp\/v2\/posts\/9169","targetHints":{"allow":["GET"]}}],"collection":[{"href":"https:\/\/sicoterapia.org\/index.php?rest_route=\/wp\/v2\/posts"}],"about":[{"href":"https:\/\/sicoterapia.org\/index.php?rest_route=\/wp\/v2\/types\/post"}],"author":[{"embeddable":true,"href":"https:\/\/sicoterapia.org\/index.php?rest_route=\/wp\/v2\/users\/8706321"}],"replies":[{"embeddable":true,"href":"https:\/\/sicoterapia.org\/index.php?rest_route=%2Fwp%2Fv2%2Fcomments&post=9169"}],"version-history":[{"count":11,"href":"https:\/\/sicoterapia.org\/index.php?rest_route=\/wp\/v2\/posts\/9169\/revisions"}],"predecessor-version":[{"id":9184,"href":"https:\/\/sicoterapia.org\/index.php?rest_route=\/wp\/v2\/posts\/9169\/revisions\/9184"}],"wp:attachment":[{"href":"https:\/\/sicoterapia.org\/index.php?rest_route=%2Fwp%2Fv2%2Fmedia&parent=9169"}],"wp:term":[{"taxonomy":"category","embeddable":true,"href":"https:\/\/sicoterapia.org\/index.php?rest_route=%2Fwp%2Fv2%2Fcategories&post=9169"},{"taxonomy":"post_tag","embeddable":true,"href":"https:\/\/sicoterapia.org\/index.php?rest_route=%2Fwp%2Fv2%2Ftags&post=9169"}],"curies":[{"name":"wp","href":"https:\/\/api.w.org\/{rel}","templated":true}]}}