{"id":8961,"date":"2026-08-11T14:11:30","date_gmt":"2026-08-11T14:11:30","guid":{"rendered":"https:\/\/sicoterapia.org\/?p=8961"},"modified":"2026-08-11T14:15:09","modified_gmt":"2026-08-11T14:15:09","slug":"vaticano-papa-leon-xiv-nombra-nuevo-ministro-de-economia-del-estado-vaticano","status":"publish","type":"post","link":"https:\/\/sicoterapia.org\/?p=8961","title":{"rendered":"Vaticano, pap\u00e1 Le\u00f3n XIV nombra nuevo Ministro de Econom\u00eda del Estado Vaticano"},"content":{"rendered":"\n<p class=\"wp-block-paragraph\"><strong>\u00a1 SON EMPRESA! Vaticano estrena a flamante nuevo Ministro de Econom\u00eda.<\/strong><\/p>\n\n\n\n<p class=\"wp-block-paragraph\">sicoterapia.org Psicoan\u00e1lisis de la Religi\u00f3n, la Neurosis Obsesiva Universal.<\/p>\n\n\n\n<p class=\"wp-block-paragraph\">El cardenal Marx confirmado como jefe del Consejo de Econom\u00eda del Vaticano. El cardenal Reinhard Marx ha sido reelegido como coordinador del Consejo de Econom\u00eda de la Santa Sede, ya que el Papa Le\u00f3n nombr\u00f3 a nuevos cardenales y miembros laicos del \u00f3rgano de supervisi\u00f3n econ\u00f3mica del Vaticano.<\/p>\n\n\n\n<p class=\"wp-block-paragraph\">Como se anunci\u00f3 a trav\u00e9s de la Oficina de Prensa de la Santa Sede el 11 de Agosto, el cardenal alem\u00e1n fue confirmado como coordinador del Consejo por el Papa. Ha desempe\u00f1ado el cargo desde la creaci\u00f3n del Consejo en 2014. La mano derecha del cardenal, la profesora Charlotte Kreuter-Kirchhof, tambi\u00e9n fue confirmada en su papel como coordinadora adjunta, despu\u00e9s de haberse unido en 2021.<\/p>\n\n\n\n<p class=\"wp-block-paragraph\">Marx ofreci\u00f3 previamente su renuncia como arzobispo de Munich y Freising en 2021, pero el Papa Francisco no la acept\u00f3. Con 73 a\u00f1os el pr\u00f3ximo mes, Marx parece estar listo para seguir siendo un elemento fijo en el Vaticano, lo que es notable dado que ha defendido las bendiciones del mismo sexo de una manera que supera incluso la prevista por Fiducia Supplicans, e incluso se ha ganado la cr\u00edtica directa del Papa Le\u00f3n al hacerlo..<\/p>\n\n\n\n<p class=\"wp-block-paragraph\">La noticia de hoy contin\u00faa la reelaboraci\u00f3n gradual de Le\u00f3n XIV de las diversas oficinas de la Curia Romana, algo a lo que est\u00e1 adoptando un enfoque muy mesurado.<\/p>\n\n\n\n<p class=\"wp-block-paragraph\">La revisi\u00f3n del Consejo de Econom\u00eda incluy\u00f3 una combinaci\u00f3n de nuevos nombramientos y la confirmaci\u00f3n de algunos miembros existentes. Entre los otros miembros ya existentes que regresan para servir en el Consejo est\u00e1n los cardenales Odilo Pedro Scherer, G\u00e9rald Cyprien Lacroix y Joseph William Tobin.<\/p>\n\n\n\n<p class=\"wp-block-paragraph\">Inglaterra tiene dos miembros en el Consejo, con Monse\u00f1or Brian Edwin Ferme &#8211; un sacerdote australiano incardinado en la Di\u00f3cesis de Portsmouth &#8211; como secretario del Consejo, y la Dra. Leslie Jane Ferrar, quien es administradora de la Arquidi\u00f3cesis de Westminster.<\/p>\n\n\n\n<p class=\"wp-block-paragraph\">Los miembros cardenales reci\u00e9n nombrados del Consejo incluyen: el cardenal Ladislav Nemet, arzobispo de Belgrado; el cardenal Jean-Paul Vesco, O. P., arzobispo de Argel; el cardenal Roberto Repole, arzobispo de Tur\u00edn y obispo de Susa.<\/p>\n\n\n\n<p class=\"wp-block-paragraph\">As\u00ed, siete cardenales est\u00e1n presentes en el Consejo, lo que significa que otros tres han dejado el cargo despu\u00e9s de haber completado sus mandatos de cinco a\u00f1os. Los prelados salientes son los cardenales Anders Arborelius, Peter Erdo y Guiseppe Petrocchi. El cardenal Raphael Sako tampoco es miembro, debido a que no fue reconfirmado en el cargo, aunque su mandato de cinco a\u00f1os no habr\u00eda expirado hasta el pr\u00f3ximo a\u00f1o.<br>El Papa Le\u00f3n tambi\u00e9n nombr\u00f3 a cuatro nuevos miembros laicos del Consejo para la Econom\u00eda, manteni\u00e9ndose en continuidad con el estilo de formaci\u00f3n original de la oficina seg\u00fan lo previsto por el Papa Francisco cuando la estableci\u00f3 en 2014.<\/p>\n\n\n\n<p class=\"wp-block-paragraph\">El Consejo de Econom\u00eda est\u00e1 estrechamente vinculado a la Secretar\u00eda de Econom\u00eda, pero separado de ella. Como se indica en el motu proprio que anunciaba ambas oficinas, el Consejo es un \u00f3rgano que tiene \u00absupervisi\u00f3n de las estructuras y actividades administrativas y financieras de los dicasterios de la Curia Romana, las instituciones vinculadas a la Santa Sede y el Estado de la Ciudad del Vaticano\u00bb.<\/p>\n\n\n\n<p class=\"wp-block-paragraph\">Tiene la responsabilidad de establecer pol\u00edticas para que la Secretar\u00eda funcione. Sin embargo, la Secretar\u00eda -aunque est\u00e1 obligada a someterse al examen financiero del Consejo- responde directamente al Papa.<br>El cardenal George Pell fue famoso por ser el prefecto inaugural de la Secretar\u00eda de Econom\u00eda, con el papel que actualmente ocupa el Sr. Maximino Caballero Ledo.<\/p>\n\n\n\n<p class=\"wp-block-paragraph\">El turbio y confuso mundo de las finanzas del Vaticano ha sido objeto de intenso escrutinio durante muchos a\u00f1os, especialmente dada la controversia en torno al ex cardenal del sostituto del Vaticano Angelo Becciu y la demanda de varios a\u00f1os contra el Vaticano presentada por el ex auditor general del Vaticano Libero Milone. Seg\u00fan los informes, Becciu se opuso a las reformas financieras que Pell y Milone intentaron promulgar, y la confianza en el sistema financiero de la Santa Sede se vio a\u00fan m\u00e1s debilitada por una serie de medidas punitivas promulgadas por el Papa Francisco contra los cardenales de la cura. Le\u00f3n XIV anul\u00f3 silenciosamente esa medida a principios de este a\u00f1o.<\/p>\n\n\n\n<p class=\"wp-block-paragraph\">Marx ha evitado en su mayor\u00eda estar enredado p\u00fablicamente en los esc\u00e1ndalos de las finanzas del Vaticano, pero su postura sobre el dogma y la moral ha sido motivo de controversia. El prelado alem\u00e1n ha sido una voz destacada que ha pedido la ordenaci\u00f3n femenina y los sacerdotes casados, adem\u00e1s de defender los temas LGBT y cuestionar la ense\u00f1anza de la Iglesia sobre la homosexualidad.<\/p>\n\n\n\n<p class=\"wp-block-paragraph\">A pesar de su defensa p\u00fablica de estos temas, Marx ha seguido siendo un elemento fijo en Roma, y su mandato confirmado ahora durar\u00e1 otros cinco a\u00f1os seg\u00fan las normas curiales.<\/p>\n\n\n\n<p class=\"wp-block-paragraph\">Elogiando al Papa Le\u00f3n en el aniversario de su elecci\u00f3n papal, Marx describi\u00f3 al Papa estadounidense como \u00aben clara continuidad con el Papa Francisco, quien siempre llam\u00f3 la atenci\u00f3n del mundo hacia aquellos que llegaron a los m\u00e1rgenes y trabajaron incansablemente por la paz y la reconciliaci\u00f3n\u00bb.<\/p>\n\n\n\n<p class=\"wp-block-paragraph\">En las \u00faltimas semanas, como inform\u00f3 el Catholic Herald, unos 26 sacerdotes de su di\u00f3cesis emitieron una carta p\u00fablica a Marx, cuestionando su impulso por las bendiciones del mismo sexo. Lo acusaron de pedirles que eligieran entre obedecer a su ordinario local o al Papa. Marx trat\u00f3 de difundir la resistencia inmediata pidiendo a los sacerdotes que probaran la medida durante un a\u00f1o antes de llegar a una conclusi\u00f3n final.<\/p>\n\n\n\n<p class=\"wp-block-paragraph\">Fuente: El Vaticano <\/p>\n","protected":false},"excerpt":{"rendered":"<p>\u00a1 SON EMPRESA! Vaticano estrena a flamante nuevo Ministro de Econom\u00eda. sicoterapia.org Psicoan\u00e1lisis de la Religi\u00f3n, la Neurosis Obsesiva Universal. El cardenal Marx confirmado como jefe del Consejo de Econom\u00eda del Vaticano. El cardenal Reinhard Marx ha sido reelegido como coordinador del Consejo de Econom\u00eda de la Santa Sede, ya que el Papa Le\u00f3n nombr\u00f3 &hellip; <a href=\"https:\/\/sicoterapia.org\/?p=8961\" class=\"more-link\">Sigue leyendo <span class=\"screen-reader-text\">Vaticano, pap\u00e1 Le\u00f3n XIV nombra nuevo Ministro de Econom\u00eda del Estado Vaticano<\/span><\/a><\/p>\n","protected":false},"author":8706321,"featured_media":0,"comment_status":"closed","ping_status":"closed","sticky":false,"template":"","format":"standard","meta":{"_coblocks_attr":"","_coblocks_dimensions":"","_coblocks_responsive_height":"","_coblocks_accordion_ie_support":"","advanced_seo_description":"","jetpack_seo_html_title":"","jetpack_seo_noindex":false,"jetpack_seo_schema_type":"","_jetpack_newsletter_access":"","_jetpack_dont_email_post_to_subs":false,"_jetpack_newsletter_tier_id":0,"_jetpack_memberships_contains_paywalled_content":false,"_wpcom_ai_launchpad_first_post":false,"_jetpack_feature_clip_id":0,"_jetpack_memberships_contains_paid_content":false,"footnotes":"","jetpack_publicize_message":"","jetpack_publicize_feature_enabled":true,"jetpack_social_post_already_shared":true,"jetpack_social_options":{"image_generator_settings":{"template":"highway","default_image_id":0,"font":"","enabled":false},"version":2},"jetpack_post_was_ever_published":false},"categories":[2372,798,6493,116],"tags":[171398,518494,181979,11716206,64606,104615,787829199,787829182,2972101,68546,18220],"class_list":["post-8961","post","type-post","status-publish","format-standard","hentry","category-economia","category-politica","category-publicaciones","category-religion","tag-biblia","tag-bolsa-de-valores","tag-catolicismo","tag-economia-2","tag-finanzas","tag-iglesia-catolica","tag-papa-leon-xiv","tag-religion","tag-teocracia","tag-vaticano","tag-wall-street"],"jetpack_publicize_connections":[],"jetpack_likes_enabled":true,"jetpack_sharing_enabled":true,"jetpack_shortlink":"https:\/\/wp.me\/pzfQN-2kx","jetpack-related-posts":[],"jetpack_featured_media_url":"","_links":{"self":[{"href":"https:\/\/sicoterapia.org\/index.php?rest_route=\/wp\/v2\/posts\/8961","targetHints":{"allow":["GET"]}}],"collection":[{"href":"https:\/\/sicoterapia.org\/index.php?rest_route=\/wp\/v2\/posts"}],"about":[{"href":"https:\/\/sicoterapia.org\/index.php?rest_route=\/wp\/v2\/types\/post"}],"author":[{"embeddable":true,"href":"https:\/\/sicoterapia.org\/index.php?rest_route=\/wp\/v2\/users\/8706321"}],"replies":[{"embeddable":true,"href":"https:\/\/sicoterapia.org\/index.php?rest_route=%2Fwp%2Fv2%2Fcomments&post=8961"}],"version-history":[{"count":8,"href":"https:\/\/sicoterapia.org\/index.php?rest_route=\/wp\/v2\/posts\/8961\/revisions"}],"predecessor-version":[{"id":8973,"href":"https:\/\/sicoterapia.org\/index.php?rest_route=\/wp\/v2\/posts\/8961\/revisions\/8973"}],"wp:attachment":[{"href":"https:\/\/sicoterapia.org\/index.php?rest_route=%2Fwp%2Fv2%2Fmedia&parent=8961"}],"wp:term":[{"taxonomy":"category","embeddable":true,"href":"https:\/\/sicoterapia.org\/index.php?rest_route=%2Fwp%2Fv2%2Fcategories&post=8961"},{"taxonomy":"post_tag","embeddable":true,"href":"https:\/\/sicoterapia.org\/index.php?rest_route=%2Fwp%2Fv2%2Ftags&post=8961"}],"curies":[{"name":"wp","href":"https:\/\/api.w.org\/{rel}","templated":true}]}}