{"id":8878,"date":"2026-08-09T19:45:47","date_gmt":"2026-08-09T19:45:47","guid":{"rendered":"https:\/\/sicoterapia.org\/?p=8878"},"modified":"2026-08-22T07:44:55","modified_gmt":"2026-08-22T07:44:55","slug":"base-de-datos-de-abuso-infantil-y-de-adultos-de-la-iglesia-catolica-y-otras-sectas-y-religiones-en-chile","status":"publish","type":"post","link":"https:\/\/sicoterapia.org\/?p=8878","title":{"rendered":"Base de datos de abuso infantil y de adultos de la Iglesia Cat\u00f3lica y otras sectas y religiones en Chile"},"content":{"rendered":"\n<p class=\"wp-block-paragraph\">Iniciativa particular y modesta, gratuita, que rompe la tradicional censura pol\u00edtica y econ\u00f3mica y de los medios de comunicaci\u00f3n de Chile \u2014 todos directamente involucrados con los intereses de la Iglesia \u2014 , cuando se trata de informar sobre las sistem\u00e1ticas pr\u00e1cticas de abuso contra ni\u00f1os y adultos \u2014 ciudadanos chilenos \u2014, que involucran a curas y monjas \u2014 que son agentes y funcionarios extranjeros de un Estado extranjero: el Estado Vaticano \u2014 y de otras sectas y religiones que significan <strong>un grave ataque a la SOBERAN\u00cdA y la SEGURIDAD de Chile y de su juventud y de su poblaci\u00f3n<\/strong>.<\/p>\n\n\n\n<p class=\"wp-block-paragraph\">Jorge Auristondo Vilches. sicoterapia.org <\/p>\n\n\n\n<p class=\"wp-block-paragraph\"><strong>LA \u00abINVESTIGACI\u00d3N CAN\u00d3NICA\u00bb DEL VATICANO EN LUGAR DE LOS TRIBUNALES CHILENOS, UNA SEMEJANZA CON LOS TRIBUNAL3S DE LA SHARIA DEL ISLAM.<\/strong><\/p>\n\n\n\n<p class=\"wp-block-paragraph\"><strong>DEFINICI\u00d3N<\/strong>: La llamada \u00abinvestigaci\u00f3n can\u00f3nica\u00bb es un ardid o enga\u00f1o del Vaticano sin ningun valor legal o juridico en la legislaci\u00f3n chilena, y que pretende reemplazar y suplantar la jurisdicci\u00f3n de los tribunales de Chile. Este enga\u00f1o ha sido muy beneficioso para la Iglesia porque las v\u00edctimas de abuso y sus familias recurren de queja y denuncia en organismos eclesi\u00e1sticos directamente relacionados y vinculados a los acusados. evadiendo de esa forma la justicia chilena. Se trata de tribunales religiosos suplantando la funci\u00f3n jurisdiccional de los tribunales chilenos, id\u00e9nticos a los tribunales de la Sharia del Islam.<\/p>\n\n\n\n<p class=\"wp-block-paragraph\"><\/p>\n\n\n\n<p class=\"wp-block-paragraph\">Hice una b\u00fasqueda amplia en medios chilenos e internacionales, concentr\u00e1ndome en publicaciones desde el 1 de Enero de 2026 hasta hoy, y separando Iglesia Cat\u00f3lica, otras iglesias cristianas\/evang\u00e9licas y otros grupos religiosos.<\/p>\n\n\n\n<p class=\"wp-block-paragraph\">Hay material suficiente para construir una segunda investigaci\u00f3n independiente de la de los Salesianos.<\/p>\n\n\n\n<p class=\"wp-block-paragraph\">La informaci\u00f3n aqu\u00ed publicada est\u00e1 verificada, basada en fuentes p\u00fablicas oficiales judiciales y medios de comunicaci\u00f3n contrastados:<\/p>\n\n\n\n<p class=\"wp-block-paragraph\"><strong>A\u00d1O 2026<\/strong><\/p>\n\n\n\n<p class=\"wp-block-paragraph\"><\/p>\n\n\n\n<p class=\"wp-block-paragraph\"><a href=\"https:\/\/www.elmostrador.cl\/unidad-de-investigacion\/2026\/08\/16\/lee-medita-borra-y-olvida-los-mensajes-de-salesiano-abusador-a-su-victima\/\" data-type=\"link\" data-id=\"https:\/\/www.elmostrador.cl\/unidad-de-investigacion\/2026\/08\/16\/lee-medita-borra-y-olvida-los-mensajes-de-salesiano-abusador-a-su-victima\/\">Chile \u2013> \u201cLee, medita, borra y olvida\u201d. los mensajes de Salesiano abusador a su v\u00edctima (16 Agosto 2026)<\/a><\/p>\n\n\n\n<p class=\"wp-block-paragraph\"><a href=\"https:\/\/www.biobiochile.cl\/noticias\/nacional\/region-metropolitana\/2026\/06\/08\/tu-eres-el-postre-los-comprometedores-chats-del-sacerdote-ortodoxo-acusado-de-abusos-en-providencia.shtml\" data-type=\"link\" data-id=\"https:\/\/www.biobiochile.cl\/noticias\/nacional\/region-metropolitana\/2026\/06\/08\/tu-eres-el-postre-los-comprometedores-chats-del-sacerdote-ortodoxo-acusado-de-abusos-en-providencia.shtml\">Chile \u2014> \u00abT\u00fa eres el postre\u00bb. Los comprometedores chats del sacerdote ortodoxo acusado de abusos en Providencia (8 Junio 2026)<\/a><\/p>\n\n\n\n<p class=\"wp-block-paragraph\"><a href=\"https:\/\/www.t13.cl\/videos\/reportajes-t13\/nacional\/reportajes-t13-expulsan-historico-sacerdote-ortodoxo-por-abusos-7-6-2026\" data-type=\"link\" data-id=\"https:\/\/www.t13.cl\/videos\/reportajes-t13\/nacional\/reportajes-t13-expulsan-historico-sacerdote-ortodoxo-por-abusos-7-6-2026\">Chile \u2013> Expulsan a hist\u00f3rico sacerdote ortodoxo por abusos sexuales (7 Junio 2026)<\/a><\/p>\n\n\n\n<p class=\"wp-block-paragraph\"><\/p>\n\n\n\n<p class=\"wp-block-paragraph\"><\/p>\n\n\n\n<figure class=\"wp-block-table\"><table class=\"has-fixed-layout\"><tbody><tr><td>Fecha<\/td><td>Instituci\u00f3n \/ grupo<\/td><td>Caso<\/td><td>Situaci\u00f3n documentada<\/td><td>Fuente original<\/td><td>Informaci\u00f3n adicional verificada<\/td><\/tr><tr><td>20 Enero 2026<\/td><td>Compa\u00f1\u00eda de Jes\u00fas<\/td><td>Felipe Berr\u00edos<\/td><td>Los jesuitas iniciaron el procedimiento para concretar su salida oficial de la orden tras su solicitud de dimisi\u00f3n, en el marco de las denuncias investigadas en su contra.<\/td><td>BioBioChile<\/td><td>Investigaci\u00f3n can\u00f3nica iniciada en 2022 tras 8 denuncias de mujeres; inicialmente se decret\u00f3 expulsi\u00f3n y prohibici\u00f3n de ministerio por 10 a\u00f1os, pero el Dicasterio para la Doctrina de la Fe revoc\u00f3 la sanci\u00f3n en el segundo semestre de 2025, lo que motiv\u00f3 su renuncia voluntaria. La justicia civil tambi\u00e9n sobresey\u00f3 la causa por prescripci\u00f3n.<\/td><\/tr><tr><td>30 Enero 2026<\/td><td>Iglesia Cat\u00f3lica \/ Arquidi\u00f3cesis de Puerto Montt<\/td><td>Sacerdote de Calbuco (Javier Vel\u00e1squez Angulo)<\/td><td>El tribunal can\u00f3nico absolvi\u00f3 al sacerdote acusado de hechos de connotaci\u00f3n sexual contra menores; el arzobispado inform\u00f3 que los hechos no constitu\u00edan delito can\u00f3nico.<\/td><td>BioBioChile<\/td><td>Las denuncias surgieron en Agosto de 2025 por \u201cmiradas, acercamientos inc\u00f3modos y un roce inadecuado\u201d en un colegio cat\u00f3lico, sin denuncia directa de las presuntas v\u00edctimas. El Dicasterio para la Doctrina de la Fe archiv\u00f3 la causa y levant\u00f3 medidas cautelares, permiti\u00e9ndole retomar funciones pastorales<\/td><\/tr><tr><td>30 Enero 2026<\/td><td>Compa\u00f1\u00eda de Jes\u00fas \u2013 Italia<\/td><td>Sauro De Luca<\/td><td>La investigaci\u00f3n interna jesuita concluy\u00f3 que habr\u00eda abusado sexualmente de unas 30 mujeres, algunas de ellas menores, entre 1967 y 1998.<\/td><td>BioBioChile<\/td><td>Sacerdote fallecido en 2012, l\u00edder del Movimiento Eucar\u00edstico Juvenil. El informe oficial reconoce fallas institucionales hist\u00f3ricas; los registros personales del religioso confirman los hechos y la orden pidi\u00f3 perd\u00f3n p\u00fablicamente. No hay v\u00ednculo directo con Chile.<\/td><\/tr><tr><td>26 Marzo 2026<\/td><td>Iglesia pentecostal<\/td><td>Pastor de Valdivia<\/td><td>La Fiscal\u00eda solicit\u00f3 18 a\u00f1os de c\u00e1rcel para un expastor acusado de delitos sexuales contra una menor, quien ten\u00eda 12 a\u00f1os cuando comenzaron los hechos investigados.<\/td><td>BioBioChile<\/td><td>Los hechos ocurrieron entre 2011 y 2014; la fiscal\u00eda pide 10 a\u00f1os por abuso sexual reiterado y 8 a\u00f1os por abuso a mayor de 14 a\u00f1os. La defensa solicit\u00f3 sobreseimiento, rechazado por el tribunal; el juicio oral contin\u00faa en tr\u00e1mite.<\/td><\/tr><tr><td>7 Mayo 2026<\/td><td>Iglesia Cat\u00f3lica<\/td><td>Francisco Cox<\/td><td>El ministro de fuero de la Corte de Apelaciones de La Serena determin\u00f3 que Cox cometi\u00f3 delitos sexuales contra siete v\u00edctimas, aunque el proceso fue sobrese\u00eddo por prescripci\u00f3n penal.<\/td><td>Cooperativa.cl<\/td><td>Exarzobispo fallecido en 2020; los hechos ocurrieron entre 1975 y 1988 en La Serena, Andacollo y Chill\u00e1n. El fallo acredit\u00f3 fehacientemente los abusos, pero prescribieron seg\u00fan la normativa vigente al momento. Ya hab\u00eda sido expulsado del estado clerical por el Vaticano en 2018.<\/td><\/tr><tr><td>8 Junio 2026<\/td><td>Iglesia Ortodoxa<\/td><td>Francisco Salvador Broussaingaray<\/td><td>Fue expulsado del estado clerical tras una investigaci\u00f3n eclesi\u00e1stica que reuni\u00f3 siete cargos y antecedentes, entre ellos chats con contenido sexual y denuncias de mujeres. Su defensa niega las acusaciones.<\/td><td>BioBioChile<\/td><td>Ex p\u00e1rroco de la iglesia ortodoxa m\u00e1s grande de Chile; la orden remiti\u00f3 antecedentes al Ministerio P\u00fablico. Su defensa y parte de la comunidad denuncian irregularidades procesales y falta de transparencia. La medida implica prohibici\u00f3n total de ministerio y acceso al recinto parroquial.<\/td><\/tr><tr><td>14 Julio 2026<\/td><td>Congregaci\u00f3n Salesiana<\/td><td>Caso colectivo<\/td><td>El S\u00e9ptimo Juzgado Civil de Santiago conden\u00f3 civilmente a los Salesianos a pagar $325 millones a ocho de nueve demandantes, estableciendo responsabilidad institucional por omisiones, encubrimiento y silenciamiento.<\/td><td>BioBioChile<\/td><td>Hechos ocurridos entre 1973 y 2009 en establecimientos de varias regiones. El fallo destaca un \u201cpatr\u00f3n sistem\u00e1tico\u201d de protecci\u00f3n a agresores, traslados internos y ocultamiento de denuncias. La sentencia a\u00fan puede ser apelada.<\/td><\/tr><tr><td>Julio\/Agosto 2026<\/td><td>Congregaci\u00f3n Salesiana<\/td><td>Archivos secretos<\/td><td>B\u00edo B\u00edo Investiga difundi\u00f3 nuevos antecedentes sobre denuncias, traslados, investigaciones can\u00f3nicas y actuaciones de superiores salesianos. Esta informaci\u00f3n se utiliza en la l\u00ednea de investigaci\u00f3n Roma\u2013Chile.<\/td><td>BioBioChile<\/td><td>Los documentos revelan que religiosos denunciados fueron reubicados incluso en el extranjero (ej. \u00c1frica) en lugar de ser apartados de menores. Se confirma la actuaci\u00f3n de altas autoridades eclesi\u00e1sticas en el ocultamiento de informaci\u00f3n relevante para la justicia<\/td><\/tr><\/tbody><\/table><\/figure>\n\n\n\n<p class=\"wp-block-paragraph\"><strong>NOTAS CASO POR CASO<\/strong>:<\/p>\n\n\n\n<p class=\"wp-block-paragraph\"><br><strong>1 &#8211; 20 Enero 2026 \u2013 Felipe Berr\u00edos (Compa\u00f1\u00eda de Jes\u00fas)<\/strong><br>Situaci\u00f3n documentada y fuente: correctas (solicitud de dimisi\u00f3n; los jesuitas iniciaron el tr\u00e1mite de salida).<\/p>\n\n\n\n<p class=\"wp-block-paragraph\">a &#8211; El Dicasterio para la Doctrina de la Fe no revoc\u00f3 la sanci\u00f3n en Junio de 2026. La decisi\u00f3n (no se alcanz\u00f3 \u201ccerteza moral\u201d suficiente; se dejaron sin efecto la expulsi\u00f3n y la prohibici\u00f3n de 10 a\u00f1os de ministerio ) se conoci\u00f3 y comunic\u00f3 entre Octubre y Diciembre de 2025. La renuncia voluntaria se formaliz\u00f3 a mediados de Enero de 2026 (comunicados de la Compa\u00f1\u00eda ~19-20 Enero 2026).<\/p>\n\n\n\n<p class=\"wp-block-paragraph\">b &#8211; Hubo una investigaci\u00f3n can\u00f3nica iniciada tras denuncias de 2022 (alrededor de 8 mujeres), expulsi\u00f3n inicial decretada en 2024, sobreseimiento civil por prescripci\u00f3n (Junio 2025 aprox.) y medidas disciplinarias internas que se mantuvieron parcialmente tras la decisi\u00f3n del Dicasterio, lo que motiv\u00f3 la salida.<br><\/p>\n\n\n\n<p class=\"wp-block-paragraph\"><strong>2 &#8211; 30 Enero  2026 \u2013 Javier Vel\u00e1squez Angulo (sacerdote de Calbuco \/ Arquidi\u00f3cesis de Puerto Montt)<\/strong>:<br>Absoluci\u00f3n\/archivo por el Dicasterio porque los hechos no constitu\u00edan delito can\u00f3nico; denuncias de Agosto 2025 (miradas, acercamientos y roce inadecuado en colegio, sin denuncia directa de las presuntas v\u00edctimas); levantamiento de medidas cautelares y retorno a funciones pastorales. Coincide con el comunicado del Arzobispado (29 Ene 2026) y cobertura de BioBioChile\/ACI.<\/p>\n\n\n\n<p class=\"wp-block-paragraph\"><strong>3 &#8211; 30 Enero 2026 \u2013 Sauro De Luca (Compa\u00f1\u00eda de Jes\u00fas \u2013 Italia)<\/strong>:<br>Informe del \u201cCammino di verit\u00e0\u201d \/ Path of Truth (publicado el 28 Enero 2026) reconoci\u00f3 abusos sexuales (y de autoridad\/espirituales) de unas 20-30 mujeres (algunas menores) entre ~1968-1998, con base en testimonios y registros\/diarios del propio religioso (fallecido en 2012). Fue l\u00edder del Movimiento Eucar\u00edstico Juvenil. La orden reconoci\u00f3 fallas institucionales y pidi\u00f3 perd\u00f3n. No hay v\u00ednculo directo con Chile.<\/p>\n\n\n\n<p class=\"wp-block-paragraph\"><strong>4 &#8211; 26 Marzo 2026 \u2013 Pastor de Valdivia (Iglesia pentecostal)<\/strong>:<br>Fiscal\u00eda solicit\u00f3 18 a\u00f1os (10 por abuso sexual reiterado + 8 por abuso a mayor de 14) por hechos 2011-2014 contra menor que ten\u00eda 12 a\u00f1os al inicio. Defensa pidi\u00f3 sobreseimiento (rechazado); juicio oral en tr\u00e1mite. Coincide con BioBioChile del 26 mar 2026.<\/p>\n\n\n\n<p class=\"wp-block-paragraph\"><strong>5 &#8211; 7 Mayo 2026 \u2013 Francisco Cox (Iglesia Cat\u00f3lica)<\/strong><br>Ministro de fuero de la Corte de Apelaciones de La Serena <strong>acredit\u00f3 delitos sexuales<\/strong> (\u201cactos de evidente connotaci\u00f3n sexual\u201d) contra siete v\u00edctimas (hechos 1975-1988 en La Serena, Andacollo y Chill\u00e1n); <strong>sobreseimiento definitivo por prescripci\u00f3n<\/strong>. Fallecido en 2020; ya hab\u00eda sido expulsado del estado clerical por el Vaticano en 2018.<\/p>\n\n\n\n<p class=\"wp-block-paragraph\"><strong>6 &#8211; 8 Junio 2026 \u2013 Francisco Salvador Broussaingaray (Iglesia Ortodoxa)<\/strong>:<br>Expulsi\u00f3n\/reducci\u00f3n al estado laical (decreto 22 Mayo 2026) tras investigaci\u00f3n con m\u00faltiples cargos (incluyendo chats de contenido sexual e insinuaciones, denuncias de mujeres y otros). Ex p\u00e1rroco de la parroquia ortodoxa m\u00e1s grande de Chile; antecedentes remitidos al Ministerio P\u00fablico. Defensa y parte de la comunidad cuestionan irregularidades procesales y falta de transparencia. Prohibici\u00f3n de ministerio y de acceso al recinto parroquial (por 10 a\u00f1os). Cobertura de BioBioChile y otros medios de Junio 2026 lo confirma.<\/p>\n\n\n\n<p class=\"wp-block-paragraph\"><strong>7 &#8211; 14 Julio \u2013 Congregaci\u00f3n Salesiana (caso colectivo):<\/strong><br>S\u00e9ptimo Juzgado Civil de Santiago conden\u00f3 a pagar $325 millones a ocho de nueve demandantes por <strong>responsabilidad institucional <\/strong>(<strong>omisiones, encubrimiento y silenciamiento<\/strong>). Hechos 1973-2009 en varias regiones; el fallo habla de \u201c<strong>patr\u00f3n sistem\u00e1tico<\/strong>\u201d. Sentencia de primera instancia, apelable (y efectivamente apelada despu\u00e9s). <\/p>\n\n\n\n<p class=\"wp-block-paragraph\"><strong>8 &#8211; Julio \/Agosto 2026 \u2013 Congregaci\u00f3n Salesiana (archivos secretos)<\/strong>:<br>Reportajes de B\u00edo B\u00edo Investiga (principios de Agosto 2026) difundieron antecedentes de denuncias, traslados (incluyendo a \u00c1frica), investigaciones can\u00f3nicas y actuaci\u00f3n de superiores. Se documenta reubicaci\u00f3n de religiosos denunciados en lugar de apartarlos de menores, y rol de altas autoridades en el ocultamiento<\/p>\n\n\n\n<p class=\"wp-block-paragraph\"><\/p>\n","protected":false},"excerpt":{"rendered":"<p>Iniciativa particular y modesta, gratuita, que rompe la tradicional censura pol\u00edtica y econ\u00f3mica y de los medios de comunicaci\u00f3n de Chile \u2014 todos directamente involucrados con los intereses de la Iglesia \u2014 , cuando se trata de informar sobre las sistem\u00e1ticas pr\u00e1cticas de abuso contra ni\u00f1os y adultos \u2014 ciudadanos chilenos \u2014, que involucran a &hellip; <a href=\"https:\/\/sicoterapia.org\/?p=8878\" class=\"more-link\">Sigue leyendo <span class=\"screen-reader-text\">Base de datos de abuso infantil y de adultos de la Iglesia Cat\u00f3lica y otras sectas y religiones en Chile<\/span><\/a><\/p>\n","protected":false},"author":8706321,"featured_media":0,"comment_status":"closed","ping_status":"closed","sticky":false,"template":"","format":"standard","meta":{"_coblocks_attr":"","_coblocks_dimensions":"","_coblocks_responsive_height":"","_coblocks_accordion_ie_support":"","advanced_seo_description":"","jetpack_seo_html_title":"","jetpack_seo_noindex":false,"jetpack_seo_schema_type":"","_jetpack_newsletter_access":"","_jetpack_dont_email_post_to_subs":false,"_jetpack_newsletter_tier_id":0,"_jetpack_memberships_contains_paywalled_content":false,"_wpcom_ai_launchpad_first_post":false,"_jetpack_feature_clip_id":0,"_jetpack_memberships_contains_paid_content":false,"footnotes":"","jetpack_publicize_message":"","jetpack_publicize_feature_enabled":true,"jetpack_social_post_already_shared":true,"jetpack_social_options":{"image_generator_settings":{"template":"highway","default_image_id":0,"font":"","enabled":false},"version":2},"jetpack_post_was_ever_published":false},"categories":[2372,3503,798,131959,6493,116],"tags":[537783,709311,7520,787829213,821198,257589,31684,527153,104615,86219,62801,68546],"class_list":["post-8878","post","type-post","status-publish","format-standard","hentry","category-economia","category-historia","category-politica","category-psicoanalisis","category-publicaciones","category-religion","tag-abuso-infantil","tag-abuso-sexual","tag-chile","tag-crimen-internacional","tag-crimen-organizado","tag-democracia","tag-derechos-humanos","tag-evangelicos","tag-iglesia-catolica","tag-pedofilia","tag-roma","tag-vaticano"],"jetpack_publicize_connections":[],"jetpack_likes_enabled":true,"jetpack_sharing_enabled":true,"jetpack_shortlink":"https:\/\/wp.me\/pzfQN-2jc","jetpack-related-posts":[],"jetpack_featured_media_url":"","_links":{"self":[{"href":"https:\/\/sicoterapia.org\/index.php?rest_route=\/wp\/v2\/posts\/8878","targetHints":{"allow":["GET"]}}],"collection":[{"href":"https:\/\/sicoterapia.org\/index.php?rest_route=\/wp\/v2\/posts"}],"about":[{"href":"https:\/\/sicoterapia.org\/index.php?rest_route=\/wp\/v2\/types\/post"}],"author":[{"embeddable":true,"href":"https:\/\/sicoterapia.org\/index.php?rest_route=\/wp\/v2\/users\/8706321"}],"replies":[{"embeddable":true,"href":"https:\/\/sicoterapia.org\/index.php?rest_route=%2Fwp%2Fv2%2Fcomments&post=8878"}],"version-history":[{"count":38,"href":"https:\/\/sicoterapia.org\/index.php?rest_route=\/wp\/v2\/posts\/8878\/revisions"}],"predecessor-version":[{"id":9444,"href":"https:\/\/sicoterapia.org\/index.php?rest_route=\/wp\/v2\/posts\/8878\/revisions\/9444"}],"wp:attachment":[{"href":"https:\/\/sicoterapia.org\/index.php?rest_route=%2Fwp%2Fv2%2Fmedia&parent=8878"}],"wp:term":[{"taxonomy":"category","embeddable":true,"href":"https:\/\/sicoterapia.org\/index.php?rest_route=%2Fwp%2Fv2%2Fcategories&post=8878"},{"taxonomy":"post_tag","embeddable":true,"href":"https:\/\/sicoterapia.org\/index.php?rest_route=%2Fwp%2Fv2%2Ftags&post=8878"}],"curies":[{"name":"wp","href":"https:\/\/api.w.org\/{rel}","templated":true}]}}