{"id":8449,"date":"2026-08-07T15:19:19","date_gmt":"2026-08-07T15:19:19","guid":{"rendered":"https:\/\/sicoterapia.org\/?p=8449"},"modified":"2026-08-09T16:30:20","modified_gmt":"2026-08-09T16:30:20","slug":"el-estado-vaticano-viola-la-soberania-y-las-leyes-de-chile-pedofilia-institucional-catolica-sin-castigo-penal","status":"publish","type":"post","link":"https:\/\/sicoterapia.org\/?p=8449","title":{"rendered":"El Estado Vaticano viola la soberania y las leyes de Chile. Pedofilia institucional Cat\u00f3lica sin castigo penal."},"content":{"rendered":"\n<p class=\"wp-block-paragraph\"><strong>Actualizado 9 Agosto 2026<\/strong><\/p>\n\n\n\n<p class=\"wp-block-paragraph\">De forma ins\u00f3lita pero intencionada los legisladores cat\u00f3licos de Chile han creado dos leyes que impiden al Estado caducar la personalidad jur\u00eddica de congregaciones cat\u00f3licas que, seg\u00fan la Justicia, son organizaciones con fines de pedofilia contra ni\u00f1os y abusos sexuales contra adultos.<\/p>\n\n\n\n<p class=\"wp-block-paragraph\">sicoterapia.org <\/p>\n\n\n\n<p class=\"wp-block-paragraph\">PEDOFILIA ECLESI\u00c1STICA CONTRA NI\u00d1OS Y CIUDADANOS CHILENOS VIOLA LA SOBERAN\u00cdA NACIONAL Y EL ORDEN JUR\u00cdDICO DE CHILE. EL STATUS LEGAL DE LOS CURAS Y DE LAS MONJAS  INVOLUCRADOS ES DE AGENTES Y FUNCIONARIOS DEL ESTADO VATICANO.<\/p>\n\n\n\n<p class=\"wp-block-paragraph\"><strong>Regimen de los Art\u00edculos 547 y 559 del Codigo Civil de Chile: En Chile nadie, ni siquiera el Presidente de la Rep\u00fablica, puede caducar la personalidad jur\u00eddica de una congregaci\u00f3n cat\u00f3lica que haya abusado de los ni\u00f1os chilenos durante d\u00e9cadas como dictamina la Justicia en caso Salesianos<\/strong><\/p>\n\n\n\n<p class=\"wp-block-paragraph\">El 14 de Julio de 2026, el juez Diego Portilla Silva del S\u00e9ptimo Juzgado Civil de Santiago dict\u00f3 una sentencia in\u00e9dita que <strong>conden\u00f3 a la Congregaci\u00f3n Salesiana de Chile<\/strong> a pagar $325 millones de pesos en total (entre $15 y $50 millones a ocho de nueve demandantes) por da\u00f1o moral. <strong>El fallo estableci\u00f3 la existencia de un \u201cpatr\u00f3n sistem\u00e1tico e institucional\u201d de omisi\u00f3n, encubrimiento y silenciamiento de abusos sexuales cometidos por sacerdotes<\/strong> contra alumnos entre 1973 y 2009 en colegios y otros lugares de varias ciudades (Valdivia, Concepci\u00f3n, Talca, Putaendo, Santiago, etc.).<\/p>\n\n\n\n<p class=\"wp-block-paragraph\"><strong>El tribunal rechaz\u00f3 las defensas basadas en investigaciones can\u00f3nicas (las consider\u00f3 tard\u00edas, reactivas e insuficientes frente al derecho estatal) y concluy\u00f3 que las deficiencias estructurales de la congregaci\u00f3n (falta de protocolos de prevenci\u00f3n, traslados discretos de agresores, dispensas de celibato para evitar dimisiones formales y primac\u00eda de la imagen institucional) fueron causa determinante del da\u00f1o.<\/strong><\/p>\n\n\n\n<p class=\"wp-block-paragraph\"><strong>Fundamentos clave del fallo<\/strong><\/p>\n\n\n\n<ul class=\"wp-block-list\">\n<li><strong>Se acredit\u00f3 un patr\u00f3n sistem\u00e1tico e institucional: no meras negligencias individuales,<br>sino deficiencias estructurales que permitieron abusos reiterados.<\/strong><\/li>\n\n\n\n<li><\/li>\n\n\n\n<li><strong>Incumplimiento del deber de cuidado<\/strong>: se mantuvo en contacto con menores a religiosos<br>con antecedentes; las denuncias se resolvieron con traslados internos (ej: Rimsky<br>Rojas enviado a \u00c1frica tras denuncias en Valdivia) en lugar de recurrir a la justicia<br>ordinaria.<\/li>\n\n\n\n<li><\/li>\n\n\n\n<li><strong>Ausencia total de protocolos de prevenci\u00f3n o denuncia entre 1973 y 2009, calificada<br>como infracci\u00f3n grave por s\u00ed sola.<\/strong><\/li>\n\n\n\n<li><strong>Se reconoci\u00f3 subordinaci\u00f3n material de los sacerdotes a la jerarqu\u00eda salesiana (votos<br>de obediencia, traslados, sanciones), generando responsabilidad de la entidad por<br>actos de sus miembros.<\/strong><\/li>\n\n\n\n<li><br><strong>Estado actual<\/strong>: Fallo de primera instancia; ambas partes eval\u00faan apelar. V\u00edctimas buscan<br>indemnizaciones de hasta $100 millones por persona; la Congregaci\u00f3n podr\u00eda recurrir a<br>instancias superiores. Tambi\u00e9n se analiza reactivar la investigaci\u00f3n penal cerrada<br>previamente por la Fiscal\u00eda.<\/li>\n\n\n\n<li><br><strong>Sacerdotes implicados<\/strong>: Alejandro Caut\u00edn Ramos (Instituto Don Bosco, Punta Arenas,<br>desde 1974), Rimsky Rojas Andrade (Valdivia), Sergio Aravena y otros, con denuncias<br>hist\u00f3ricas no tramitadas oportunamente por la orden.<\/li>\n<\/ul>\n\n\n\n<p class=\"wp-block-paragraph\"><strong>LA CENSURA DE ESTE FALLO JUDICIAL POR LOS MEDIOS DE COMUNICACI\u00d3N CHILENOS, &#8211; A EXCEPCI\u00d3N DE RADIO BIOBIO &#8211; Y EL.SILENCIAMIENTO COM\u00daN Y LA NULA CONDENA DE PARTE DE TODOS LOS PARTIDOS y L\u00cdDERES POL\u00cdTICOS , DEMUESTRA C\u00d3MO EL ESTADO VATICANO CONTROLA EL ESTADO CHILENO A TRAV\u00c9S DE SUS OPERADORES POL\u00cdTICOS Y PERIOD\u00cdSTICOS, CAUSANDO UN GRAVE DA\u00d1O A LA SOBERAN\u00cdA NACIONAL.<\/strong><\/p>\n\n\n\n<p class=\"wp-block-paragraph\"><strong>QU\u00c9 REVELA UNA B\u00daSQUEDA P\u00daBLICA HECHA CON LA INTELIGENCIA ARTIFICIAL <\/strong><\/p>\n\n\n\n<p class=\"wp-block-paragraph\">Tras b\u00fasquedas exhaustivas en prensa chilena (BioBioChile, El Mostrador, Vida Nueva y otras), sitios oficiales y X (Twitter), no aparecen declaraciones p\u00fablicas relevantes de las categor\u00edas solicitadas que condenen espec\u00edficamente el delito\/patr\u00f3n de la Congregaci\u00f3n Salesiana a ra\u00edz de este fallo de julio de 2026:<\/p>\n\n\n\n<p class=\"wp-block-paragraph\"><br><strong>1.- Autoridades pol\u00edticas y de gobierno (Presidencia, ministros, parlamentarios, etc.)<\/strong>: No se registran comunicados, declaraciones oficiales ni reacciones p\u00fablicas destacadas del gobierno ni de figuras pol\u00edticas principales condenando el caso o el fallo.<\/p>\n\n\n\n<p class=\"wp-block-paragraph\"><br><strong>2.- Colegio M\u00e9dico<\/strong>: No hay menciones de pronunciamientos.<\/p>\n\n\n\n<p class=\"wp-block-paragraph\"><br><strong>3.- Organizaciones de derechos humanos (INDH, Amnist\u00eda Internacional u otras)<\/strong>: Tampoco aparecen declaraciones p\u00fablicas vinculadas a esta sentencia concreta.<\/p>\n\n\n\n<p class=\"wp-block-paragraph\"><strong>Declaraciones eclesi\u00e1sticas \/ de la propia Congregaci\u00f3n<\/strong><\/p>\n\n\n\n<p class=\"wp-block-paragraph\">La Congregaci\u00f3n Salesiana s\u00ed se pronunci\u00f3 (principalmente en el marco del juicio y reportajes posteriores). Seg\u00fan los reportajes de BioBio Investiga y cobertura relacionada:<\/p>\n\n\n\n<p class=\"wp-block-paragraph\">1.- Manifestaron que \u201crepudian energ\u00e9ticamente\u201d los abusos sexuales (en l\u00ednea con la postura general de la Iglesia Cat\u00f3lica).<\/p>\n\n\n\n<p class=\"wp-block-paragraph\">2.- Indicaron que han recibido denuncias, iniciado investigaciones can\u00f3nicas, colaborado con el Ministerio P\u00fablico y apoyado econ\u00f3micamente tratamientos psicol\u00f3gicos a algunos denunciantes como medida de apoyo y reparaci\u00f3n.<\/p>\n\n\n\n<p class=\"wp-block-paragraph\">3.- Negaron la existencia de \u201cuna organizaci\u00f3n o estructura al interior de la Congregaci\u00f3n Salesiana destinada a propiciar y silenciar abusos\u201d.<\/p>\n\n\n\n<p class=\"wp-block-paragraph\">4.- Argumentaron que entre 1973 y 2009 \u201cno exist\u00eda un protocolo para casos de esta naturaleza ni exist\u00edan las obligaciones de los establecimientos de denunciar este tipo de situaciones\u201d.<\/p>\n\n\n\n<p class=\"wp-block-paragraph\"><strong>No se encontraron comunicados p\u00fablicos de la Conferencia Episcopal de Chile, del cardenal Chomali u otros obispos\/arzobispos reaccionando espec\u00edficamente a este fallo civil de 2026.<\/strong><\/p>\n\n\n\n<p class=\"wp-block-paragraph\"><strong>REACCIONES DE LAS V\u00cdCTIMAS <\/strong><\/p>\n\n\n\n<p class=\"wp-block-paragraph\"><strong>V\u00edctimas y su abogado (destacado Marcelo Vargas, una de las v\u00edctimas)<\/strong>: Expresaron satisfacci\u00f3n porque el fallo confirma lo que denunciaron hace a\u00f1os: que la congregaci\u00f3n no tom\u00f3 medidas de cuidado, se limit\u00f3 a trasladar a los sacerdotes, otorgar dispensas y realizar sumarios can\u00f3nicos ineficaces sin denunciar a la justicia estatal. Est\u00e1n apelando para subir las indemnizaciones a $900 millones en total y eval\u00faan pedir la reapertura de la investigaci\u00f3n penal.<\/p>\n\n\n\n<p class=\"wp-block-paragraph\"><strong>OTRA COVERTURA MEDI\u00c1TICA <\/strong><\/p>\n\n\n\n<p class=\"wp-block-paragraph\">Hay cobertura medi\u00e1tica cr\u00edtica (<strong>periodistas de investigaci\u00f3n se\u00f1alan inacci\u00f3n del Ministerio P\u00fablico en el \u00e1mbito penal<\/strong>) y columnas de opini\u00f3n que destacan el car\u00e1cter hist\u00f3rico del fallo al reconocer el patr\u00f3n institucional, pero no constituyen declaraciones de las instituciones solicitadas.<\/p>\n\n\n\n<p class=\"wp-block-paragraph\"><strong>En resumen<\/strong>: El hecho judicial est\u00e1 ampliamente documentado y es considerado un hito por reconocer responsabilidad institucional (no solo hechos aislados). Sin embargo, al momento de las b\u00fasquedas (hasta principios de Agosto 2026), no se registran declaraciones p\u00fablicas de condena por parte de autoridades pol\u00edticas\/gubernamentales, del Colegio M\u00e9dico ni de organizaciones de derechos humanos espec\u00edficas sobre este caso. Las reacciones eclesi\u00e1sticas se limitan a la postura de la propia Congregaci\u00f3n Salesiana (repudio general + negaci\u00f3n de estructura organizada).<\/p>\n\n\n\n<p class=\"wp-block-paragraph\"><strong>Resultado de la b\u00fasqueda en sitios oficiales de partidos pol\u00edticos:<\/strong><\/p>\n\n\n\n<p class=\"wp-block-paragraph\">Despu\u00e9s de revisar los sitios web oficiales y secciones de noticias\/comunicados de los principales partidos (incluyendo b\u00fasquedas espec\u00edficas con operadores <strong>site: <\/strong>y revisi\u00f3n de las p\u00e1ginas principales y de actualidad de Julio-Agosto 2026), no se encontraron declaraciones p\u00fablicas, comunicados ni pronunciamientos condenatorios referidos al caso de la Congregaci\u00f3n Salesiana ni al fallo del S\u00e9ptimo Juzgado Civil de Santiago del 14 de Julio de 2026.<\/p>\n\n\n\n<p class=\"wp-block-paragraph\"><strong>Partidos revisados y sitios consultados:<\/strong><\/p>\n\n\n\n<p class=\"wp-block-paragraph\"><strong>Partido Comunista de Chile<\/strong> \u2192 pcchile.cl<br>Secciones de noticias y declaraciones p\u00fablicas. Ninguna menci\u00f3n al tema.<\/p>\n\n\n\n<p class=\"wp-block-paragraph\"><strong>Partido Socialista de Chile<\/strong> \u2192 pschile.cl<br>Noticias y declaraciones recientes. Ninguna referencia.<\/p>\n\n\n\n<p class=\"wp-block-paragraph\"><strong>Partido Republicano de Chile<\/strong> \u2192 partidorepublicanodechile.cl<br>Noticias y comunicados de julio-agosto 2026. Sin menciones.<\/p>\n\n\n\n<p class=\"wp-block-paragraph\"><strong>Partido Nacional Libertario<\/strong> \u2192 nacionallibertario.cl<br>Publicaciones oficiales y noticias. Sin referencias.<\/p>\n\n\n\n<p class=\"wp-block-paragraph\">Tambi\u00e9n se buscaron menciones en relaci\u00f3n con <strong>Democracia Cristiana<\/strong> y otros partidos del espectro (PPD, RD, etc.) a trav\u00e9s de b\u00fasquedas generales vinculadas a sus nombres oficiales + \u201cSalesiana\u201d \/ \u201cSalesianos\u201d \/ \u201cabusos\u201d + 2026. No aparecieron comunicados oficiales.<\/p>\n\n\n\n<p class=\"wp-block-paragraph\"><strong>Conclusi\u00f3n<\/strong>: <br><strong>Hasta la fecha (7 de Agosto de 2026), ninguno de los partidos pol\u00edticos consultados ha emitido una declaraci\u00f3n p\u00fablica en sus p\u00e1ginas oficiales condenando el patr\u00f3n sistem\u00e1tico e institucional de abusos y encubrimiento establecido por el tribunal en contra de la Congregaci\u00f3n Salesiana.<\/strong><br><strong>Las \u00fanicas reacciones p\u00fablicas detectadas siguen siendo las de las v\u00edctimas y sus abogados, la cobertura period\u00edstica (especialmente BioBioChile y El Mostrador) y la postura de la propia Congregaci\u00f3n Salesiana (repudio general a los abusos + negaci\u00f3n de una estructura organizada de encubrimiento).<\/strong><\/p>\n\n\n\n<p class=\"wp-block-paragraph\"><strong>ACTUALIZACI\u00d3N, VIDEO DE RADIO BIOBIO<\/strong><\/p>\n\n\n\n<figure class=\"wp-block-embed is-type-video is-provider-youtube wp-block-embed-youtube wp-embed-aspect-16-9 wp-has-aspect-ratio\"><div class=\"wp-block-embed__wrapper\">\n<span class=\"embed-youtube\" style=\"text-align:center; display: block;\"><iframe loading=\"lazy\" class=\"youtube-player\" width=\"656\" height=\"369\" src=\"https:\/\/www.youtube.com\/embed\/MO7cq3DrE84?version=3&#038;rel=1&#038;showsearch=0&#038;showinfo=1&#038;iv_load_policy=1&#038;fs=1&#038;hl=es-ES&#038;autohide=2&#038;wmode=transparent\" allowfullscreen=\"true\" style=\"border:0;\" sandbox=\"allow-scripts allow-same-origin allow-popups allow-presentation allow-popups-to-escape-sandbox\"><\/iframe><\/span>\n<\/div><\/figure>\n\n\n\n<p class=\"wp-block-paragraph\">\ud83d\udc49 Si tu navegador no ve el video has click aqu\u00ed \ud83d\udc49 <a href=\"https:\/\/youtu.be\/MO7cq3DrE84?si=FenLvRBohkhxLlxl\">https:\/\/youtu.be\/MO7cq3DrE84?si=FenLvRBohkhxLlxl<\/a><\/p>\n\n\n\n<p class=\"wp-block-paragraph\"><\/p>\n","protected":false},"excerpt":{"rendered":"<p>Actualizado 9 Agosto 2026 De forma ins\u00f3lita pero intencionada los legisladores cat\u00f3licos de Chile han creado dos leyes que impiden al Estado caducar la personalidad jur\u00eddica de congregaciones cat\u00f3licas que, seg\u00fan la Justicia, son organizaciones con fines de pedofilia contra ni\u00f1os y abusos sexuales contra adultos. sicoterapia.org PEDOFILIA ECLESI\u00c1STICA CONTRA NI\u00d1OS Y CIUDADANOS CHILENOS VIOLA &hellip; <a href=\"https:\/\/sicoterapia.org\/?p=8449\" class=\"more-link\">Sigue leyendo <span class=\"screen-reader-text\">El Estado Vaticano viola la soberania y las leyes de Chile. Pedofilia institucional Cat\u00f3lica sin castigo penal.<\/span><\/a><\/p>\n","protected":false},"author":8706321,"featured_media":0,"comment_status":"closed","ping_status":"closed","sticky":false,"template":"","format":"standard","meta":{"_coblocks_attr":"","_coblocks_dimensions":"","_coblocks_responsive_height":"","_coblocks_accordion_ie_support":"","advanced_seo_description":"","jetpack_seo_html_title":"","jetpack_seo_noindex":false,"jetpack_seo_schema_type":"","_jetpack_newsletter_access":"","_jetpack_dont_email_post_to_subs":false,"_jetpack_newsletter_tier_id":0,"_jetpack_memberships_contains_paywalled_content":false,"_wpcom_ai_launchpad_first_post":false,"_jetpack_feature_clip_id":0,"_jetpack_memberships_contains_paid_content":false,"footnotes":"","jetpack_publicize_message":"","jetpack_publicize_feature_enabled":true,"jetpack_social_post_already_shared":true,"jetpack_social_options":{"image_generator_settings":{"template":"highway","default_image_id":0,"font":"","enabled":false},"version":2},"jetpack_post_was_ever_published":false},"categories":[2367,2372,3503,798,6493,116],"tags":[537783,709311,7520,821198,116657774,104615,86219,771840851,2972101,68546],"class_list":["post-8449","post","type-post","status-publish","format-standard","hentry","category-cultura","category-economia","category-historia","category-politica","category-publicaciones","category-religion","tag-abuso-infantil","tag-abuso-sexual","tag-chile","tag-crimen-organizado","tag-fraude-religioso","tag-iglesia-catolica","tag-pedofilia","tag-supersticion-religiosa","tag-teocracia","tag-vaticano"],"jetpack_publicize_connections":[],"jetpack_likes_enabled":true,"jetpack_sharing_enabled":true,"jetpack_shortlink":"https:\/\/wp.me\/pzfQN-2ch","jetpack-related-posts":[],"jetpack_featured_media_url":"","_links":{"self":[{"href":"https:\/\/sicoterapia.org\/index.php?rest_route=\/wp\/v2\/posts\/8449","targetHints":{"allow":["GET"]}}],"collection":[{"href":"https:\/\/sicoterapia.org\/index.php?rest_route=\/wp\/v2\/posts"}],"about":[{"href":"https:\/\/sicoterapia.org\/index.php?rest_route=\/wp\/v2\/types\/post"}],"author":[{"embeddable":true,"href":"https:\/\/sicoterapia.org\/index.php?rest_route=\/wp\/v2\/users\/8706321"}],"replies":[{"embeddable":true,"href":"https:\/\/sicoterapia.org\/index.php?rest_route=%2Fwp%2Fv2%2Fcomments&post=8449"}],"version-history":[{"count":23,"href":"https:\/\/sicoterapia.org\/index.php?rest_route=\/wp\/v2\/posts\/8449\/revisions"}],"predecessor-version":[{"id":8877,"href":"https:\/\/sicoterapia.org\/index.php?rest_route=\/wp\/v2\/posts\/8449\/revisions\/8877"}],"wp:attachment":[{"href":"https:\/\/sicoterapia.org\/index.php?rest_route=%2Fwp%2Fv2%2Fmedia&parent=8449"}],"wp:term":[{"taxonomy":"category","embeddable":true,"href":"https:\/\/sicoterapia.org\/index.php?rest_route=%2Fwp%2Fv2%2Fcategories&post=8449"},{"taxonomy":"post_tag","embeddable":true,"href":"https:\/\/sicoterapia.org\/index.php?rest_route=%2Fwp%2Fv2%2Ftags&post=8449"}],"curies":[{"name":"wp","href":"https:\/\/api.w.org\/{rel}","templated":true}]}}