{"id":8386,"date":"2026-08-03T22:21:26","date_gmt":"2026-08-03T22:21:26","guid":{"rendered":"https:\/\/sicoterapia.org\/?p=8386"},"modified":"2026-08-05T10:41:20","modified_gmt":"2026-08-05T10:41:20","slug":"abusos-sexuales-en-la-congregacion-salesiana-investigacion-periodistica-y-avance-judicial-en-chile","status":"publish","type":"post","link":"https:\/\/sicoterapia.org\/?p=8386","title":{"rendered":"Abusos sexuales en la Congregaci\u00f3n Salesiana. Investigaci\u00f3n period\u00edstica y avance judicial en Chile."},"content":{"rendered":"\n<p class=\"wp-block-paragraph\"><strong>Una investigaci\u00f3n publicada por BioBioChile re\u00fane testimonios y antecedentes que describen abusos sexuales cometidos durante d\u00e9cadas en establecimientos de la Congregaci\u00f3n Salesiana en Chile<\/strong>.<\/p>\n\n\n\n<p class=\"wp-block-paragraph\"><strong>sicoterapia.org<\/strong>.<\/p>\n\n\n\n<p class=\"wp-block-paragraph\">Seg\u00fan los reportajes, las denuncias abarcan hechos ocurridos aproximadamente entre 1973 y 2009 y relatan episodios atribuidos a distintos sacerdotes y colaboradores de la instituci\u00f3n en diversas ciudades del pa\u00eds.<\/p>\n\n\n\n<p class=\"wp-block-paragraph\">De acuerdo con las publicaciones, los testimonios sostienen que existieron mecanismos de silencio, traslados de religiosos denunciados y omisiones institucionales que dificultaron la detecci\u00f3n y denuncia de los hechos. Los reportajes presentan declaraciones de v\u00edctimas y documentaci\u00f3n utilizada en procesos judiciales civiles.<\/p>\n\n\n\n<figure class=\"wp-block-image size-large\"><a href=\"https:\/\/i0.wp.com\/sicoterapia.org\/wp-content\/uploads\/2026\/08\/salesianbiochile.png?ssl=1\"><img data-recalc-dims=\"1\" loading=\"lazy\" decoding=\"async\" width=\"656\" height=\"984\" data-attachment-id=\"8397\" data-permalink=\"https:\/\/sicoterapia.org\/?attachment_id=8397\" data-orig-file=\"https:\/\/i0.wp.com\/sicoterapia.org\/wp-content\/uploads\/2026\/08\/salesianbiochile.png?fit=1024%2C1536&amp;ssl=1\" data-orig-size=\"1024,1536\" data-comments-opened=\"0\" data-image-meta=\"{&quot;aperture&quot;:&quot;0&quot;,&quot;credit&quot;:&quot;&quot;,&quot;camera&quot;:&quot;&quot;,&quot;caption&quot;:&quot;&quot;,&quot;created_timestamp&quot;:&quot;0&quot;,&quot;copyright&quot;:&quot;&quot;,&quot;focal_length&quot;:&quot;0&quot;,&quot;iso&quot;:&quot;0&quot;,&quot;shutter_speed&quot;:&quot;0&quot;,&quot;title&quot;:&quot;&quot;,&quot;orientation&quot;:&quot;0&quot;,&quot;alt&quot;:&quot;&quot;}\" data-image-title=\"salesianbiochile\" data-image-description=\"\" data-image-caption=\"\" data-large-file=\"https:\/\/i0.wp.com\/sicoterapia.org\/wp-content\/uploads\/2026\/08\/salesianbiochile.png?fit=656%2C984&amp;ssl=1\" src=\"https:\/\/i0.wp.com\/sicoterapia.org\/wp-content\/uploads\/2026\/08\/salesianbiochile.png?resize=656%2C984&#038;ssl=1\" alt=\"\" class=\"wp-image-8397\" srcset=\"https:\/\/i0.wp.com\/sicoterapia.org\/wp-content\/uploads\/2026\/08\/salesianbiochile.png?resize=683%2C1024&amp;ssl=1 683w, https:\/\/i0.wp.com\/sicoterapia.org\/wp-content\/uploads\/2026\/08\/salesianbiochile.png?resize=200%2C300&amp;ssl=1 200w, https:\/\/i0.wp.com\/sicoterapia.org\/wp-content\/uploads\/2026\/08\/salesianbiochile.png?resize=768%2C1152&amp;ssl=1 768w, https:\/\/i0.wp.com\/sicoterapia.org\/wp-content\/uploads\/2026\/08\/salesianbiochile.png?w=1024&amp;ssl=1 1024w\" sizes=\"auto, (max-width: 656px) 100vw, 656px\" \/><\/a><\/figure>\n\n\n\n<p class=\"wp-block-paragraph\"><\/p>\n\n\n\n<p class=\"wp-block-paragraph\">En Julio de 2026, el S\u00e9ptimo Juzgado Civil de Santiago conden\u00f3 a la Congregaci\u00f3n Salesiana a indemnizar con un total de $325 millones a ocho de nueve demandantes, concluyendo que la instituci\u00f3n incurri\u00f3 en omisiones, encubrimiento y silenciamiento de los abusos sexuales acreditados en la causa civil. Posteriormente, las v\u00edctimas apelaron el fallo solicitando que la indemnizaci\u00f3n total sea elevada a $900 millones, argumentando que el monto fijado no representa adecuadamente la magnitud del da\u00f1o sufrido durante a\u00f1os. Esa apelaci\u00f3n permanece en tramitaci\u00f3n.<\/p>\n\n\n\n<p class=\"wp-block-paragraph\"><\/p>\n\n\n\n<figure class=\"wp-block-image size-large\"><a href=\"https:\/\/i0.wp.com\/sicoterapia.org\/wp-content\/uploads\/2026\/08\/vaticanosales666.jpg?ssl=1\"><img data-recalc-dims=\"1\" loading=\"lazy\" decoding=\"async\" width=\"656\" height=\"556\" data-attachment-id=\"8442\" data-permalink=\"https:\/\/sicoterapia.org\/?attachment_id=8442\" data-orig-file=\"https:\/\/i0.wp.com\/sicoterapia.org\/wp-content\/uploads\/2026\/08\/vaticanosales666.jpg?fit=1080%2C915&amp;ssl=1\" data-orig-size=\"1080,915\" data-comments-opened=\"0\" data-image-meta=\"{&quot;aperture&quot;:&quot;0&quot;,&quot;credit&quot;:&quot;&quot;,&quot;camera&quot;:&quot;&quot;,&quot;caption&quot;:&quot;&quot;,&quot;created_timestamp&quot;:&quot;0&quot;,&quot;copyright&quot;:&quot;&quot;,&quot;focal_length&quot;:&quot;0&quot;,&quot;iso&quot;:&quot;0&quot;,&quot;shutter_speed&quot;:&quot;0&quot;,&quot;title&quot;:&quot;&quot;,&quot;orientation&quot;:&quot;0&quot;,&quot;alt&quot;:&quot;&quot;}\" data-image-title=\"vaticanosales666\" data-image-description=\"\" data-image-caption=\"\" data-large-file=\"https:\/\/i0.wp.com\/sicoterapia.org\/wp-content\/uploads\/2026\/08\/vaticanosales666.jpg?fit=656%2C556&amp;ssl=1\" src=\"https:\/\/i0.wp.com\/sicoterapia.org\/wp-content\/uploads\/2026\/08\/vaticanosales666.jpg?resize=656%2C556&#038;ssl=1\" alt=\"\" class=\"wp-image-8442\" srcset=\"https:\/\/i0.wp.com\/sicoterapia.org\/wp-content\/uploads\/2026\/08\/vaticanosales666.jpg?resize=1024%2C868&amp;ssl=1 1024w, https:\/\/i0.wp.com\/sicoterapia.org\/wp-content\/uploads\/2026\/08\/vaticanosales666.jpg?resize=300%2C254&amp;ssl=1 300w, https:\/\/i0.wp.com\/sicoterapia.org\/wp-content\/uploads\/2026\/08\/vaticanosales666.jpg?resize=768%2C651&amp;ssl=1 768w, https:\/\/i0.wp.com\/sicoterapia.org\/wp-content\/uploads\/2026\/08\/vaticanosales666.jpg?w=1080&amp;ssl=1 1080w\" sizes=\"auto, (max-width: 656px) 100vw, 656px\" \/><\/a><\/figure>\n\n\n\n<p class=\"wp-block-paragraph\"><strong>Desde una perspectiva psicol\u00f3gica<\/strong><\/p>\n\n\n\n<p class=\"wp-block-paragraph\">Las investigaciones sobre trauma muestran que el abuso sexual durante la infancia o adolescencia puede producir consecuencias de largo plazo, entre ellas trastorno por estr\u00e9s postraum\u00e1tico, depresi\u00f3n, ansiedad, dificultades en las relaciones interpersonales, p\u00e9rdida de confianza en figuras de autoridad y sentimientos persistentes de culpa o verg\u00fcenza. Cada persona, sin embargo, experimenta y procesa el trauma de manera diferente.<\/p>\n\n\n\n<p class=\"wp-block-paragraph\">El reconocimiento institucional, la b\u00fasqueda de verdad, la justicia y el acceso a apoyo psicol\u00f3gico especializado son considerados elementos relevantes dentro de los procesos de reparaci\u00f3n para las v\u00edctimas.<\/p>\n\n\n\n<p class=\"wp-block-paragraph\">Ver art\u00edculos de Radio BioBio:<\/p>\n\n\n\n<p class=\"wp-block-paragraph\">1.- <a href=\"https:\/\/www.biobiochile.cl\/especial\/bbcl-investiga\/noticias\/reportajes\/2026\/08\/04\/abusos-sexuales-traslado-a-africa-y-encubrimiento-los-archivos-secretos-de-la-orden-salesiana.shtml\" data-type=\"link\" data-id=\"https:\/\/www.biobiochile.cl\/especial\/bbcl-investiga\/noticias\/reportajes\/2026\/08\/04\/abusos-sexuales-traslado-a-africa-y-encubrimiento-los-archivos-secretos-de-la-orden-salesiana.shtml\">Abusos sexuales, traslado a \u00c1frica y encubrimiento: los archivos secretos de la orden Salesiana<\/a>.<\/p>\n\n\n\n<p class=\"wp-block-paragraph\">2.- <a href=\"https:\/\/www.biobiochile.cl\/especial\/bbcl-investiga\/noticias\/reportajes\/2026\/08\/03\/abusos-en-el-salesiano-los-testimonios-secretos-que-revelaron-oscura-trama-sexual-en-colegios.shtml\" data-type=\"link\" data-id=\"https:\/\/www.biobiochile.cl\/especial\/bbcl-investiga\/noticias\/reportajes\/2026\/08\/03\/abusos-en-el-salesiano-los-testimonios-secretos-que-revelaron-oscura-trama-sexual-en-colegios.shtml\">Abusos en el Salesiano. los testimonios secretos que revelaron oscura trama sexual en colegios<\/a><\/p>\n\n\n\n<p class=\"wp-block-paragraph\">3.- <a href=\"https:\/\/www.biobiochile.cl\/noticias\/nacional\/chile\/2026\/07\/14\/congregacion-salesiana-debera-paga-325-millones-por-omitir-encubrir-y-silenciar-abusos-sexuales.shtml\" data-type=\"link\" data-id=\"https:\/\/www.biobiochile.cl\/noticias\/nacional\/chile\/2026\/07\/14\/congregacion-salesiana-debera-paga-325-millones-por-omitir-encubrir-y-silenciar-abusos-sexuales.shtml\">Congregaci\u00f3n Salesiana deber\u00e1 paga $325 millones por omitir, encubrir y silenciar abusos sexuales.<\/a><\/p>\n\n\n\n<p class=\"wp-block-paragraph\">4.- <a href=\"https:\/\/www.biobiochile.cl\/noticias\/nacional\/region-de-los-rios\/2026\/07\/29\/victimas-de-abusos-en-congregacion-salesiana-apelan-fallo-y-piden-elevar-indemnizacion-a-900-millones.shtml\" data-type=\"link\" data-id=\"https:\/\/www.biobiochile.cl\/noticias\/nacional\/region-de-los-rios\/2026\/07\/29\/victimas-de-abusos-en-congregacion-salesiana-apelan-fallo-y-piden-elevar-indemnizacion-a-900-millones.shtml\">V\u00edctimas de abusos en Congregaci\u00f3n Salesiana apelan fallo y piden elevar indemnizaci\u00f3n a $900 millones.<\/a><\/p>\n\n\n\n<p class=\"wp-block-paragraph\"><strong>M\u00e1s art\u00edculos sobre pedofilia e Iglesia Cat\u00f3lica:<\/strong><\/p>\n\n\n\n<p class=\"wp-block-paragraph\"><a href=\"https:\/\/sicoterapia.org\/?p=8276\" data-type=\"link\" data-id=\"https:\/\/sicoterapia.org\/?p=8276\">Crisis pol\u00edtica por justificaci\u00f3n de la pedofilia en streaming pol\u00edtico chileno.<\/a><\/p>\n\n\n\n<p class=\"wp-block-paragraph\"><a href=\"https:\/\/sicoterapia.org\/?p=8191\" data-type=\"link\" data-id=\"https:\/\/sicoterapia.org\/?p=8191\">Vaticano pag\u00f3 en un a\u00f1o USD 483,5 millones para cerrar y silenciar juicios por pedofilia y abusos sexuales.<\/a><\/p>\n\n\n\n<p class=\"wp-block-paragraph\"><a href=\"https:\/\/sicoterapia.org\/?p=8142\" data-type=\"link\" data-id=\"https:\/\/sicoterapia.org\/?p=8142\">La Arquidi\u00f3cesis de San Francisco paga 395 millones de d\u00f3lares para silenciar demandas por pedofilia.<\/a><\/p>\n\n\n\n<p class=\"wp-block-paragraph\"><a href=\"https:\/\/sicoterapia.org\/?p=8110\" data-type=\"link\" data-id=\"https:\/\/sicoterapia.org\/?p=8110\">\u00bfD\u00f3nde est\u00e1 Emanuela Orlandi? Vivir y Morir en el Vaticano<\/a>.<\/p>\n\n\n\n<p class=\"wp-block-paragraph\"><a href=\"https:\/\/sicoterapia.org\/?p=8023\" data-type=\"link\" data-id=\"https:\/\/sicoterapia.org\/?p=8023\">Sebasti\u00e1n Pi\u00f1era tambi\u00e9n financi\u00f3 con 20 mil d\u00f3lares a ONG haitiana que trafico ni\u00f1os.<\/a><\/p>\n\n\n\n<p class=\"wp-block-paragraph\"><a href=\"https:\/\/sicoterapia.org\/?p=7992\" data-type=\"link\" data-id=\"https:\/\/sicoterapia.org\/?p=7992\">Chile cat\u00f3lico, apost\u00f3lico y ped\u00f3filo.<\/a><\/p>\n\n\n\n<p class=\"wp-block-paragraph\"><a href=\"https:\/\/sicoterapia.org\/?p=7961\" data-type=\"link\" data-id=\"https:\/\/sicoterapia.org\/?p=7961\">M\u00e1s de 400 ni\u00f1os haitianos perdidos en Chile. Grave denuncia contra gobierno de Gabriel Boric, pero ex candidato presidencial Johannes Kaiser dice que ni\u00f1os son 16.000<\/a><\/p>\n\n\n\n<p class=\"wp-block-paragraph\"><a href=\"https:\/\/sicoterapia.org\/?p=7945\" data-type=\"link\" data-id=\"https:\/\/sicoterapia.org\/?p=7945\">La superstici\u00f3n religiosa y pol\u00edtica est\u00e1 impidiendo el avance de la Civilizaci\u00f3n.<\/a><\/p>\n\n\n\n<p class=\"wp-block-paragraph\"><a href=\"https:\/\/sicoterapia.org\/?p=7843\" data-type=\"link\" data-id=\"https:\/\/sicoterapia.org\/?p=7843\">C\u00f3mo Jeffrey Epstein y Ghislaine Maxwell pauteaban la Agenda 2030 de la ONU.<\/a><\/p>\n\n\n\n<p class=\"wp-block-paragraph\"><a href=\"https:\/\/sicoterapia.org\/?p=7795\" data-type=\"link\" data-id=\"https:\/\/sicoterapia.org\/?p=7795\">Importancia de la Figura Paterna o Figura Patriarcal en el desarrollo y orientaci\u00f3n sexual del ni\u00f1o.<\/a><\/p>\n\n\n\n<p class=\"wp-block-paragraph\"><a href=\"https:\/\/sicoterapia.org\/?p=7789\" data-type=\"link\" data-id=\"https:\/\/sicoterapia.org\/?p=7789\">Espa\u00f1a es un Estado confesional fallido.<\/a><\/p>\n\n\n\n<p class=\"wp-block-paragraph\"><\/p>\n\n\n\n<p class=\"wp-block-paragraph\"><\/p>\n","protected":false},"excerpt":{"rendered":"<p>Una investigaci\u00f3n publicada por BioBioChile re\u00fane testimonios y antecedentes que describen abusos sexuales cometidos durante d\u00e9cadas en establecimientos de la Congregaci\u00f3n Salesiana en Chile. sicoterapia.org. Seg\u00fan los reportajes, las denuncias abarcan hechos ocurridos aproximadamente entre 1973 y 2009 y relatan episodios atribuidos a distintos sacerdotes y colaboradores de la instituci\u00f3n en diversas ciudades del pa\u00eds. &hellip; <a href=\"https:\/\/sicoterapia.org\/?p=8386\" class=\"more-link\">Sigue leyendo <span class=\"screen-reader-text\">Abusos sexuales en la Congregaci\u00f3n Salesiana. Investigaci\u00f3n period\u00edstica y avance judicial en Chile.<\/span><\/a><\/p>\n","protected":false},"author":8706321,"featured_media":0,"comment_status":"closed","ping_status":"closed","sticky":false,"template":"","format":"standard","meta":{"_coblocks_attr":"","_coblocks_dimensions":"","_coblocks_responsive_height":"","_coblocks_accordion_ie_support":"","advanced_seo_description":"","jetpack_seo_html_title":"","jetpack_seo_noindex":false,"jetpack_seo_schema_type":"","_jetpack_newsletter_access":"","_jetpack_dont_email_post_to_subs":false,"_jetpack_newsletter_tier_id":0,"_jetpack_memberships_contains_paywalled_content":false,"_wpcom_ai_launchpad_first_post":false,"_jetpack_feature_clip_id":0,"_jetpack_memberships_contains_paid_content":false,"footnotes":"","jetpack_publicize_message":"","jetpack_publicize_feature_enabled":true,"jetpack_social_post_already_shared":true,"jetpack_social_options":{"image_generator_settings":{"template":"highway","default_image_id":0,"font":"","enabled":false},"version":2},"jetpack_post_was_ever_published":false},"categories":[6493],"tags":[537783,709311,181979,821198,164064602,58278,73079335,104615,86219,787829182,39937304,68546],"class_list":["post-8386","post","type-post","status-publish","format-standard","hentry","category-publicaciones","tag-abuso-infantil","tag-abuso-sexual","tag-catolicismo","tag-crimen-organizado","tag-crisis-mistica","tag-cristianismo","tag-delirio-religioso","tag-iglesia-catolica","tag-pedofilia","tag-religion","tag-trastorno-delirante","tag-vaticano"],"jetpack_publicize_connections":[],"jetpack_likes_enabled":true,"jetpack_sharing_enabled":true,"jetpack_shortlink":"https:\/\/wp.me\/pzfQN-2bg","jetpack-related-posts":[],"jetpack_featured_media_url":"","_links":{"self":[{"href":"https:\/\/sicoterapia.org\/index.php?rest_route=\/wp\/v2\/posts\/8386","targetHints":{"allow":["GET"]}}],"collection":[{"href":"https:\/\/sicoterapia.org\/index.php?rest_route=\/wp\/v2\/posts"}],"about":[{"href":"https:\/\/sicoterapia.org\/index.php?rest_route=\/wp\/v2\/types\/post"}],"author":[{"embeddable":true,"href":"https:\/\/sicoterapia.org\/index.php?rest_route=\/wp\/v2\/users\/8706321"}],"replies":[{"embeddable":true,"href":"https:\/\/sicoterapia.org\/index.php?rest_route=%2Fwp%2Fv2%2Fcomments&post=8386"}],"version-history":[{"count":19,"href":"https:\/\/sicoterapia.org\/index.php?rest_route=\/wp\/v2\/posts\/8386\/revisions"}],"predecessor-version":[{"id":8444,"href":"https:\/\/sicoterapia.org\/index.php?rest_route=\/wp\/v2\/posts\/8386\/revisions\/8444"}],"wp:attachment":[{"href":"https:\/\/sicoterapia.org\/index.php?rest_route=%2Fwp%2Fv2%2Fmedia&parent=8386"}],"wp:term":[{"taxonomy":"category","embeddable":true,"href":"https:\/\/sicoterapia.org\/index.php?rest_route=%2Fwp%2Fv2%2Fcategories&post=8386"},{"taxonomy":"post_tag","embeddable":true,"href":"https:\/\/sicoterapia.org\/index.php?rest_route=%2Fwp%2Fv2%2Ftags&post=8386"}],"curies":[{"name":"wp","href":"https:\/\/api.w.org\/{rel}","templated":true}]}}