{"id":8028,"date":"2026-06-30T06:33:28","date_gmt":"2026-06-30T06:33:28","guid":{"rendered":"http:\/\/sicoterapia.org\/2026\/06\/30\/ataque-terrorista-de-zelenski-en-monaco-contra-empresario-chipriota-vadim-ermolaev\/"},"modified":"2026-07-02T06:48:47","modified_gmt":"2026-07-02T06:48:47","slug":"ataque-terrorista-de-zelenski-en-monaco-contra-empresario-chipriota-vadim-ermolaev","status":"publish","type":"post","link":"https:\/\/sicoterapia.org\/?p=8028","title":{"rendered":"Ataque terrorista de Zelenski en M\u00f3naco, contra empresario chipriota Vadim Ermolaev."},"content":{"rendered":"\n<p class=\"wp-block-paragraph\">Ataque terrorista de Vladimir Zelenski en M\u00f3naco, contra empresario chipriota <strong>Vadim Ermolaev, <\/strong>quien renunci\u00f3 a la nacionalidad ucraniana en 2020.<\/p>\n\n\n\n<hr class=\"wp-block-separator has-alpha-channel-opacity\" \/>\n\n\n\n<p class=\"wp-block-paragraph\">sicoterapia.org<\/p>\n\n\n\n<hr class=\"wp-block-separator has-alpha-channel-opacity\" \/>\n\n\n\n<p class=\"wp-block-paragraph\">Ucrania, un pa\u00eds ajeno a Europa y a la OTAN, ejecuta un ataque terrorista con un paquete bomba contra la vida de <strong>Vadim Ermolaev (<\/strong>transliterado como <strong>Vadym Iermolaiev) <\/strong>en el Principado de M\u00f3naco, pa\u00eds europeo y protegido por la OTAN.<\/p>\n\n\n\n<p class=\"wp-block-paragraph\">Nacido en Ucrania, el empresario inmobiliario e industrial Ermolaev, huy\u00f3 de ese pa\u00eds por las continuas amenazas y ataques a su vida y a la de su familia por parte de Vladimir Zelenski y sus mafiosos organismos de seguridad. Se refugi\u00f3 en Chipre donde se nacionaliz\u00f3 chipriota en el a\u00f1o 2019 para luego renunciar a la ciudadan\u00eda ucraniana.<\/p>\n\n\n\n<p class=\"wp-block-paragraph\"><\/p>\n\n\n\n<figure class=\"wp-block-image size-large\"><img data-recalc-dims=\"1\" loading=\"lazy\" decoding=\"async\" width=\"656\" height=\"423\" data-attachment-id=\"8027\" data-permalink=\"https:\/\/sicoterapia.org\/?attachment_id=8027\" data-orig-file=\"https:\/\/i0.wp.com\/sicoterapia.org\/wp-content\/uploads\/2026\/06\/screenshot_20260630_022609_firefox5515570414671703147.jpg?fit=1080%2C697&amp;ssl=1\" data-orig-size=\"1080,697\" data-comments-opened=\"0\" data-image-meta=\"{&quot;aperture&quot;:&quot;0&quot;,&quot;credit&quot;:&quot;&quot;,&quot;camera&quot;:&quot;&quot;,&quot;caption&quot;:&quot;&quot;,&quot;created_timestamp&quot;:&quot;0&quot;,&quot;copyright&quot;:&quot;&quot;,&quot;focal_length&quot;:&quot;0&quot;,&quot;iso&quot;:&quot;0&quot;,&quot;shutter_speed&quot;:&quot;0&quot;,&quot;title&quot;:&quot;&quot;,&quot;orientation&quot;:&quot;1&quot;,&quot;alt&quot;:&quot;&quot;}\" data-image-title=\"screenshot_20260630_022609_firefox5515570414671703147\" data-image-description=\"\" data-image-caption=\"\" data-large-file=\"https:\/\/i0.wp.com\/sicoterapia.org\/wp-content\/uploads\/2026\/06\/screenshot_20260630_022609_firefox5515570414671703147.jpg?fit=656%2C423&amp;ssl=1\" src=\"https:\/\/i0.wp.com\/sicoterapia.org\/wp-content\/uploads\/2026\/06\/screenshot_20260630_022609_firefox5515570414671703147.jpg?resize=656%2C423&#038;ssl=1\" alt=\"\" class=\"wp-image-8027\" \/><\/figure>\n\n\n\n<p class=\"wp-block-paragraph\"><\/p>\n\n\n\n<p class=\"wp-block-paragraph\">La explosi\u00f3n tambi\u00e9n dej\u00f3 a otros dos heridos de gravedad, la mujer acompa\u00f1ante de Ermolaev de unos 60 a\u00f1os y un ni\u00f1o de 13 a\u00f1os, que fueron trasladados en condici\u00f3n de extrema gravedad a un hospital en la ciudad de Niza.<\/p>\n\n\n\n<p class=\"wp-block-paragraph\">Ermolaev est\u00e1 asociado con el Grupo Alef, un conglomerado comercial e industrial fundado en 1997, con intereses que abarcan bienes ra\u00edces, fabricaci\u00f3n, agronegocios, producci\u00f3n y comercio de alcohol. Alef Estate, fundada en 2001, se centra en la construcci\u00f3n comercial.<\/p>\n\n\n\n<p class=\"wp-block-paragraph\"><strong>REACCI\u00d3N DEL GOBIERNO DE M\u00d3NACO<\/strong><\/p>\n\n\n\n<p class=\"wp-block-paragraph\">El Jefe de gobierno de M\u00f3naco, Christophe Mirmand&nbsp; ha dicho que: <\/p>\n\n\n\n<blockquote class=\"wp-block-quote is-layout-flow wp-block-quote-is-layout-flow\">\n<p class=\"wp-block-paragraph\">\u201cEs la primera vez en la historia, que yo sepa, que se produce un acto de este tipo en el Principado\u201d.<\/p>\n<\/blockquote>\n\n\n\n<p class=\"wp-block-paragraph\">Al denunciar \u201cun crimen atroz\u201d, el pr\u00edncipe Alberto II de M\u00f3naco se refiri\u00f3 en un comunicado a \u201cun golpe para toda la comunidad monegasca\u201d y reafirm\u00f3 que \u201cla seguridad\u201d del microestado europeo \u201csiempre ha sido una prioridad\u201d y \u201clo seguir\u00e1 siendo m\u00e1s que nunca, sean cuales sean las amenazas\u201d.<\/p>\n\n\n\n<p class=\"wp-block-paragraph\">La polic\u00eda dijo que las im\u00e1genes de CCTV parecen mostrar a un hombre saliendo de una mochila en la entrada de la propiedad momentos antes de la explosi\u00f3n. La emisora francesa BFM TV describi\u00f3 el dispositivo como una \u201cbomba de paqueter\u00eda\u201d, mientras que los investigadores contin\u00faan buscando a un sospechoso. El ministro de Estado, Christophe Mirmand, declar\u00f3 que la bomba de mochila estaba llena de pernos y chabos de metal, causando un trauma extremo a las v\u00edctimas con Ermolaev que se entiende que est\u00e1 en estado cr\u00edtico, informa el Telegraph.<\/p>\n\n\n\n<p class=\"wp-block-paragraph\"><\/p>\n\n\n\n<figure class=\"wp-block-image size-large\"><img data-recalc-dims=\"1\" loading=\"lazy\" decoding=\"async\" width=\"656\" height=\"666\" data-attachment-id=\"8032\" data-permalink=\"https:\/\/sicoterapia.org\/?attachment_id=8032\" data-orig-file=\"https:\/\/i0.wp.com\/sicoterapia.org\/wp-content\/uploads\/2026\/06\/screenshot_20260702_024333_firefox4213213383317474408.jpg?fit=1080%2C1096&amp;ssl=1\" data-orig-size=\"1080,1096\" data-comments-opened=\"0\" data-image-meta=\"{&quot;aperture&quot;:&quot;0&quot;,&quot;credit&quot;:&quot;&quot;,&quot;camera&quot;:&quot;&quot;,&quot;caption&quot;:&quot;&quot;,&quot;created_timestamp&quot;:&quot;0&quot;,&quot;copyright&quot;:&quot;&quot;,&quot;focal_length&quot;:&quot;0&quot;,&quot;iso&quot;:&quot;0&quot;,&quot;shutter_speed&quot;:&quot;0&quot;,&quot;title&quot;:&quot;&quot;,&quot;orientation&quot;:&quot;1&quot;,&quot;alt&quot;:&quot;&quot;}\" data-image-title=\"screenshot_20260702_024333_firefox4213213383317474408\" data-image-description=\"\" data-image-caption=\"\" data-large-file=\"https:\/\/i0.wp.com\/sicoterapia.org\/wp-content\/uploads\/2026\/06\/screenshot_20260702_024333_firefox4213213383317474408.jpg?fit=656%2C666&amp;ssl=1\" src=\"https:\/\/i0.wp.com\/sicoterapia.org\/wp-content\/uploads\/2026\/06\/screenshot_20260702_024333_firefox4213213383317474408.jpg?resize=656%2C666&#038;ssl=1\" alt=\"\" class=\"wp-image-8032\" \/><figcaption class=\"wp-element-caption\">\ud83d\udc49<a href=\"https:\/\/monaco-hebdo.com\/dossier\/une-attaque-au-colis-piege-du-jamais-vu-a-monaco\/\" target=\"_blank\" rel=\"noreferrer noopener\">https:\/\/monaco-hebdo.com\/dossier\/une-attaque-au-colis-piege-du-jamais-vu-a-monaco\/<\/a><br><br> <\/figcaption><\/figure>\n\n\n\n<figure class=\"wp-block-image size-large\"><img data-recalc-dims=\"1\" loading=\"lazy\" decoding=\"async\" width=\"656\" height=\"602\" data-attachment-id=\"8033\" data-permalink=\"https:\/\/sicoterapia.org\/?attachment_id=8033\" data-orig-file=\"https:\/\/i0.wp.com\/sicoterapia.org\/wp-content\/uploads\/2026\/06\/screenshot_20260702_024557_firefox5394190230708479356.jpg?fit=1080%2C991&amp;ssl=1\" data-orig-size=\"1080,991\" data-comments-opened=\"0\" data-image-meta=\"{&quot;aperture&quot;:&quot;0&quot;,&quot;credit&quot;:&quot;&quot;,&quot;camera&quot;:&quot;&quot;,&quot;caption&quot;:&quot;&quot;,&quot;created_timestamp&quot;:&quot;0&quot;,&quot;copyright&quot;:&quot;&quot;,&quot;focal_length&quot;:&quot;0&quot;,&quot;iso&quot;:&quot;0&quot;,&quot;shutter_speed&quot;:&quot;0&quot;,&quot;title&quot;:&quot;&quot;,&quot;orientation&quot;:&quot;1&quot;,&quot;alt&quot;:&quot;&quot;}\" data-image-title=\"screenshot_20260702_024557_firefox5394190230708479356\" data-image-description=\"\" data-image-caption=\"\" data-large-file=\"https:\/\/i0.wp.com\/sicoterapia.org\/wp-content\/uploads\/2026\/06\/screenshot_20260702_024557_firefox5394190230708479356.jpg?fit=656%2C602&amp;ssl=1\" src=\"https:\/\/i0.wp.com\/sicoterapia.org\/wp-content\/uploads\/2026\/06\/screenshot_20260702_024557_firefox5394190230708479356.jpg?resize=656%2C602&#038;ssl=1\" alt=\"\" class=\"wp-image-8033\" \/><figcaption class=\"wp-element-caption\">\ud83d\udc49 <a href=\"https:\/\/monaco-hebdo.com\/dossier\/colis-piege-a-monaco-le-procureur-ouvre-une-enquete-pour-tentative-dassassinat\/\" target=\"_blank\" rel=\"noreferrer noopener\">https:\/\/monaco-hebdo.com\/dossier\/colis-piege-a-monaco-le-procureur-ouvre-une-enquete-pour-tentative-dassassinat\/<\/a><\/figcaption><\/figure>\n\n\n\n<p class=\"wp-block-paragraph\"><\/p>\n\n\n\n<figure class=\"wp-block-image size-large\"><img data-recalc-dims=\"1\" loading=\"lazy\" decoding=\"async\" width=\"656\" height=\"632\" data-attachment-id=\"8035\" data-permalink=\"https:\/\/sicoterapia.org\/?attachment_id=8035\" data-orig-file=\"https:\/\/i0.wp.com\/sicoterapia.org\/wp-content\/uploads\/2026\/06\/screenshot_20260702_024752_firefox1740772431229842937.jpg?fit=1080%2C1040&amp;ssl=1\" data-orig-size=\"1080,1040\" data-comments-opened=\"0\" data-image-meta=\"{&quot;aperture&quot;:&quot;0&quot;,&quot;credit&quot;:&quot;&quot;,&quot;camera&quot;:&quot;&quot;,&quot;caption&quot;:&quot;&quot;,&quot;created_timestamp&quot;:&quot;0&quot;,&quot;copyright&quot;:&quot;&quot;,&quot;focal_length&quot;:&quot;0&quot;,&quot;iso&quot;:&quot;0&quot;,&quot;shutter_speed&quot;:&quot;0&quot;,&quot;title&quot;:&quot;&quot;,&quot;orientation&quot;:&quot;1&quot;,&quot;alt&quot;:&quot;&quot;}\" data-image-title=\"screenshot_20260702_024752_firefox1740772431229842937\" data-image-description=\"\" data-image-caption=\"\" data-large-file=\"https:\/\/i0.wp.com\/sicoterapia.org\/wp-content\/uploads\/2026\/06\/screenshot_20260702_024752_firefox1740772431229842937.jpg?fit=656%2C632&amp;ssl=1\" src=\"https:\/\/i0.wp.com\/sicoterapia.org\/wp-content\/uploads\/2026\/06\/screenshot_20260702_024752_firefox1740772431229842937.jpg?resize=656%2C632&#038;ssl=1\" alt=\"\" class=\"wp-image-8035\" \/><figcaption class=\"wp-element-caption\">\ud83d\udc49 <a href=\"https:\/\/monaco-hebdo.com\/dossier\/vadim-ermolaev-parcours-fortune-et-controverses-dun-exile-ukrainien-dans-le-viseur-de-kiev\/\" target=\"_blank\" rel=\"noreferrer noopener\">https:\/\/monaco-hebdo.com\/dossier\/vadim-ermolaev-parcours-fortune-et-controverses-dun-exile-ukrainien-dans-le-viseur-de-kiev\/<\/a><\/figcaption><\/figure>\n\n\n\n<p class=\"wp-block-paragraph\"><\/p>\n\n\n\n<p class=\"wp-block-paragraph\">M\u00e1s informaci\u00f3n relacionada:<\/p>\n\n\n\n<ol class=\"wp-block-list\">\n<li><a href=\"https:\/\/www.opensanctions.org\/entities\/Q29865077\/\" target=\"_blank\" rel=\"noreferrer noopener\">UCRANIA DECRETA AMENAZAS CONTRA LA VIDA DE VADIM ERMOLAEV<\/a><\/li>\n\n\n\n<li> <a href=\"https:\/\/www.infobae.com\/america\/mundo\/2026\/06\/30\/atentado-terrorista-en-el-centro-de-monaco-un-paquete-bomba-dejo-a-tres-heridos\/\" target=\"_blank\" rel=\"noreferrer noopener\">Atentado terrorista en el centro de M\u00f3naco: un paquete bomba dej\u00f3 a tres heridos<\/a><\/li>\n<\/ol>\n","protected":false},"excerpt":{"rendered":"<p>Ataque terrorista de Vladimir Zelenski en M\u00f3naco, contra empresario chipriota Vadim Ermolaev, quien renunci\u00f3 a la nacionalidad ucraniana en 2020. sicoterapia.org Ucrania, un pa\u00eds ajeno a Europa y a la OTAN, ejecuta un ataque terrorista con un paquete bomba contra la vida de Vadim Ermolaev (transliterado como Vadym Iermolaiev) en el Principado de M\u00f3naco, pa\u00eds &hellip; <a href=\"https:\/\/sicoterapia.org\/?p=8028\" class=\"more-link\">Sigue leyendo <span class=\"screen-reader-text\">Ataque terrorista de Zelenski en M\u00f3naco, contra empresario chipriota Vadim Ermolaev.<\/span><\/a><\/p>\n","protected":false},"author":8706321,"featured_media":0,"comment_status":"closed","ping_status":"closed","sticky":false,"template":"","format":"standard","meta":{"_coblocks_attr":"","_coblocks_dimensions":"","_coblocks_responsive_height":"","_coblocks_accordion_ie_support":"","advanced_seo_description":"","jetpack_seo_html_title":"","jetpack_seo_noindex":false,"jetpack_seo_schema_type":"","_jetpack_newsletter_access":"","_jetpack_dont_email_post_to_subs":false,"_jetpack_newsletter_tier_id":0,"_jetpack_memberships_contains_paywalled_content":false,"_wpcom_ai_launchpad_first_post":false,"_jetpack_feature_clip_id":0,"_jetpack_memberships_contains_paid_content":false,"footnotes":"","jetpack_publicize_message":"","jetpack_publicize_feature_enabled":true,"jetpack_social_post_already_shared":false,"jetpack_social_options":{"image_generator_settings":{"template":"highway","default_image_id":0,"font":"","enabled":false},"version":2},"jetpack_post_was_ever_published":false},"categories":[2372,3503,798,6493],"tags":[821198,232181925,69333,75691,579220,900370,179214,137866772,675597834],"class_list":["post-8028","post","type-post","status-publish","format-standard","hentry","category-economia","category-historia","category-politica","category-publicaciones","tag-crimen-organizado","tag-guerra-de-ucrania","tag-monaco","tag-nato","tag-otan","tag-terrorismo-internacional","tag-ucrania","tag-vadim-ermolaev","tag-vladimir-zelenski"],"jetpack_publicize_connections":[],"jetpack_likes_enabled":true,"jetpack_sharing_enabled":true,"jetpack_shortlink":"https:\/\/wp.me\/pzfQN-25u","jetpack-related-posts":[],"jetpack_featured_media_url":"","_links":{"self":[{"href":"https:\/\/sicoterapia.org\/index.php?rest_route=\/wp\/v2\/posts\/8028","targetHints":{"allow":["GET"]}}],"collection":[{"href":"https:\/\/sicoterapia.org\/index.php?rest_route=\/wp\/v2\/posts"}],"about":[{"href":"https:\/\/sicoterapia.org\/index.php?rest_route=\/wp\/v2\/types\/post"}],"author":[{"embeddable":true,"href":"https:\/\/sicoterapia.org\/index.php?rest_route=\/wp\/v2\/users\/8706321"}],"replies":[{"embeddable":true,"href":"https:\/\/sicoterapia.org\/index.php?rest_route=%2Fwp%2Fv2%2Fcomments&post=8028"}],"version-history":[{"count":5,"href":"https:\/\/sicoterapia.org\/index.php?rest_route=\/wp\/v2\/posts\/8028\/revisions"}],"predecessor-version":[{"id":8036,"href":"https:\/\/sicoterapia.org\/index.php?rest_route=\/wp\/v2\/posts\/8028\/revisions\/8036"}],"wp:attachment":[{"href":"https:\/\/sicoterapia.org\/index.php?rest_route=%2Fwp%2Fv2%2Fmedia&parent=8028"}],"wp:term":[{"taxonomy":"category","embeddable":true,"href":"https:\/\/sicoterapia.org\/index.php?rest_route=%2Fwp%2Fv2%2Fcategories&post=8028"},{"taxonomy":"post_tag","embeddable":true,"href":"https:\/\/sicoterapia.org\/index.php?rest_route=%2Fwp%2Fv2%2Ftags&post=8028"}],"curies":[{"name":"wp","href":"https:\/\/api.w.org\/{rel}","templated":true}]}}