{"id":7992,"date":"2026-06-18T10:24:56","date_gmt":"2026-06-18T10:24:56","guid":{"rendered":"http:\/\/sicoterapia.org\/?p=7992"},"modified":"2026-08-22T06:15:35","modified_gmt":"2026-08-22T06:15:35","slug":"chile-catolico-apostolico-y-pedofilo","status":"publish","type":"post","link":"https:\/\/sicoterapia.org\/?p=7992","title":{"rendered":"Chile cat\u00f3lico, apost\u00f3lico y ped\u00f3filo"},"content":{"rendered":"\n<p class=\"wp-block-paragraph\">Actualizado 28 de Julio de 2026<\/p>\n\n\n\n<p class=\"wp-block-paragraph\">Chile se declara un pa\u00eds cat\u00f3lico y hasta ultra cat\u00f3lico con una larga y criminal tradici\u00f3n de abuso sexual infantil y pedofilia, tanto al interior de las familias como en la vida social e institucional. El pais est\u00e1 lleno de personas que son hijos e hijas del abuelo o del t\u00edo. Esto es muy f\u00e1cil comprobarlo con un simple y muy barato examen de sangre del grupo sanguineo y RH. Son datos estad\u00edsticos. En casos donde los autores son gente de la Iglesia o pol\u00edticos, a pesar del horror, se cierran los casos bajo un manto de escandalosa impunidad y rara vez se ha condenado a los culpables. \u00bf Y, por qu\u00e9? \u00a1Aqu\u00ed te lo explico!<\/p>\n\n\n\n<hr class=\"wp-block-separator has-alpha-channel-opacity\"\/>\n\n\n\n<p class=\"has-text-align-center wp-block-paragraph\">sicoterapia.org<\/p>\n\n\n\n<hr class=\"wp-block-separator has-alpha-channel-opacity\"\/>\n\n\n\n<p class=\"wp-block-paragraph\"><strong>\u00a1Impacto! Johannes Kaiser revela que cifra exacta de ni\u00f1os haitianos desaparecidos en Chile son 16.000.<\/strong><\/p>\n\n\n\n<figure class=\"wp-block-embed is-type-video is-provider-youtube wp-block-embed-youtube wp-embed-aspect-16-9 wp-has-aspect-ratio\"><div class=\"wp-block-embed__wrapper\">\n<span class=\"embed-youtube\" style=\"text-align:center; display: block;\"><iframe loading=\"lazy\" class=\"youtube-player\" width=\"656\" height=\"369\" src=\"https:\/\/www.youtube.com\/embed\/PBYtindo53w?version=3&#038;rel=1&#038;showsearch=0&#038;showinfo=1&#038;iv_load_policy=1&#038;fs=1&#038;hl=es-ES&#038;autohide=2&#038;wmode=transparent\" allowfullscreen=\"true\" style=\"border:0;\" sandbox=\"allow-scripts allow-same-origin allow-popups allow-presentation allow-popups-to-escape-sandbox\"><\/iframe><\/span>\n<\/div><\/figure>\n\n\n\n<p class=\"wp-block-paragraph\"><\/p>\n\n\n\n<p class=\"wp-block-paragraph\">Y, \u00bfQu\u00e9 tiene que ver que Chile sea un pa\u00eds cat\u00f3lico y hasta ultra cat\u00f3lico con el abuso sexual infantil y la pedofilia?, a prop\u00f3sito del actual caso de la red de tr\u00e1fico de ni\u00f1os y adolescentes haitianos a Chile durante el gobierno de Gabriel Boric y que est\u00e1 causando un terremoto pol\u00edtico hoy.<\/p>\n\n\n\n<p class=\"wp-block-paragraph\">Chile enfrenta serios desaf\u00edos en la protecci\u00f3n de ni\u00f1os, ni\u00f1as y adolescentes frente a la violencia sexual. Seg\u00fan datos oficiales de la Defensor\u00eda de la Ni\u00f1ez, solo en 2024 m\u00e1s de 39.000 menores fueron ingresados como v\u00edctimas de alguna forma de violencia sexual, cifra que representa una proporci\u00f3n muy alta de las denuncias por delitos sexuales ante el Ministerio P\u00fablico. Distintos informes del sistema de justicia han se\u00f1alado que una parte significativa de estas denuncias no concluye en condenas, lo que ha generado un debate p\u00fablico leg\u00edtimo sobre la efectividad de las investigaciones y la posible existencia de brechas que dificultan la sanci\u00f3n de los responsables.<\/p>\n\n\n\n<p class=\"wp-block-paragraph\"><br>En los \u00faltimos a\u00f1os, la sociedad chilena ha conocido casos graves de abusos sexuales cometidos por miembros del clero cat\u00f3lico, entre ellos el emblem\u00e1tico caso del sacerdote Fernando Karadima y otros que involucraron a distintas congregaciones religiosas. Estos episodios han sido objeto de investigaciones period\u00edsticas, judiciales y eclesiales, y han motivado reclamos de v\u00edctimas por mayor transparencia, rendici\u00f3n de cuentas y medidas de prevenci\u00f3n. La Iglesia Cat\u00f3lica en Chile ha adoptado algunas respuestas institucionales, aunque persisten demandas de sobrevivientes y organizaciones por justicia efectiva.<\/p>\n\n\n\n<p class=\"wp-block-paragraph\"><br>En relaci\u00f3n con el caso que ha generado gran preocupaci\u00f3n p\u00fablica en las \u00faltimas semanas, la Fiscal\u00eda Nacional abri\u00f3 una investigaci\u00f3n de oficio tras un informe de la Contralor\u00eda General de la Rep\u00fablica y una denuncia presentada por el Servicio Nacional de Migraciones (SERMIG). Los antecedentes dan cuenta de irregularidades en el ingreso a Chile durante 2025 de miles de ni\u00f1os, ni\u00f1as y adolescentes haitianos a trav\u00e9s de vuelos ch\u00e1rter, bajo la figura de reunificaci\u00f3n familiar. Se investiga si algunos de los adultos que acompa\u00f1aban a los menores actuaban realmente como familiares o si se configuran conductas de tr\u00e1fico de personas. Hasta el momento se desconoce el paradero de 16.000 ni\u00f1os haitianos y se han detectado patrones como el ingreso repetido de ciertos adultos con grupos de menores. Las autoridades competentes han enfatizado la necesidad de esclarecer estos hechos con rigor.<\/p>\n\n\n\n<p class=\"wp-block-paragraph\"><br>Estos antecedentes destacan la importancia de fortalecer los mecanismos de protecci\u00f3n a la infancia en todos los \u00e1mbitos \u2014familiar, social e institucional\u2014 y de mejorar los controles en los procesos migratorios. Es fundamental que las investigaciones en curso avancen con independencia, transparencia y celeridad, de modo que, de confirmarse responsabilidades penales, los culpables sean sancionados conforme a la ley, y que se implementen las medidas necesarias para resguardar el inter\u00e9s superior de los ni\u00f1os y prevenir situaciones similares.<\/p>\n\n\n\n<p class=\"wp-block-paragraph\">Y es que cada vez que la Iglesia Cat\u00f3lica o un pol\u00edtico con fuerte compromiso vaticano ha sido denunciado e investigado por casos de pedofilia y abuso sexual infantil o abuso sexual de adultos en la mayor\u00eda de las investigaciones judiciales los casos son cerrados sin condenas por jueces&nbsp;cat\u00f3licos con fuertes compromisos y lazos con la Iglesia y, al mismo tiempo, las investigaciones policiales ocultan y borran las pruebas acusatorias por polic\u00edas y altos mandos policiales que tambi\u00e9n son cat\u00f3licos y tienen fuertes compromisos y lazos con la Iglesia. \u00a1Pero si en Chile esos mismos jueces comulgan y las polic\u00edas tienen curas trabajando al interior de las instituciones!<\/p>\n\n\n\n<p class=\"wp-block-paragraph\">Para entender y comprender c\u00f3mo operan estas poderosas redes de impunidad primero te explico los siguiente: EL CONTEXTO DE LA IMPUNIDAD.<\/p>\n\n\n\n<p class=\"wp-block-paragraph\"><strong>C\u00d3MO OPERA EL SILENCIOSO CONTROL DEL ESTADO VATICANO, UN ESTADO EXTRANJERO,&nbsp;SOBRE LA INSTITUCIONALIDAD DE CHILE: UN ESTADO DENTRO DEL ESTADO. <\/strong><\/p>\n\n\n\n<p class=\"wp-block-paragraph\"><\/p>\n\n\n\n<figure class=\"wp-block-image size-large\"><img data-recalc-dims=\"1\" loading=\"lazy\" decoding=\"async\" width=\"656\" height=\"900\" data-attachment-id=\"8002\" data-permalink=\"https:\/\/sicoterapia.org\/?attachment_id=8002\" data-orig-file=\"https:\/\/i0.wp.com\/sicoterapia.org\/wp-content\/uploads\/2026\/06\/screenshot_20260618_064408_firefox8349589393440206668.jpg?fit=1080%2C1482&amp;ssl=1\" data-orig-size=\"1080,1482\" data-comments-opened=\"0\" data-image-meta=\"{&quot;aperture&quot;:&quot;0&quot;,&quot;credit&quot;:&quot;&quot;,&quot;camera&quot;:&quot;&quot;,&quot;caption&quot;:&quot;&quot;,&quot;created_timestamp&quot;:&quot;0&quot;,&quot;copyright&quot;:&quot;&quot;,&quot;focal_length&quot;:&quot;0&quot;,&quot;iso&quot;:&quot;0&quot;,&quot;shutter_speed&quot;:&quot;0&quot;,&quot;title&quot;:&quot;&quot;,&quot;orientation&quot;:&quot;1&quot;,&quot;alt&quot;:&quot;&quot;}\" data-image-title=\"screenshot_20260618_064408_firefox8349589393440206668\" data-image-description=\"\" data-image-caption=\"\" data-large-file=\"https:\/\/i0.wp.com\/sicoterapia.org\/wp-content\/uploads\/2026\/06\/screenshot_20260618_064408_firefox8349589393440206668.jpg?fit=656%2C900&amp;ssl=1\" src=\"https:\/\/i0.wp.com\/sicoterapia.org\/wp-content\/uploads\/2026\/06\/screenshot_20260618_064408_firefox8349589393440206668.jpg?resize=656%2C900&#038;ssl=1\" alt=\"\" class=\"wp-image-8002\"\/><figcaption class=\"wp-element-caption\">\ud83d\udc49 <a href=\"https:\/\/www.obispadoderancagua.cl\/127-Papa-nombra-a-Mons-Pedro-Ossandon-nuevo-obispo-Castrense.htm\" target=\"_blank\" rel=\"noreferrer noopener\">https:\/\/www.obispadoderancagua.cl\/127-Papa-nombra-a-Mons-Pedro-Ossandon-nuevo-obispo-Castrense.htm<\/a><\/figcaption><\/figure>\n\n\n\n<p class=\"wp-block-paragraph\"><\/p>\n\n\n\n<p class=\"wp-block-paragraph\">En Chile, el control de la Iglesia Cat\u00f3lica sobre la institucionalidad se hace con los sacerdotes que prestan servicio religioso al interior de las Fuerzas Armadas y al interior de las polic\u00edas y se denominan \u00abcapellanes castrenses\u00bb o simplemente \u00abcapellanes militares\u00bb.<\/p>\n\n\n\n<p class=\"wp-block-paragraph\">Todos ellos dependen del Obispado Castrense de Chile qu\u00e9 es nombrado por el Papa en persona. El Obispado Castrense de Chile es el organismo con el cual el Vaticano controla e influye directamente sobre los altos y medianos mandos militares y policiales \u00bfTE QUED\u00d3 CLARO ESTE PUNTO? Los cargos principales son:<\/p>\n\n\n\n<p class=\"wp-block-paragraph\">Obispo Castrense: m\u00e1xima autoridad religiosa de la Iglesia Cat\u00f3lica para las Fuerzas Armadas y de Orden. Actualmente es Pedro Ossand\u00f3n Buljevic.<\/p>\n\n\n\n<p class=\"wp-block-paragraph\">1. Capell\u00e1n Jefe: sacerdote que dirige el servicio religioso de cada instituci\u00f3n. Por ejemplo:<\/p>\n\n\n\n<ul class=\"wp-block-list\">\n<li>Ej\u00e9rcito: Capell\u00e1n Jefe del Servicio Religioso del Ej\u00e9rcito.<\/li>\n\n\n\n<li>Armada: Capell\u00e1n Jefe del Servicio Religioso de la Armada.<\/li>\n\n\n\n<li>Fuerza A\u00e9rea de Chile: Jefe del Servicio Religioso de la FACH.<\/li>\n\n\n\n<li>Carabineros (polic\u00eda militarizada uniformada) : Capell\u00e1n Jefe del Servicio Religioso de Carabineros.<\/li>\n<\/ul>\n\n\n\n<p class=\"wp-block-paragraph\">2. Capell\u00e1n de planta: sacerdote destinado permanentemente a una unidad militar, escuela matriz, hospital institucional o repartici\u00f3n.<\/p>\n\n\n\n<p class=\"wp-block-paragraph\">3. Capell\u00e1n ad honorem o honorario: sacerdote que colabora sin pertenecer a la planta permanente.<\/p>\n\n\n\n<p class=\"wp-block-paragraph\"><strong>SIN EMBARGO EN CHILE LOS CURAS QUE SON FUNCIONARIOS VATICANOS OPERAN DENTRO DEL ESTADO COMO FUNCIONARIOS P\u00daBLICOS DE CHILE CON SUELDOS Y PENSIONES P\u00daBLICAS. ENTONCES. CHILE NO ES UN ESTADO LAICO.<\/strong><\/p>\n\n\n\n<p class=\"wp-block-paragraph\">Muchos capellanes reciben una asimilaci\u00f3n de grado militar para efectos protocolares y de funcionamiento dentro de la instituci\u00f3n. Por ejemplo, el Capell\u00e1n Jefe del Ej\u00e9rcito puede ostentar un grado equivalente a Coronel dentro del servicio religioso.<\/p>\n\n\n\n<p class=\"wp-block-paragraph\"><strong>EL CASO DE LA POLIC\u00cdA CIVIL DE INVESTIGACIONES (PDI)<\/strong><\/p>\n\n\n\n<p class=\"wp-block-paragraph\">A diferencia del Ej\u00e9rcito, la Armada, la Fuerza A\u00e9rea y Carabineros, la Polic\u00eda de Investigaciones de Chile (PDI) no forma parte del Obispado Castrense ni posee un servicio religioso cat\u00f3lico institucional permanente con la misma estructura formal de capellanes de planta. SIN EMBARGO, s\u00ed cuenta con asistencia espiritual a trav\u00e9s de capellanes y ceremonias religiosas institucionales.<\/p>\n\n\n\n<p class=\"wp-block-paragraph\"><strong>\u00bfQu\u00e9 hacen los curas capellanes en la PDI y cu\u00e1les son sus redes de poder?<\/strong><\/p>\n\n\n\n<p class=\"wp-block-paragraph\">&#8211; Apoyo espiritual y moral a detectives y asistentes policiales.<br>&#8211; Acompa\u00f1amiento a las familias de funcionarios.<br>&#8211; Consejer\u00eda en situaciones de estr\u00e9s, duelo o crisis.<br>&#8211; Participaci\u00f3n en ceremonias institucionales, aniversarios y homenajes a funcionarios fallecidos.<br>&#8211; Celebraci\u00f3n de misas, Te Deum y servicios ecum\u00e9nicos.<\/p>\n\n\n\n<p class=\"wp-block-paragraph\"><strong>Capellanes cat\u00f3licos y evang\u00e9licos:<\/strong><\/p>\n\n\n\n<p class=\"wp-block-paragraph\">Hist\u00f3ricamente, la PDI ha contado tanto con sacerdotes cat\u00f3licos como con capellanes evang\u00e9licos.<\/p>\n\n\n\n<p class=\"wp-block-paragraph\">Por ejemplo:<\/p>\n\n\n\n<p class=\"wp-block-paragraph\"><br>En distintas regiones de Chile han servido sacerdotes cat\u00f3licos como capellanes institucionales para actos religiosos de la PDI.<\/p>\n\n\n\n<ul class=\"wp-block-list\">\n<li>El pastor David Mu\u00f1oz Condell se desempe\u00f1\u00f3 como capell\u00e1n evang\u00e9lico de la PDI y particip\u00f3 en actividades oficiales de la instituci\u00f3n. <br><\/li>\n\n\n\n<li>En distintas regiones han servido sacerdotes cat\u00f3licos como capellanes institucionales para actos religiosos de la PDI.<\/li>\n<\/ul>\n\n\n\n<p class=\"wp-block-paragraph\"><strong>Ceremonias religiosas<\/strong><\/p>\n\n\n\n<p class=\"wp-block-paragraph\">Cada a\u00f1o, en torno al aniversario de la PDI (d\u00eda 19 de Junio), se realizan ceremonias dirigidas por curas cat\u00f3licos y pastores evang\u00e9licos conjuntamente:<\/p>\n\n\n\n<ul class=\"wp-block-list\">\n<li>Servicios de Acci\u00f3n de Gracias ecum\u00e9nicos.<br>Misas y Te Deum.<\/li>\n\n\n\n<li>Bendiciones institucionales.<\/li>\n\n\n\n<li>Homenajes a los funcionarios fallecidos.<\/li>\n<\/ul>\n\n\n\n<p class=\"wp-block-paragraph\">Algunos casos de pedofilia y abuso sexual infantil y de adultos cometidos por curas cat\u00f3licos y\/o funcionarios p\u00fablicos ligados a la Iglesia (pol\u00edticos del Partido Democracia Cristiana) investigados por jueces y polic\u00edas cat\u00f3licos y donde se ocultaron las denuncias, se amenazaron a las v\u00edctimas y a los testigos, el Papa envi\u00f3 a los curas involucrados a otros pa\u00edses y casos que se cerraron y\/o archivaron sin condenas o, simplemente, la justicia los declar\u00f3 \u00abcasos prescritos\u00bb.<\/p>\n\n\n\n<figure class=\"wp-block-video aligncenter wp-block-embed is-type-video is-provider-videopress\"><div class=\"wp-block-embed__wrapper\">\n<iframe loading=\"lazy\" title=\"VideoPress Video Player\" aria-label=\"VideoPress Video Player\" width=\"656\" height=\"362\" src=\"https:\/\/videopress.com\/embed\/u6LfgoW8?cover=1&amp;preloadContent=metadata&amp;useAverageColor=1&amp;hd=0\" frameborder=\"0\" allowfullscreen data-resize-to-parent=\"true\" allow=\"clipboard-write; presentation\"><\/iframe><script src='https:\/\/v0.wordpress.com\/js\/next\/videopress-iframe.js?m=1770107250'><\/script>\n<\/div><figcaption>SENANE, pedofilia cat\u00f3lica en Chile<\/figcaption><\/figure>\n\n\n\n<p class=\"wp-block-paragraph\"><strong>Casos documentados por la prensa de religiosos acusados de abuso sexual enviados por la Iglesia Cat\u00f3lica a otros<\/strong> pa\u00edses.<\/p>\n\n\n\n<p class=\"wp-block-paragraph\">Existe un patr\u00f3n bien documentado por investigaciones period\u00edsticas y comisiones oficiales en varios pa\u00edses: en lugar de remover de inmediato del ministerio o denunciar a las autoridades civiles, superiores eclesiales (obispos, congregaciones o el Vaticano) trasladaron a sacerdotes o religiosos acusados de abuso sexual a otras parroquias, di\u00f3cesis o incluso a otros pa\u00edses. Esto se ha criticado ampliamente porque en muchos casos permiti\u00f3 que los acusados tuvieran contacto con nuevas v\u00edctimas.<\/p>\n\n\n\n<p class=\"wp-block-paragraph\"><strong>1. Caso de Sor Paula (Isabel Margarita Lagos Droguett) \u2013 Chile \u2192 Alemania (2011)<\/strong><\/p>\n\n\n\n<p class=\"wp-block-paragraph\">&#8211; Religiosa ursulina chilena y superiora de la congregaci\u00f3n en Chile.<\/p>\n\n\n\n<p class=\"wp-block-paragraph\"><br>&#8211; Fue acusada por exalumnas de colegios de la congregaci\u00f3n de abuso sexual contra menores.<\/p>\n\n\n\n<p class=\"wp-block-paragraph\"><br>&#8211; En 2010 la Congregaci\u00f3n para los Institutos de Vida Consagrada del Vaticano intervino el monasterio. En marzo de 2011 la removieron de su cargo de superiora y la enviaron a recluirse en un monasterio de las Ursulinas en Alemania (sede de la orden).<\/p>\n\n\n\n<p class=\"wp-block-paragraph\"><br>&#8211; Regres\u00f3 a Chile en 2012 por razones humanitarias y falleci\u00f3 ese mismo a\u00f1o.<\/p>\n\n\n\n<p class=\"wp-block-paragraph\"><br>Este caso fue ampliamente cubierto por la prensa chilena (La Tercera, Cooperativa, etc.<\/p>\n\n\n\n<p class=\"wp-block-paragraph\">Ver Caso de Sor Paula en Wikipedia -&gt; <\/p>\n\n\n\n<p class=\"wp-block-paragraph\"><a href=\"https:\/\/es.wikipedia.org\/wiki\/Sor_Paula?wprov=sfla1\">https:\/\/es.wikipedia.org\/wiki\/Sor_Paula?wprov=sfla1<\/a><\/p>\n\n\n\n<p class=\"wp-block-paragraph\"><strong>2. Jordi Ignasi Senabre \u2013 Espa\u00f1a \u2192 Ecuador (1990<\/strong>)<\/p>\n\n\n\n<p class=\"wp-block-paragraph\">&#8211; P\u00e1rroco de Poliny\u00e0 (Barcelona). Acusado en 1988 de abusar de un ni\u00f1o de 12-13 a\u00f1os.<\/p>\n\n\n\n<p class=\"wp-block-paragraph\">&#8211; El Arzobispado de Barcelona lo ayud\u00f3 a huir: lo envi\u00f3 como misionero fidei donum a Ecuador en 1990 para evitar el juicio.<\/p>\n\n\n\n<p class=\"wp-block-paragraph\">&#8211; Vivi\u00f3 casi 30 a\u00f1os en Ecuador (en la di\u00f3cesis de Santo Domingo de los Colorados). El Pa\u00eds lo localiz\u00f3 all\u00ed en 2018 y confirm\u00f3 que el arzobispado barcelon\u00e9s siempre supo d\u00f3nde estaba.<\/p>\n\n\n\n<p class=\"wp-block-paragraph\"><strong>3. Nicol\u00e1s Aguilar Rivera \u2013 M\u00e9xico \u2192 Estados Unidos.<\/strong><\/p>\n\n\n\n<p class=\"wp-block-paragraph\">&#8211; Sacerdote de la di\u00f3cesis de Tehuac\u00e1n (M\u00e9xico). Acusado de abusar de decenas de ni\u00f1os y adolescentes (alrededor de 40-60 denuncias en M\u00e9xico).<\/p>\n\n\n\n<p class=\"wp-block-paragraph\">&#8211; A pesar de las acusaciones conocidas por el obispo Norberto Rivera, fue enviado a trabajar a la Arquidi\u00f3cesis de Los \u00c1ngeles (EE.UU.), donde seg\u00fan las v\u00edctimas sigui\u00f3 abusando de m\u00e1s menores (al menos 26 casos reportados all\u00ed).<\/p>\n\n\n\n<p class=\"wp-block-paragraph\">&#8211; Se convirti\u00f3 en pr\u00f3fugo. Este caso fue investigado por medios mexicanos y estadounidenses y es uno de los ejemplos m\u00e1s citados de traslado internacional.<\/p>\n\n\n\n<p class=\"wp-block-paragraph\"><strong>4. Decenas de sacerdotes estadounidenses enviados al extranjero (investigaci\u00f3n ProPublica \/ Houston Chronicle, 2020)<\/strong><\/p>\n\n\n\n<p class=\"wp-block-paragraph\">Una investigaci\u00f3n period\u00edstica encontr\u00f3 que la Iglesia Cat\u00f3lica permiti\u00f3 o facilit\u00f3 que m\u00e1s de 50 sacerdotes con acusaciones cre\u00edbles de abuso sexual en EE.UU. se mudaran a trabajar en otros pa\u00edses (Irlanda, Nigeria, Filipinas, entre otros).<\/p>\n\n\n\n<p class=\"wp-block-paragraph\">En varios casos continuaron ejerciendo el ministerio en el extranjero. -&gt; <a href=\"https:\/\/www.propublica.org\/article\/docenas-de-sacerdotes-catolicos-con-acusaciones-creibles-de-abuso-encontraron-trabajo-en-el-extranjero-algunos-con-la-bendicion-de-la-iglesia\" target=\"_blank\" rel=\"noreferrer noopener\">https:\/\/www.propublica.org\/article\/docenas-de-sacerdotes-catolicos-con-acusaciones-creibles-de-abuso-encontraron-trabajo-en-el-extranjero-algunos-con-la-bendicion-de-la-iglesia<\/a><\/p>\n\n\n\n<p class=\"wp-block-paragraph\"><\/p>\n\n\n\n<p class=\"wp-block-paragraph\"><strong>IMPUNIDAD DEL CASO KARADIMA. <\/strong><\/p>\n\n\n\n<p class=\"wp-block-paragraph\">El caso del sacerdote Fernando Karadima qued\u00f3 sin castigo judicial penal (es decir, sin condena ni pena de c\u00e1rcel en la justicia ordinaria chilena). Aqu\u00ed operaron todas las redes judiciales y pol\u00edticas que controla el Vaticano en Chile. Te explico los hechos de forma precisa y con las etapas clave:<\/p>\n\n\n\n<p class=\"wp-block-paragraph\"><strong>1. Investigaci\u00f3n penal en Chile (Justicia ordinaria)<\/strong><\/p>\n\n\n\n<p class=\"wp-block-paragraph\">&#8211; Las denuncias principales se hicieron p\u00fablicas alrededor de 2010 (aunque algunas v\u00edctimas hab\u00edan denunciado antes, desde 2004).<\/p>\n\n\n\n<p class=\"wp-block-paragraph\">&#8211; Los abusos que se le atribuyeron ocurr\u00edan principalmente entre los a\u00f1os 1980 y principios de los 90.<\/p>\n\n\n\n<p class=\"wp-block-paragraph\">&#8211; En 2010-2011 el juez Leonardo Valdivieso de la Corte de Apelaciones de Santiago decret\u00f3 el sobreseimiento definitivo de la causa penal.<\/p>\n\n\n\n<p class=\"wp-block-paragraph\">&#8211; Motivo principal: Prescripci\u00f3n penal. El tiempo transcurrido desde los hechos superaba el plazo legal para perseguir penalmente los delitos (en ese entonces el plazo para abusos sexuales era de 10 a\u00f1os en muchos casos, y ya hab\u00eda prescrito).<\/p>\n\n\n\n<p class=\"wp-block-paragraph\">Resultado: Fernando Karadima nunca fue condenado penalmente por la justicia chilena. No cumpli\u00f3 ni un d\u00eda de c\u00e1rcel ni recibi\u00f3 sanci\u00f3n penal.<\/p>\n\n\n\n<p class=\"wp-block-paragraph\"><strong>2. Sanciones eclesi\u00e1sticas (Vaticano)<\/strong><\/p>\n\n\n\n<p class=\"wp-block-paragraph\">Aunque no hubo condena penal, s\u00ed hubo sanciones por parte de la Iglesia:<\/p>\n\n\n\n<p class=\"wp-block-paragraph\">&#8211; 2011: La Santa Sede (despu\u00e9s de una investigaci\u00f3n can\u00f3nica) declar\u00f3 a Karadima culpable de abusos sexuales violentos a menores y de abuso de poder. Lo conden\u00f3 a una vida de retiro, oraci\u00f3n y penitencia, con prohibici\u00f3n perpetua de ejercer ministerio p\u00fablico, confesar o dirigir espiritualmente a nadie.<\/p>\n\n\n\n<p class=\"wp-block-paragraph\">&#8211; 28 de septiembre de 2018: El papa Francisco lo expuls\u00f3 del estado clerical (lo laiciz\u00f3). Esta fue una medida m\u00e1s dura, tomada en el contexto de la grave crisis de la Iglesia chilena.<\/p>\n\n\n\n<p class=\"wp-block-paragraph\">Karadima vivi\u00f3 recluido en un convento de Providencia (Santiago) desde 2011 hasta su muerte.<\/p>\n\n\n\n<p class=\"wp-block-paragraph\"><strong>3. Responsabilidad civil de la Iglesia (importante fallo de 2019)<\/strong><\/p>\n\n\n\n<p class=\"wp-block-paragraph\">Aunque Karadima no fue condenado penalmente, la Iglesia como instituci\u00f3n s\u00ed fue condenada:<\/p>\n\n\n\n<p class=\"wp-block-paragraph\">&#8211; En marzo de 2019, la Corte de Apelaciones de Santiago conden\u00f3 al Arzobispado de Santiago a pagar 100 millones de pesos (aprox. US$147.000 de la \u00e9poca) a cada uno de tres v\u00edctimas emblem\u00e1ticas: James Hamilton, Juan Carlos Cruz y Jos\u00e9 Andr\u00e9s Murillo, por da\u00f1o moral y por encubrimiento de los abusos.<\/p>\n\n\n\n<p class=\"wp-block-paragraph\">&#8211; El fallo estableci\u00f3 que la Iglesia fue negligente al no proteger a las v\u00edctimas y al no tomar medidas oportunas.<\/p>\n\n\n\n<p class=\"wp-block-paragraph\">&#8211; El Arzobispado decidi\u00f3 no apelar la sentencia y la cumpli\u00f3.<\/p>\n\n\n\n<p class=\"wp-block-paragraph\">Este fallo fue considerado hist\u00f3rico porque fue la primera vez que la justicia chilena conden\u00f3 directamente a la Iglesia Cat\u00f3lica por su responsabilidad propia en casos de abuso.<\/p>\n\n\n\n<p class=\"wp-block-paragraph\"><strong>4. Fallecimiento<\/strong><\/p>\n\n\n\n<p class=\"wp-block-paragraph\">Fernando Karadima muri\u00f3 el 25 de julio de 2021 a los 90 a\u00f1os en una residencia de ancianos en Lo Barnechea (Santiago), sin haber cumplido condena penal.<\/p>\n\n\n\n<p class=\"wp-block-paragraph\">Este caso fue uno de los detonantes de la gran crisis de credibilidad que vivi\u00f3 la Iglesia Cat\u00f3lica en Chile entre 2018 y 2019, que termin\u00f3 con la renuncia de varios obispos y una intervenci\u00f3n directa del Vaticano.<\/p>\n\n\n\n<p class=\"wp-block-paragraph\"><strong>VER CASO KARADIMA EN WIKIPEDIA AQU\u00cd <\/strong><\/p>\n\n\n\n<p class=\"wp-block-paragraph\"><a href=\"https:\/\/es.wikipedia.org\/wiki\/Caso_Karadima?wprov=sfla1\" target=\"_blank\" rel=\"noreferrer noopener\">https:\/\/es.wikipedia.org\/wiki\/Caso_Karadima?wprov=sfla1<\/a><\/p>\n\n\n\n<p class=\"wp-block-paragraph\">OTROS ART\u00cdCULOS RELACIONADOS:<\/p>\n\n\n\n<ol class=\"wp-block-list\">\n<li><a href=\"https:\/\/sicoterapia.org\/2026\/06\/25\/sebastian-pinera-tambien-financio-con-20-mil-dolares-a-ong-haitiana\/\" target=\"_blank\" rel=\"noreferrer noopener\">Sebasti\u00e1n Pi\u00f1era tambi\u00e9n financi\u00f3 con 20 mil d\u00f3lares a ONG haitiana<\/a><\/li>\n\n\n\n<li><a href=\"https:\/\/sicoterapia.org\/2026\/06\/18\/chile-catolico-apostolico-y-pedofilo\/\" target=\"_blank\" rel=\"noreferrer noopener\">Chile cat\u00f3lico, apost\u00f3lico y ped\u00f3filo <\/a><\/li>\n<\/ol>\n","protected":false},"excerpt":{"rendered":"<p>Actualizado 28 de Julio de 2026 Chile se declara un pa\u00eds cat\u00f3lico y hasta ultra cat\u00f3lico con una larga y criminal tradici\u00f3n de abuso sexual infantil y pedofilia, tanto al interior de las familias como en la vida social e institucional. El pais est\u00e1 lleno de personas que son hijos e hijas del abuelo o &hellip; <a href=\"https:\/\/sicoterapia.org\/?p=7992\" class=\"more-link\">Sigue leyendo <span class=\"screen-reader-text\">Chile cat\u00f3lico, apost\u00f3lico y ped\u00f3filo<\/span><\/a><\/p>\n","protected":false},"author":8706321,"featured_media":0,"comment_status":"closed","ping_status":"closed","sticky":false,"template":"","format":"standard","meta":{"_coblocks_attr":"","_coblocks_dimensions":"","_coblocks_responsive_height":"","_coblocks_accordion_ie_support":"","advanced_seo_description":"","jetpack_seo_html_title":"","jetpack_seo_noindex":false,"jetpack_seo_schema_type":"","_jetpack_newsletter_access":"","_jetpack_dont_email_post_to_subs":false,"_jetpack_newsletter_tier_id":0,"_jetpack_memberships_contains_paywalled_content":false,"_wpcom_ai_launchpad_first_post":false,"_jetpack_feature_clip_id":0,"_jetpack_memberships_contains_paid_content":false,"footnotes":"","jetpack_publicize_message":"","jetpack_publicize_feature_enabled":true,"jetpack_social_post_already_shared":false,"jetpack_social_options":{"image_generator_settings":{"template":"highway","default_image_id":0,"font":"","enabled":false},"version":2},"jetpack_post_was_ever_published":false},"categories":[2372,3503,798,6493,116,2127,1149],"tags":[537783,709311,35314722,7520,69886710,104615,86219,787829183,3999730,68546],"class_list":["post-7992","post","type-post","status-publish","format-standard","hentry","category-economia","category-historia","category-politica","category-publicaciones","category-religion","category-salud","category-videos","tag-abuso-infantil","tag-abuso-sexual","tag-caso-karadima","tag-chile","tag-gabriel-boric","tag-iglesia-catolica","tag-pedofilia","tag-politica","tag-trafico-de-personas","tag-vaticano"],"jetpack_publicize_connections":[],"jetpack_likes_enabled":true,"jetpack_sharing_enabled":true,"jetpack_shortlink":"https:\/\/wp.me\/pzfQN-24U","jetpack-related-posts":[],"jetpack_featured_media_url":"","_links":{"self":[{"href":"https:\/\/sicoterapia.org\/index.php?rest_route=\/wp\/v2\/posts\/7992","targetHints":{"allow":["GET"]}}],"collection":[{"href":"https:\/\/sicoterapia.org\/index.php?rest_route=\/wp\/v2\/posts"}],"about":[{"href":"https:\/\/sicoterapia.org\/index.php?rest_route=\/wp\/v2\/types\/post"}],"author":[{"embeddable":true,"href":"https:\/\/sicoterapia.org\/index.php?rest_route=\/wp\/v2\/users\/8706321"}],"replies":[{"embeddable":true,"href":"https:\/\/sicoterapia.org\/index.php?rest_route=%2Fwp%2Fv2%2Fcomments&post=7992"}],"version-history":[{"count":25,"href":"https:\/\/sicoterapia.org\/index.php?rest_route=\/wp\/v2\/posts\/7992\/revisions"}],"predecessor-version":[{"id":9441,"href":"https:\/\/sicoterapia.org\/index.php?rest_route=\/wp\/v2\/posts\/7992\/revisions\/9441"}],"wp:attachment":[{"href":"https:\/\/sicoterapia.org\/index.php?rest_route=%2Fwp%2Fv2%2Fmedia&parent=7992"}],"wp:term":[{"taxonomy":"category","embeddable":true,"href":"https:\/\/sicoterapia.org\/index.php?rest_route=%2Fwp%2Fv2%2Fcategories&post=7992"},{"taxonomy":"post_tag","embeddable":true,"href":"https:\/\/sicoterapia.org\/index.php?rest_route=%2Fwp%2Fv2%2Ftags&post=7992"}],"curies":[{"name":"wp","href":"https:\/\/api.w.org\/{rel}","templated":true}]}}