{"id":7989,"date":"2026-06-17T08:09:35","date_gmt":"2026-06-17T08:09:35","guid":{"rendered":"http:\/\/sicoterapia.org\/2026\/06\/17\/reino-unido-accion-palestina-declarada-organizacion-terrorista\/"},"modified":"2026-06-17T08:35:02","modified_gmt":"2026-06-17T08:35:02","slug":"reino-unido-accion-palestina-declarada-organizacion-terrorista","status":"publish","type":"post","link":"https:\/\/sicoterapia.org\/?p=7989","title":{"rendered":"Reino Unido: Acci\u00f3n Palestina declarada organizaci\u00f3n terrorista"},"content":{"rendered":"\n<p class=\"wp-block-paragraph\">El tribunal brit\u00e1nico confirma la designaci\u00f3n de Acci\u00f3n Palestina&nbsp;(Palestine Action) como una organizaci\u00f3n &#8216;terrorista&#8217;: son terroristas y no tendr\u00e1n protecci\u00f3n Constitucional. La sentencia tambi\u00e9n es un duro para las pretensiones de Amnist\u00eda Internacional.<\/p>\n\n\n\n<hr class=\"wp-block-separator has-alpha-channel-opacity\" \/>\n\n\n\n<p class=\"has-text-align-center wp-block-paragraph\">sicoterapia.org<\/p>\n\n\n\n<hr class=\"wp-block-separator has-alpha-channel-opacity\" \/>\n\n\n\n<p class=\"wp-block-paragraph\">La Justicia brit\u00e1nica ha dado un golpe mortal a la izquierda woke en su apoyo a las acciones subversivas y criminales de la ONG isl\u00e1mica Acci\u00f3n Palestina (Palestine Action), al sentenciar que: Acci\u00f3n Palestina es 1\u00b0: un grupo terrorista y 2\u00b0: que ya no tendr\u00e1n protecci\u00f3n Constitucional.<\/p>\n\n\n\n<p class=\"wp-block-paragraph\">El Tribunal de Apelaci\u00f3n del Reino Unido\u00a0<a href=\"https:\/\/www.judiciary.uk\/wp-content\/uploads\/2026\/06\/Final-open-judgment-Ammori-v-SSHD.pdf\" target=\"_blank\" rel=\"noreferrer noopener\"><strong>dictamin\u00f3<\/strong><\/a>\u00a0por unanimidad el Lunes 15 de Junio de 2026, que la designaci\u00f3n gubernamental de Palestine Action como organizaci\u00f3n \u00abterrorista\u00bb es legal. Tras la sentencia, la Polic\u00eda Metropolitana\u00a0<a href=\"https:\/\/x.com\/metpoliceuk\/status\/2066567858276978921?s=20\" target=\"_blank\" rel=\"noreferrer noopener\"><strong>arrest\u00f3<\/strong><\/a>\u00a0a 117 manifestantes fuera del tribunal por apoyar al grupo de defensa.<\/p>\n\n\n\n<p class=\"wp-block-paragraph\"><\/p>\n\n\n\n<figure class=\"wp-block-image size-large\"><img data-recalc-dims=\"1\" loading=\"lazy\" decoding=\"async\" width=\"656\" height=\"465\" data-attachment-id=\"7988\" data-permalink=\"https:\/\/sicoterapia.org\/?attachment_id=7988\" data-orig-file=\"https:\/\/i0.wp.com\/sicoterapia.org\/wp-content\/uploads\/2026\/06\/screenshot_20260617_034505_edge6503826395864879467.jpg?fit=1080%2C766&amp;ssl=1\" data-orig-size=\"1080,766\" data-comments-opened=\"0\" data-image-meta=\"{&quot;aperture&quot;:&quot;0&quot;,&quot;credit&quot;:&quot;&quot;,&quot;camera&quot;:&quot;&quot;,&quot;caption&quot;:&quot;&quot;,&quot;created_timestamp&quot;:&quot;0&quot;,&quot;copyright&quot;:&quot;&quot;,&quot;focal_length&quot;:&quot;0&quot;,&quot;iso&quot;:&quot;0&quot;,&quot;shutter_speed&quot;:&quot;0&quot;,&quot;title&quot;:&quot;&quot;,&quot;orientation&quot;:&quot;1&quot;,&quot;alt&quot;:&quot;&quot;}\" data-image-title=\"screenshot_20260617_034505_edge6503826395864879467\" data-image-description=\"\" data-image-caption=\"\" data-large-file=\"https:\/\/i0.wp.com\/sicoterapia.org\/wp-content\/uploads\/2026\/06\/screenshot_20260617_034505_edge6503826395864879467.jpg?fit=656%2C465&amp;ssl=1\" src=\"https:\/\/i0.wp.com\/sicoterapia.org\/wp-content\/uploads\/2026\/06\/screenshot_20260617_034505_edge6503826395864879467.jpg?resize=656%2C465&#038;ssl=1\" alt=\"\" class=\"wp-image-7988\" \/><\/figure>\n\n\n\n<p class=\"wp-block-paragraph\">El tribunal de apelaci\u00f3n concluy\u00f3 que la designaci\u00f3n superaba la prueba de\u00a0<a href=\"https:\/\/bihr.org.uk\/get-informed\/legislation-explainers\/what-is-proportionality\" target=\"_blank\" rel=\"noreferrer noopener\"><strong>proporcionalidad<\/strong><\/a>, que exige que un objetivo pol\u00edtico prevalezca sobre una invasi\u00f3n de derechos. El tribunal consider\u00f3 que medidas no menos intrusivas pod\u00edan detener las actividades del grupo y enfatiz\u00f3 que los ciudadanos a\u00fan pueden expresar su apoyo a la causa palestina mediante protestas pac\u00edficas. Sin embargo, se\u00f1al\u00f3 que la defensa de Palestine Action implicaba da\u00f1ar propiedades pertenecientes a\u00a0<a href=\"https:\/\/www.elbitsystems-uk.com\/\" target=\"_blank\" rel=\"noreferrer noopener\"><strong>Elbit Systems UK<\/strong><\/a>\u2014una empresa internacional israel\u00ed de tecnolog\u00eda militar\u2014y a sus socios comerciales, mientras supuestamente utilizaban un \u00abManual Subterr\u00e1neo\u00bb para evitar ser detectados. El tribunal dictamin\u00f3 que tales acciones no califican como protesta pac\u00edfica y, por tanto, no merecen protecci\u00f3n constitucional. Aunque el tribunal reconoci\u00f3 que la designaci\u00f3n de \u00abterrorista\u00bb podr\u00eda tener un efecto disuasorio sobre un activismo similar, sostuvo que proteger a individuos y propiedades de terceros supera cualquier perjuicio al derecho de reuni\u00f3n pac\u00edfica.<\/p>\n\n\n\n<p class=\"wp-block-paragraph\">El tribunal tambi\u00e9n determin\u00f3 que el Secretario del Interior puede considerar las consecuencias para las operaciones policiales al\u00a0<a href=\"https:\/\/www.gov.uk\/government\/publications\/proscribed-terror-groups-or-organisations--2\/proscribed-terrorist-groups-or-organisations-accessible-version\" target=\"_blank\" rel=\"noreferrer noopener\"><strong>prohibir<\/strong><\/a>\u00a0una organizaci\u00f3n terrorista. Afirm\u00f3 que la eficacia de la proscripci\u00f3n en la aplicaci\u00f3n de la ley es un factor sumamente significativo en el ejercicio de equilibrio, y que el\u00a0<a href=\"https:\/\/www.judiciary.uk\/wp-content\/uploads\/2026\/02\/R-Ammori-v-SSHD-OPEN-Judgment-final.pdf\" target=\"_blank\" rel=\"noreferrer noopener\"><strong>tribunal inferior<\/strong><\/a>\u00a0no deber\u00eda haber impedido que el gobierno considerara este factor, aunque no est\u00e9 expl\u00edcitamente incluido en la pol\u00edtica.<\/p>\n\n\n\n<p class=\"wp-block-paragraph\"><strong>Amnist\u00eda Internacional defiende a Acci\u00f3n Palestina.<\/strong><\/p>\n\n\n\n<p class=\"wp-block-paragraph\">La ONG subversiva de izquierda pro-isl\u00e1mica Amnist\u00eda Internacional protest\u00f3 y\u00a0<a href=\"https:\/\/www.instagram.com\/p\/DZmoJGuNf7T\/?utm_source=ig_web_button_share_sheet\" target=\"_blank\" rel=\"noreferrer noopener\"><strong>describi\u00f3<\/strong><\/a>\u00a0la prohibici\u00f3n como \u00abun grave abuso de los poderes antiterroristas.\u00bb<\/p>\n\n\n\n<p class=\"wp-block-paragraph\">El pasado viernes, el juez Jeremy Johnson del Tribunal de la Corona de Woolwich\u00a0<a href=\"https:\/\/www.amnesty.org\/en\/latest\/news\/2026\/06\/uk-terrorist-sentence-for-palestine-action-marks-dangerous-move-against-right-to-protest\/\" target=\"_blank\" rel=\"noreferrer noopener\"><strong>dijo<\/strong><\/a>\u00a0a cuatro activistas \u2014conocidos como los \u00abFilton 4&#8243;\u2014 que enfrentar\u00edan penas de prisi\u00f3n por mantener una \u00abconexi\u00f3n terrorista\u00bb, a pesar de ser condenados solo por da\u00f1os criminales. Las condenas surgieron a ra\u00edz de un robo en 2024 en una f\u00e1brica de Elbit Systems, que provoc\u00f3 da\u00f1os reportados por valor de 1,6 millones de d\u00f3lares. Johnson descubri\u00f3 que pretend\u00edan intimidar al gobierno brit\u00e1nico para avanzar en una causa pol\u00edtica,\u00a0<a href=\"https:\/\/www.theguardian.com\/uk-news\/2026\/jun\/12\/palestine-action-activists-sentenced-terrorists-damage-elbit-systems-uk-israel\" target=\"_blank\" rel=\"noreferrer noopener\"><strong>seg\u00fan<\/strong><\/a>\u00a0The Guardian.<\/p>\n\n\n\n<p class=\"wp-block-paragraph\">En respuesta, el director ejecutivo brit\u00e1nico de Amnist\u00eda, Kerry Moscogiuri<a href=\"https:\/\/www.amnesty.org\/en\/latest\/news\/2026\/06\/uk-terrorist-sentence-for-palestine-action-marks-dangerous-move-against-right-to-protest\/\" target=\"_blank\" rel=\"noreferrer noopener\"><strong>, afirm\u00f3<\/strong><\/a>\u00a0que esta es la primera vez que una condena por da\u00f1os penales se vincula a una pena por terrorismo. A\u00f1adi\u00f3: \u00abEs completamente desproporcionado castigar a los manifestantes por da\u00f1os criminales como si fueran terroristas, una condena que les acompa\u00f1ar\u00e1 el resto de sus vidas. El uso de leyes antiterroristas contra manifestantes de acci\u00f3n directa debe cesar.\u00bb<\/p>\n\n\n\n<p class=\"wp-block-paragraph\">El Secretario del Interior del Reino Unido\u00a0<a href=\"https:\/\/www.legislation.gov.uk\/uksi\/2025\/803\/pdfs\/uksiem_20250803_en_001.pdf\" target=\"_blank\" rel=\"noreferrer noopener\"><strong>design\u00f3<\/strong><\/a>\u00a0originalmente a Acci\u00f3n Palestina como organizaci\u00f3n terrorista el 5 de julio de 2025. Antes de que la orden entrara en vigor, Amnist\u00eda\u00a0<a href=\"https:\/\/www.amnesty.org.uk\/knowledge-hub\/all-resources\/open-letter-members-house-commons-and-peers-house-lords-regarding-palestine-action\/\" target=\"_blank\" rel=\"noreferrer noopener\"><strong>inst\u00f3<\/strong><\/a>\u00a0al Parlamento a no apoyarla, argumentando que las leyes antiterroristas del Reino Unido son excesivamente amplias y que la designaci\u00f3n podr\u00eda implicar que llevar un logotipo de Palestine Action podr\u00eda conllevar una acusaci\u00f3n por terrorismo.<\/p>\n\n\n\n<p class=\"wp-block-paragraph\">Acci\u00f3n Palestina es una organizaci\u00f3n que aboga por el reconocimiento de la soberan\u00eda palestina. Adem\u00e1s del robo en Elbit Systems, el grupo tambi\u00e9n atac\u00f3 la f\u00e1brica de defensa\u00a0<a href=\"https:\/\/www.thalesgroup.com\/en\/worldwide\/united-kingdom\/defence-uk\" target=\"_blank\" rel=\"noreferrer noopener\"><strong>de Thales<\/strong><\/a>\u00a0en Glasgow en 2022 e\u00a0<a href=\"https:\/\/www.kentonline.co.uk\/sandwich\/news\/police-called-as-200-activists-attempt-to-shut-down-kent-fac-340760\/\" target=\"_blank\" rel=\"noreferrer noopener\"><strong>Instro Precision<\/strong><\/a>\u00a0en 2024, ambas con v\u00ednculos comerciales con Elbit Systems.<\/p>\n\n\n\n<p class=\"wp-block-paragraph\">Fuente de referencia: <\/p>\n\n\n\n<ul class=\"wp-block-list\">\n<li><a href=\"https:\/\/www.jurist.org\/news\/2026\/06\/uk-court-upholds-designation-of-palestine-action-as-terrorist-group\/\">https:\/\/www.jurist.org\/news\/2026\/06\/uk-court-upholds-designation-of-palestine-action-as-terrorist-group\/<\/a><\/li>\n<\/ul>\n","protected":false},"excerpt":{"rendered":"<p>El tribunal brit\u00e1nico confirma la designaci\u00f3n de Acci\u00f3n Palestina&nbsp;(Palestine Action) como una organizaci\u00f3n &#8216;terrorista&#8217;: son terroristas y no tendr\u00e1n protecci\u00f3n Constitucional. La sentencia tambi\u00e9n es un duro para las pretensiones de Amnist\u00eda Internacional. sicoterapia.org La Justicia brit\u00e1nica ha dado un golpe mortal a la izquierda woke en su apoyo a las acciones subversivas y criminales &hellip; <a href=\"https:\/\/sicoterapia.org\/?p=7989\" class=\"more-link\">Sigue leyendo <span class=\"screen-reader-text\">Reino Unido: Acci\u00f3n Palestina declarada organizaci\u00f3n terrorista<\/span><\/a><\/p>\n","protected":false},"author":8706321,"featured_media":0,"comment_status":"closed","ping_status":"closed","sticky":false,"template":"","format":"standard","meta":{"_coblocks_attr":"","_coblocks_dimensions":"","_coblocks_responsive_height":"","_coblocks_accordion_ie_support":"","advanced_seo_description":"","jetpack_seo_html_title":"","jetpack_seo_noindex":false,"jetpack_seo_schema_type":"","_jetpack_newsletter_access":"","_jetpack_dont_email_post_to_subs":false,"_jetpack_newsletter_tier_id":0,"_jetpack_memberships_contains_paywalled_content":false,"_wpcom_ai_launchpad_first_post":false,"_jetpack_feature_clip_id":0,"_jetpack_memberships_contains_paid_content":false,"footnotes":"","jetpack_publicize_message":"","jetpack_publicize_feature_enabled":true,"jetpack_social_post_already_shared":false,"jetpack_social_options":{"image_generator_settings":{"template":"highway","default_image_id":0,"font":"","enabled":false},"version":2},"jetpack_post_was_ever_published":false},"categories":[2372,3503,798,6493,116],"tags":[9944,435487,289662,821198,170718,2834134,731887,6645,420,9937,55667,68924,7940,9432,117365,46736],"class_list":["post-7989","post","type-post","status-publish","format-standard","hentry","category-economia","category-historia","category-politica","category-publicaciones","category-religion","tag-amnesty-international","tag-amnistia-internacional","tag-comunismo","tag-crimen-organizado","tag-dictadura","tag-guerra-de-iran","tag-hezbolah","tag-iran","tag-islam","tag-israel","tag-palestina","tag-reino-unido","tag-socialismo","tag-terrorismo","tag-terrorismo-islamico","tag-united-kingdom"],"jetpack_publicize_connections":[],"jetpack_likes_enabled":true,"jetpack_sharing_enabled":true,"jetpack_shortlink":"https:\/\/wp.me\/pzfQN-24R","jetpack-related-posts":[],"jetpack_featured_media_url":"","_links":{"self":[{"href":"https:\/\/sicoterapia.org\/index.php?rest_route=\/wp\/v2\/posts\/7989","targetHints":{"allow":["GET"]}}],"collection":[{"href":"https:\/\/sicoterapia.org\/index.php?rest_route=\/wp\/v2\/posts"}],"about":[{"href":"https:\/\/sicoterapia.org\/index.php?rest_route=\/wp\/v2\/types\/post"}],"author":[{"embeddable":true,"href":"https:\/\/sicoterapia.org\/index.php?rest_route=\/wp\/v2\/users\/8706321"}],"replies":[{"embeddable":true,"href":"https:\/\/sicoterapia.org\/index.php?rest_route=%2Fwp%2Fv2%2Fcomments&post=7989"}],"version-history":[{"count":2,"href":"https:\/\/sicoterapia.org\/index.php?rest_route=\/wp\/v2\/posts\/7989\/revisions"}],"predecessor-version":[{"id":7991,"href":"https:\/\/sicoterapia.org\/index.php?rest_route=\/wp\/v2\/posts\/7989\/revisions\/7991"}],"wp:attachment":[{"href":"https:\/\/sicoterapia.org\/index.php?rest_route=%2Fwp%2Fv2%2Fmedia&parent=7989"}],"wp:term":[{"taxonomy":"category","embeddable":true,"href":"https:\/\/sicoterapia.org\/index.php?rest_route=%2Fwp%2Fv2%2Fcategories&post=7989"},{"taxonomy":"post_tag","embeddable":true,"href":"https:\/\/sicoterapia.org\/index.php?rest_route=%2Fwp%2Fv2%2Ftags&post=7989"}],"curies":[{"name":"wp","href":"https:\/\/api.w.org\/{rel}","templated":true}]}}