{"id":7977,"date":"2026-06-16T11:29:16","date_gmt":"2026-06-16T11:29:16","guid":{"rendered":"http:\/\/sicoterapia.org\/2026\/06\/16\/el-legado-de-gabriel-boric\/"},"modified":"2026-06-16T17:16:53","modified_gmt":"2026-06-16T17:16:53","slug":"el-legado-de-gabriel-boric","status":"publish","type":"post","link":"https:\/\/sicoterapia.org\/?p=7977","title":{"rendered":"El legado de Gabriel Boric"},"content":{"rendered":"\n<p class=\"wp-block-paragraph\">Aqu\u00ed ir\u00e9 registrando el Legado de corrupci\u00f3n sin pudor del Gobierno woke de Gabriel Boric (alianza de izquierdas anarquistas, comunistas, socialistas, LGBT+, verdes, ecologistas, y donde participaron de lleno la Iglesia Cat\u00f3lica (Partido Democracia Cristiana, brazo pol\u00edtico del Vaticano y funcionarios de la Congregaci\u00f3n Jesuita) y la Masoner\u00eda (a trav\u00e9s de su brazo pol\u00edtico el Partido Radical)<\/p>\n\n\n\n<hr class=\"wp-block-separator has-alpha-channel-opacity\" \/>\n\n\n\n<p class=\"wp-block-paragraph\">sicoterapia.org<\/p>\n\n\n\n<hr class=\"wp-block-separator has-alpha-channel-opacity\" \/>\n\n\n\n<p class=\"wp-block-paragraph\">&#8211; CASO TR\u00c1FICO DE NI\u00d1OS HAITIANOS: <br><a href=\"http:\/\/sicoterapia.org\/2026\/06\/16\/mas-de-400-ninos-haitianos-perdidos-en-chile-grave-denuncia-contra-gobierno-de-gabriel-boric\/\" target=\"_blank\" rel=\"noreferrer noopener\">M\u00e1s de 400 ni\u00f1os haitianos perdidos en Chile. Grave denuncia contra gobierno de Gabriel Boric.<br>Fiscal\u00eda realiza investigaci\u00f3n penal bajo sospecha de \u00abtr\u00e1fico de ni\u00f1os\u00bb<\/a> (2026 Junio 16)<\/p>\n\n\n\n<p class=\"wp-block-paragraph\"><\/p>\n\n\n\n<p class=\"wp-block-paragraph\">\u00abCASO CONVENIOS\u00bb, LA RED DE CORRUPCI\u00d3N DE ONGs DEL GOBIERNO DE GABRIEL BORIC, EN WIKIPEDIA-&gt;<\/p>\n\n\n\n<p class=\"wp-block-paragraph\"><a href=\"https:\/\/es.wikipedia.org\/wiki\/Caso_Convenios?wprov=sfla1\" target=\"_blank\" rel=\"noreferrer noopener\">https:\/\/es.wikipedia.org\/wiki\/Caso_Convenios?wprov=sfla1<\/a><\/p>\n\n\n\n<p class=\"wp-block-paragraph\">-&gt; <a href=\"https:\/\/www.biobiochile.cl\/noticias\/nacional\/region-del-bio-bio\/2026\/06\/16\/fiscalia-reformalizara-a-los-11-imputados-en-la-arista-fundacion-bonhomia.shtml\" target=\"_blank\" rel=\"noreferrer noopener\">Fiscal\u00eda reformalizar\u00e1 a los 11 imputados en la arista Fundaci\u00f3n Bonhom\u00eda<\/a> La red de fundaciones de fachada para defraudar recursos p\u00fablicos. (2026, Junio 16)<\/p>\n\n\n\n<p class=\"wp-block-paragraph\">-&gt; <a href=\"https:\/\/www.biobiochile.cl\/especial\/bbcl-investiga\/noticias\/articulos\/2026\/06\/08\/los-nexos-con-la-industria-y-contratos-multimillonarios-tras-la-abultada-billetera-de-la-junaeb.shtml\" target=\"_blank\" rel=\"noreferrer noopener\">Los nexos con la industria y contratos multimillonarios tras la abultada billetera de la Junaeb<\/a> (2027, Junio 8)<\/p>\n\n\n\n<p class=\"wp-block-paragraph\"><\/p>\n","protected":false},"excerpt":{"rendered":"<p>Aqu\u00ed ir\u00e9 registrando el Legado de corrupci\u00f3n sin pudor del Gobierno woke de Gabriel Boric (alianza de izquierdas anarquistas, comunistas, socialistas, LGBT+, verdes, ecologistas, y donde participaron de lleno la Iglesia Cat\u00f3lica (Partido Democracia Cristiana, brazo pol\u00edtico del Vaticano y funcionarios de la Congregaci\u00f3n Jesuita) y la Masoner\u00eda (a trav\u00e9s de su brazo pol\u00edtico el &hellip; <a href=\"https:\/\/sicoterapia.org\/?p=7977\" class=\"more-link\">Sigue leyendo <span class=\"screen-reader-text\">El legado de Gabriel Boric<\/span><\/a><\/p>\n","protected":false},"author":8706321,"featured_media":0,"comment_status":"closed","ping_status":"closed","sticky":false,"template":"","format":"standard","meta":{"_coblocks_attr":"","_coblocks_dimensions":"","_coblocks_responsive_height":"","_coblocks_accordion_ie_support":"","advanced_seo_description":"","jetpack_seo_html_title":"","jetpack_seo_noindex":false,"jetpack_seo_schema_type":"","_jetpack_newsletter_access":"","_jetpack_dont_email_post_to_subs":false,"_jetpack_newsletter_tier_id":0,"_jetpack_memberships_contains_paywalled_content":false,"_wpcom_ai_launchpad_first_post":false,"_jetpack_feature_clip_id":0,"_jetpack_memberships_contains_paid_content":false,"footnotes":"","jetpack_publicize_message":"","jetpack_publicize_feature_enabled":true,"jetpack_social_post_already_shared":false,"jetpack_social_options":{"image_generator_settings":{"template":"highway","default_image_id":0,"font":"","enabled":false},"version":2},"jetpack_post_was_ever_published":false},"categories":[2372,3503,798,6493],"tags":[7520,289662,92266,103535,28183878,1525065,19835131,69886710,104615,10257,199404,7940,68546,2738999,769185052],"class_list":["post-7977","post","type-post","status-publish","format-standard","hentry","category-economia","category-historia","category-politica","category-publicaciones","tag-chile","tag-comunismo","tag-corrupcion","tag-ecologismo","tag-fraude-economico","tag-fraude-fiscal","tag-fraude-politico","tag-gabriel-boric","tag-iglesia-catolica","tag-lgbt","tag-masoneria","tag-socialismo","tag-vaticano","tag-woke","tag-wokeismo"],"jetpack_publicize_connections":[],"jetpack_likes_enabled":true,"jetpack_sharing_enabled":true,"jetpack_shortlink":"https:\/\/wp.me\/pzfQN-24F","jetpack-related-posts":[],"jetpack_featured_media_url":"","_links":{"self":[{"href":"https:\/\/sicoterapia.org\/index.php?rest_route=\/wp\/v2\/posts\/7977","targetHints":{"allow":["GET"]}}],"collection":[{"href":"https:\/\/sicoterapia.org\/index.php?rest_route=\/wp\/v2\/posts"}],"about":[{"href":"https:\/\/sicoterapia.org\/index.php?rest_route=\/wp\/v2\/types\/post"}],"author":[{"embeddable":true,"href":"https:\/\/sicoterapia.org\/index.php?rest_route=\/wp\/v2\/users\/8706321"}],"replies":[{"embeddable":true,"href":"https:\/\/sicoterapia.org\/index.php?rest_route=%2Fwp%2Fv2%2Fcomments&post=7977"}],"version-history":[{"count":5,"href":"https:\/\/sicoterapia.org\/index.php?rest_route=\/wp\/v2\/posts\/7977\/revisions"}],"predecessor-version":[{"id":7985,"href":"https:\/\/sicoterapia.org\/index.php?rest_route=\/wp\/v2\/posts\/7977\/revisions\/7985"}],"wp:attachment":[{"href":"https:\/\/sicoterapia.org\/index.php?rest_route=%2Fwp%2Fv2%2Fmedia&parent=7977"}],"wp:term":[{"taxonomy":"category","embeddable":true,"href":"https:\/\/sicoterapia.org\/index.php?rest_route=%2Fwp%2Fv2%2Fcategories&post=7977"},{"taxonomy":"post_tag","embeddable":true,"href":"https:\/\/sicoterapia.org\/index.php?rest_route=%2Fwp%2Fv2%2Ftags&post=7977"}],"curies":[{"name":"wp","href":"https:\/\/api.w.org\/{rel}","templated":true}]}}