{"id":7961,"date":"2026-06-16T01:54:58","date_gmt":"2026-06-16T01:54:58","guid":{"rendered":"http:\/\/sicoterapia.org\/2026\/06\/16\/mas-de-400-ninos-haitianos-perdidos-en-chile-grave-denuncia-contra-gobierno-de-gabriel-boric\/"},"modified":"2026-06-25T11:26:18","modified_gmt":"2026-06-25T11:26:18","slug":"mas-de-400-ninos-haitianos-perdidos-en-chile-grave-denuncia-contra-gobierno-de-gabriel-boric","status":"publish","type":"post","link":"https:\/\/sicoterapia.org\/?p=7961","title":{"rendered":"M\u00e1s de 400 ni\u00f1os haitianos perdidos en Chile. Grave denuncia contra gobierno de Gabriel Boric"},"content":{"rendered":"\n<p class=\"wp-block-paragraph\">Actualizado 19 Junio 2026.<\/p>\n\n\n\n<p class=\"wp-block-paragraph\">Las \u00faltimas revelaciones de hoy de Johannes Kaiser, ex diputado y ex candidato Presidencial, sobre que la cifra real est\u00e1 en 16.000 ni\u00f1os haitianos desaparecidos son catastr\u00f3ficas.<\/p>\n\n\n\n<p class=\"wp-block-paragraph\">Servicio Nacional de Migraciones de Chile &#8211; Sermig &#8211; interpone una denuncia penal oficial ante la Fiscal\u00eda Regional Metropolitana Centro Norte por varios vuelos ch\u00e1rter \u00abilegales\u00bb o \u00abirregulares\u00bb desde Hait\u00ed, entre Enero y Octubre de 2025, tras el reportaje de Radio Biobio, sobre el ingreso irregular o ilegal de m\u00e1s de 400 ni\u00f1os haitianos negros, cuyo paradero en Chile es totalmente desconocido.<\/p>\n\n\n\n<hr class=\"wp-block-separator has-alpha-channel-opacity\" \/>\n\n\n\n<p class=\"wp-block-paragraph\">sicoterapia.org<\/p>\n\n\n\n<hr class=\"wp-block-separator has-alpha-channel-opacity\" \/>\n\n\n\n<p class=\"wp-block-paragraph\"><\/p>\n\n\n\n<figure class=\"wp-block-video aligncenter\"><div class=\"wp-block-embed__wrapper\">\n<iframe loading=\"lazy\" title=\"VideoPress Video Player\" aria-label=\"VideoPress Video Player\" width=\"656\" height=\"369\" src=\"https:\/\/videopress.com\/embed\/0caDrDmC?cover=1&amp;preloadContent=metadata&amp;useAverageColor=1&amp;hd=0\" frameborder=\"0\" allowfullscreen data-resize-to-parent=\"true\" allow=\"clipboard-write; presentation\"><\/iframe><script src='https:\/\/v0.wordpress.com\/js\/next\/videopress-iframe.js?m=1770107250'><\/script>\n<\/div><figcaption>Johannes Kaiser denuncia desaparici\u00f3n de 16.000 ni\u00f1os haitianos <\/figcaption><\/figure>\n\n\n\n<p class=\"wp-block-paragraph\"><\/p>\n\n\n\n<p class=\"wp-block-paragraph\">La Contralor\u00eda de La Rep\u00fablica de Chile destin\u00f3 personal que ha investigado sin resultados el paradero de mas de 400 ni\u00f1os haitianos ingresados a Chile en vuelos ch\u00e1rter privados bajo la administraci\u00f3n del activista woke, el ex Presidente Gabriel Boric.<\/p>\n\n\n\n<p class=\"wp-block-paragraph\">Las diligencias indagar\u00e1n los hechos para determinar qu\u00e9 grado de participaci\u00f3n tienen altos funcionarios del gobierno de Boric en estos hechos, incluso, dentro del gabinete hasta la misma figura presidencial, en la ideaci\u00f3n, organizaci\u00f3n, financiamiento y ejecuci\u00f3n de este plan de ingresar ni\u00f1os extranjeros burlando las normativas y procedimientos oficiales.<\/p>\n\n\n\n<p class=\"wp-block-paragraph\"><\/p>\n\n\n\n<figure class=\"wp-block-video\"><div class=\"wp-block-embed__wrapper\">\n<iframe loading=\"lazy\" title=\"VideoPress Video Player\" aria-label=\"VideoPress Video Player\" width=\"656\" height=\"704\" src=\"https:\/\/videopress.com\/embed\/W6ec6seZ?cover=1&amp;preloadContent=metadata&amp;useAverageColor=1&amp;hd=0\" frameborder=\"0\" allowfullscreen data-resize-to-parent=\"true\" allow=\"clipboard-write; presentation\"><\/iframe><script src='https:\/\/v0.wordpress.com\/js\/next\/videopress-iframe.js?m=1770107250'><\/script>\n<\/div><\/figure>\n\n\n\n<p class=\"wp-block-paragraph\"><\/p>\n\n\n\n<figure class=\"wp-block-image size-large\"><img data-recalc-dims=\"1\" loading=\"lazy\" decoding=\"async\" width=\"656\" height=\"945\" data-attachment-id=\"7983\" data-permalink=\"https:\/\/sicoterapia.org\/?attachment_id=7983\" data-orig-file=\"https:\/\/i0.wp.com\/sicoterapia.org\/wp-content\/uploads\/2026\/06\/screenshot_20260616_130850_chilenewspapers4559170394528409225.jpg?fit=1080%2C1556&amp;ssl=1\" data-orig-size=\"1080,1556\" data-comments-opened=\"0\" data-image-meta=\"{&quot;aperture&quot;:&quot;0&quot;,&quot;credit&quot;:&quot;&quot;,&quot;camera&quot;:&quot;&quot;,&quot;caption&quot;:&quot;&quot;,&quot;created_timestamp&quot;:&quot;0&quot;,&quot;copyright&quot;:&quot;&quot;,&quot;focal_length&quot;:&quot;0&quot;,&quot;iso&quot;:&quot;0&quot;,&quot;shutter_speed&quot;:&quot;0&quot;,&quot;title&quot;:&quot;&quot;,&quot;orientation&quot;:&quot;1&quot;,&quot;alt&quot;:&quot;&quot;}\" data-image-title=\"screenshot_20260616_130850_chile newspapers4559170394528409225.\" data-image-description=\"\" data-image-caption=\"\" data-large-file=\"https:\/\/i0.wp.com\/sicoterapia.org\/wp-content\/uploads\/2026\/06\/screenshot_20260616_130850_chilenewspapers4559170394528409225.jpg?fit=656%2C945&amp;ssl=1\" src=\"https:\/\/i0.wp.com\/sicoterapia.org\/wp-content\/uploads\/2026\/06\/screenshot_20260616_130850_chilenewspapers4559170394528409225.jpg?resize=656%2C945&#038;ssl=1\" alt=\"\" class=\"wp-image-7983\" \/><\/figure>\n\n\n\n<figure class=\"wp-block-image\"><img data-recalc-dims=\"1\" loading=\"lazy\" decoding=\"async\" width=\"656\" height=\"756\" data-attachment-id=\"7982\" data-permalink=\"https:\/\/sicoterapia.org\/?attachment_id=7982\" data-orig-file=\"https:\/\/i0.wp.com\/sicoterapia.org\/wp-content\/uploads\/2026\/06\/screenshot_20260616_130904_chilenewspapers919472511849294944.jpg?fit=1080%2C1245&amp;ssl=1\" data-orig-size=\"1080,1245\" data-comments-opened=\"0\" data-image-meta=\"{&quot;aperture&quot;:&quot;0&quot;,&quot;credit&quot;:&quot;&quot;,&quot;camera&quot;:&quot;&quot;,&quot;caption&quot;:&quot;&quot;,&quot;created_timestamp&quot;:&quot;0&quot;,&quot;copyright&quot;:&quot;&quot;,&quot;focal_length&quot;:&quot;0&quot;,&quot;iso&quot;:&quot;0&quot;,&quot;shutter_speed&quot;:&quot;0&quot;,&quot;title&quot;:&quot;&quot;,&quot;orientation&quot;:&quot;1&quot;,&quot;alt&quot;:&quot;&quot;}\" data-image-title=\"screenshot_20260616_130904_chile newspapers919472511849294944.\" data-image-description=\"\" data-image-caption=\"\" data-large-file=\"https:\/\/i0.wp.com\/sicoterapia.org\/wp-content\/uploads\/2026\/06\/screenshot_20260616_130904_chilenewspapers919472511849294944.jpg?fit=656%2C756&amp;ssl=1\" src=\"https:\/\/i0.wp.com\/sicoterapia.org\/wp-content\/uploads\/2026\/06\/screenshot_20260616_130904_chilenewspapers919472511849294944.jpg?resize=656%2C756&#038;ssl=1\" alt=\"\" class=\"wp-image-7982\" \/><\/figure>\n\n\n\n<p class=\"wp-block-paragraph\">En todo caso hay que esperar los resultados de las investigaciones, previa advertencia de que \u00abuna sospecha no constituye evidencia\u00bb. <\/p>\n\n\n\n<p class=\"wp-block-paragraph\">1. Sitio oficial de Sermig (comunicado institucional). SERMIG denuncia posible tr\u00e1fico de menores haitianos. -&gt; <\/p>\n\n\n\n<p class=\"wp-block-paragraph\"><a href=\"https:\/\/serviciomigraciones.cl\/sermig-denuncia-posible-trafico-de-menores-haitianos\/\">https:\/\/serviciomigraciones.cl\/sermig-denuncia-posible-trafico-de-menores-haitianos\/<\/a><\/p>\n\n\n\n<p class=\"wp-block-paragraph\"><\/p>\n\n\n\n<figure class=\"wp-block-image size-large\"><img data-recalc-dims=\"1\" loading=\"lazy\" decoding=\"async\" width=\"656\" height=\"406\" data-attachment-id=\"7964\" data-permalink=\"https:\/\/sicoterapia.org\/?attachment_id=7964\" data-orig-file=\"https:\/\/i0.wp.com\/sicoterapia.org\/wp-content\/uploads\/2026\/06\/screenshot_20260616_050200_chilenewspapers7184457741687521326.jpg?fit=1080%2C669&amp;ssl=1\" data-orig-size=\"1080,669\" data-comments-opened=\"0\" data-image-meta=\"{&quot;aperture&quot;:&quot;0&quot;,&quot;credit&quot;:&quot;&quot;,&quot;camera&quot;:&quot;&quot;,&quot;caption&quot;:&quot;&quot;,&quot;created_timestamp&quot;:&quot;0&quot;,&quot;copyright&quot;:&quot;&quot;,&quot;focal_length&quot;:&quot;0&quot;,&quot;iso&quot;:&quot;0&quot;,&quot;shutter_speed&quot;:&quot;0&quot;,&quot;title&quot;:&quot;&quot;,&quot;orientation&quot;:&quot;1&quot;,&quot;alt&quot;:&quot;&quot;}\" data-image-title=\"screenshot_20260616_050200_chile newspapers7184457741687521326.\" data-image-description=\"\" data-image-caption=\"\" data-large-file=\"https:\/\/i0.wp.com\/sicoterapia.org\/wp-content\/uploads\/2026\/06\/screenshot_20260616_050200_chilenewspapers7184457741687521326.jpg?fit=656%2C406&amp;ssl=1\" src=\"https:\/\/i0.wp.com\/sicoterapia.org\/wp-content\/uploads\/2026\/06\/screenshot_20260616_050200_chilenewspapers7184457741687521326.jpg?resize=656%2C406&#038;ssl=1\" alt=\"\" class=\"wp-image-7964\" \/><\/figure>\n\n\n\n<p class=\"wp-block-paragraph\"><\/p>\n\n\n\n<figure class=\"wp-block-image size-large\"><img data-recalc-dims=\"1\" loading=\"lazy\" decoding=\"async\" width=\"656\" height=\"637\" data-attachment-id=\"7960\" data-permalink=\"https:\/\/sicoterapia.org\/?attachment_id=7960\" data-orig-file=\"https:\/\/i0.wp.com\/sicoterapia.org\/wp-content\/uploads\/2026\/06\/screenshot_20260615_215407_chilenewspapers7607673559466920052.jpg?fit=1080%2C1048&amp;ssl=1\" data-orig-size=\"1080,1048\" data-comments-opened=\"0\" data-image-meta=\"{&quot;aperture&quot;:&quot;0&quot;,&quot;credit&quot;:&quot;&quot;,&quot;camera&quot;:&quot;&quot;,&quot;caption&quot;:&quot;&quot;,&quot;created_timestamp&quot;:&quot;0&quot;,&quot;copyright&quot;:&quot;&quot;,&quot;focal_length&quot;:&quot;0&quot;,&quot;iso&quot;:&quot;0&quot;,&quot;shutter_speed&quot;:&quot;0&quot;,&quot;title&quot;:&quot;&quot;,&quot;orientation&quot;:&quot;1&quot;,&quot;alt&quot;:&quot;&quot;}\" data-image-title=\"screenshot_20260615_215407_chile newspapers7607673559466920052.\" data-image-description=\"\" data-image-caption=\"\" data-large-file=\"https:\/\/i0.wp.com\/sicoterapia.org\/wp-content\/uploads\/2026\/06\/screenshot_20260615_215407_chilenewspapers7607673559466920052.jpg?fit=656%2C637&amp;ssl=1\" src=\"https:\/\/i0.wp.com\/sicoterapia.org\/wp-content\/uploads\/2026\/06\/screenshot_20260615_215407_chilenewspapers7607673559466920052.jpg?resize=656%2C637&#038;ssl=1\" alt=\"\" class=\"wp-image-7960\" \/><\/figure>\n\n\n\n<p class=\"wp-block-paragraph\"><\/p>\n\n\n\n<p class=\"wp-block-paragraph\">2. Radio Biobio: Investigaci\u00f3n por ni\u00f1os haitianos: dudas sobre vuelos, controles migratorios y reunificaci\u00f3n familiar<\/p>\n\n\n\n<p class=\"wp-block-paragraph\"><a href=\"https:\/\/www.biobiochile.cl\/biobiotv\/programas\/causa-y-efecto\/2026\/06\/15\/investigacion-por-ninos-haitianos-dudas-sobre-vuelos-controles-migratorios-y-reunificacion-familiar.shtml\">https:\/\/www.biobiochile.cl\/biobiotv\/programas\/causa-y-efecto\/2026\/06\/15\/investigacion-por-ninos-haitianos-dudas-sobre-vuelos-controles-migratorios-y-reunificacion-familiar.shtml<\/a><\/p>\n\n\n\n<p class=\"wp-block-paragraph\">3. Presidente Kast califica de \u00abgrav\u00edsima\u00bb denuncia por ingreso masivo de ni\u00f1os haitianos durante 2025<\/p>\n\n\n\n<p class=\"wp-block-paragraph\"><a href=\"https:\/\/www.biobiochile.cl\/noticias\/nacional\/chile\/2026\/06\/15\/kast-califica-de-gravisima-denuncia-por-ingreso-masivo-de-ninos-haitianos-durante-2025.shtml\">https:\/\/www.biobiochile.cl\/noticias\/nacional\/chile\/2026\/06\/15\/kast-califica-de-gravisima-denuncia-por-ingreso-masivo-de-ninos-haitianos-durante-2025.shtml<\/a><\/p>\n\n\n\n<p class=\"wp-block-paragraph\"><\/p>\n\n\n\n<figure class=\"wp-block-image size-large\"><img data-recalc-dims=\"1\" loading=\"lazy\" decoding=\"async\" width=\"656\" height=\"406\" data-attachment-id=\"7966\" data-permalink=\"https:\/\/sicoterapia.org\/?attachment_id=7966\" data-orig-file=\"https:\/\/i0.wp.com\/sicoterapia.org\/wp-content\/uploads\/2026\/06\/screenshot_20260616_050200_chilenewspapers1575024584085848310.jpg?fit=1080%2C669&amp;ssl=1\" data-orig-size=\"1080,669\" data-comments-opened=\"0\" data-image-meta=\"{&quot;aperture&quot;:&quot;0&quot;,&quot;credit&quot;:&quot;&quot;,&quot;camera&quot;:&quot;&quot;,&quot;caption&quot;:&quot;&quot;,&quot;created_timestamp&quot;:&quot;0&quot;,&quot;copyright&quot;:&quot;&quot;,&quot;focal_length&quot;:&quot;0&quot;,&quot;iso&quot;:&quot;0&quot;,&quot;shutter_speed&quot;:&quot;0&quot;,&quot;title&quot;:&quot;&quot;,&quot;orientation&quot;:&quot;1&quot;,&quot;alt&quot;:&quot;&quot;}\" data-image-title=\"screenshot_20260616_050200_chile newspapers1575024584085848310.\" data-image-description=\"\" data-image-caption=\"\" data-large-file=\"https:\/\/i0.wp.com\/sicoterapia.org\/wp-content\/uploads\/2026\/06\/screenshot_20260616_050200_chilenewspapers1575024584085848310.jpg?fit=656%2C406&amp;ssl=1\" src=\"https:\/\/i0.wp.com\/sicoterapia.org\/wp-content\/uploads\/2026\/06\/screenshot_20260616_050200_chilenewspapers1575024584085848310.jpg?resize=656%2C406&#038;ssl=1\" alt=\"\" class=\"wp-image-7966\" \/><\/figure>\n\n\n\n<p class=\"wp-block-paragraph\"><\/p>\n\n\n\n<p class=\"wp-block-paragraph\">4. Fiscal\u00eda abre investigaci\u00f3n por tr\u00e1fico de ni\u00f1os haitianos<\/p>\n\n\n\n<p class=\"wp-block-paragraph\"><a href=\"https:\/\/www.biobiochile.cl\/noticias\/nacional\/chile\/2026\/06\/15\/fiscalia-abre-investigacion-por-ingreso-masivo-de-ninos-ninas-y-adolescentes-haitianos-en-2025.shtml\">https:\/\/www.biobiochile.cl\/noticias\/nacional\/chile\/2026\/06\/15\/fiscalia-abre-investigacion-por-ingreso-masivo-de-ninos-ninas-y-adolescentes-haitianos-en-2025.shtml<\/a><\/p>\n\n\n\n<p class=\"wp-block-paragraph\">5. Canal 9 \u2013 \u201cCaso ni\u00f1os haitianos: Migraciones presenta denuncia penal en Fiscal\u00eda por eventual tr\u00e1fico de menores\u201d -&gt;<\/p>\n\n\n\n<p class=\"wp-block-paragraph\"><a href=\"https:\/\/www.canal9.cl\/episodios\/2026\/06\/15\/caso-ninos-haitianos-migraciones-presenta-denuncia-penal-en-fiscalia-por-eventual-trafico-de-menores\">https:\/\/www.canal9.cl\/episodios\/2026\/06\/15\/caso-ninos-haitianos-migraciones-presenta-denuncia-penal-en-fiscalia-por-eventual-trafico-de-menores<\/a><\/p>\n\n\n\n<p class=\"wp-block-paragraph\">6. Meganoticias \u2013 \u201cVuelos ch\u00e1rter con haitianos: Servicio Nacional de Migraciones presenta denuncia por eventual delito de tr\u00e1fico de menores\u201d -&gt;<\/p>\n\n\n\n<p class=\"wp-block-paragraph\"><a href=\"https:\/\/www.meganoticias.cl\/nacional\/524654-vuelos-charter-con-haitianos-denuncia-penal-por-trafico-de-menores-servicio-nacional-de-migraciones-15-06-2026.html\">https:\/\/www.meganoticias.cl\/nacional\/524654-vuelos-charter-con-haitianos-denuncia-penal-por-trafico-de-menores-servicio-nacional-de-migraciones-15-06-2026.html<\/a><\/p>\n\n\n\n<p class=\"wp-block-paragraph\">7. Video:&nbsp; \u00bfD\u00d3NDE EST\u00c1N LOS NI\u00d1OS HAITIANOS? -&gt;<\/p>\n\n\n\n<p class=\"wp-block-paragraph\"><a href=\"https:\/\/youtu.be\/SwsVVbcF330?si=DBHAyZZjBoOemXlI\">https:\/\/youtu.be\/SwsVVbcF330?si=DBHAyZZjBoOemXlI<\/a><\/p>\n\n\n\n<p class=\"wp-block-paragraph\">8. Video : NI\u00d1OS HAITIANOS SIN RASTRO EN CHILE -&gt;<\/p>\n\n\n\n<p class=\"wp-block-paragraph\"><a href=\"https:\/\/youtu.be\/T7Z0Ue4fqYM?si=pwhpr1in4IKpQuOS\">https:\/\/youtu.be\/T7Z0Ue4fqYM?si=pwhpr1in4IKpQuOS<\/a><\/p>\n\n\n\n<p class=\"wp-block-paragraph\">OTROS ART\u00cdCULOS RELACIONADOS:<\/p>\n\n\n\n<ol class=\"wp-block-list\">\n<li><a href=\"https:\/\/sicoterapia.org\/2026\/06\/25\/sebastian-pinera-tambien-financio-con-20-mil-dolares-a-ong-haitiana\/\" target=\"_blank\" rel=\"noreferrer noopener\">Sebasti\u00e1n Pi\u00f1era tambi\u00e9n financi\u00f3 con 20 mil d\u00f3lares a ONG haitiana<\/a><\/li>\n\n\n\n<li><a href=\"https:\/\/sicoterapia.org\/2026\/06\/18\/chile-catolico-apostolico-y-pedofilo\/\" target=\"_blank\" rel=\"noreferrer noopener\">Chile cat\u00f3lico, apost\u00f3lico y ped\u00f3filo<\/a><\/li>\n<\/ol>\n","protected":false},"excerpt":{"rendered":"<p>Actualizado 19 Junio 2026. Las \u00faltimas revelaciones de hoy de Johannes Kaiser, ex diputado y ex candidato Presidencial, sobre que la cifra real est\u00e1 en 16.000 ni\u00f1os haitianos desaparecidos son catastr\u00f3ficas. Servicio Nacional de Migraciones de Chile &#8211; Sermig &#8211; interpone una denuncia penal oficial ante la Fiscal\u00eda Regional Metropolitana Centro Norte por varios vuelos &hellip; <a href=\"https:\/\/sicoterapia.org\/?p=7961\" class=\"more-link\">Sigue leyendo <span class=\"screen-reader-text\">M\u00e1s de 400 ni\u00f1os haitianos perdidos en Chile. Grave denuncia contra gobierno de Gabriel Boric<\/span><\/a><\/p>\n","protected":false},"author":8706321,"featured_media":0,"comment_status":"closed","ping_status":"closed","sticky":false,"template":"","format":"standard","meta":{"_coblocks_attr":"","_coblocks_dimensions":"","_coblocks_responsive_height":"","_coblocks_accordion_ie_support":"","advanced_seo_description":"","jetpack_seo_html_title":"","jetpack_seo_noindex":false,"jetpack_seo_schema_type":"","_jetpack_newsletter_access":"","_jetpack_dont_email_post_to_subs":false,"_jetpack_newsletter_tier_id":0,"_jetpack_memberships_contains_paywalled_content":false,"_wpcom_ai_launchpad_first_post":false,"_jetpack_feature_clip_id":0,"_jetpack_memberships_contains_paid_content":false,"footnotes":"","jetpack_publicize_message":"","jetpack_publicize_feature_enabled":true,"jetpack_social_post_already_shared":false,"jetpack_social_options":{"image_generator_settings":{"template":"highway","default_image_id":0,"font":"","enabled":false},"version":2},"jetpack_post_was_ever_published":false},"categories":[2372,3503,798,6493,1149],"tags":[537783,709311,7520,289662,821198,51094,248103,86219,787829183,7940,3999730,2738999],"class_list":["post-7961","post","type-post","status-publish","format-standard","hentry","category-economia","category-historia","category-politica","category-publicaciones","category-videos","tag-abuso-infantil","tag-abuso-sexual","tag-chile","tag-comunismo","tag-crimen-organizado","tag-haiti","tag-marxismo","tag-pedofilia","tag-politica","tag-socialismo","tag-trafico-de-personas","tag-woke"],"jetpack_publicize_connections":[],"jetpack_likes_enabled":true,"jetpack_sharing_enabled":true,"jetpack_shortlink":"https:\/\/wp.me\/pzfQN-24p","jetpack-related-posts":[],"jetpack_featured_media_url":"","_links":{"self":[{"href":"https:\/\/sicoterapia.org\/index.php?rest_route=\/wp\/v2\/posts\/7961","targetHints":{"allow":["GET"]}}],"collection":[{"href":"https:\/\/sicoterapia.org\/index.php?rest_route=\/wp\/v2\/posts"}],"about":[{"href":"https:\/\/sicoterapia.org\/index.php?rest_route=\/wp\/v2\/types\/post"}],"author":[{"embeddable":true,"href":"https:\/\/sicoterapia.org\/index.php?rest_route=\/wp\/v2\/users\/8706321"}],"replies":[{"embeddable":true,"href":"https:\/\/sicoterapia.org\/index.php?rest_route=%2Fwp%2Fv2%2Fcomments&post=7961"}],"version-history":[{"count":8,"href":"https:\/\/sicoterapia.org\/index.php?rest_route=\/wp\/v2\/posts\/7961\/revisions"}],"predecessor-version":[{"id":8026,"href":"https:\/\/sicoterapia.org\/index.php?rest_route=\/wp\/v2\/posts\/7961\/revisions\/8026"}],"wp:attachment":[{"href":"https:\/\/sicoterapia.org\/index.php?rest_route=%2Fwp%2Fv2%2Fmedia&parent=7961"}],"wp:term":[{"taxonomy":"category","embeddable":true,"href":"https:\/\/sicoterapia.org\/index.php?rest_route=%2Fwp%2Fv2%2Fcategories&post=7961"},{"taxonomy":"post_tag","embeddable":true,"href":"https:\/\/sicoterapia.org\/index.php?rest_route=%2Fwp%2Fv2%2Ftags&post=7961"}],"curies":[{"name":"wp","href":"https:\/\/api.w.org\/{rel}","templated":true}]}}