{"id":7923,"date":"2026-06-12T13:35:02","date_gmt":"2026-06-12T13:35:02","guid":{"rendered":"http:\/\/sicoterapia.org\/2026\/06\/12\/regresa-a-israel-la-tribu-perdida-de-manases-desde-la-india\/"},"modified":"2026-06-12T13:35:02","modified_gmt":"2026-06-12T13:35:02","slug":"regresa-a-israel-la-tribu-perdida-de-manases-desde-la-india","status":"publish","type":"post","link":"https:\/\/sicoterapia.org\/?p=7923","title":{"rendered":"Regresa a Israel la tribu perdida de Manas\u00e9s desde la India"},"content":{"rendered":"\n<p class=\"wp-block-paragraph\">!Exclusivo! Regresan a Israel los descendientes de la \u00abtribu perdida\u00bb de Manas\u00e9s, provenientes desde el Norte de la India donde se afincaron hace 2500 a\u00f1os y, tambi\u00e9n, adonde el Jes\u00fas b\u00edblico anduvo visitando y luego fue sepultado.<\/p>\n\n\n\n<p class=\"wp-block-paragraph\"><\/p>\n\n\n\n<figure class=\"wp-block-video aligncenter\"><div class=\"wp-block-embed__wrapper\">\n<iframe loading=\"lazy\" title=\"VideoPress Video Player\" aria-label=\"VideoPress Video Player\" width=\"553\" height=\"984\" src=\"https:\/\/videopress.com\/embed\/fjTxwa7E?cover=1&amp;preloadContent=metadata&amp;useAverageColor=1&amp;hd=0\" frameborder=\"0\" allowfullscreen data-resize-to-parent=\"true\" allow=\"clipboard-write; presentation\"><\/iframe><script src='https:\/\/v0.wordpress.com\/js\/next\/videopress-iframe.js?m=1770107250'><\/script>\n<\/div><figcaption>Regresa la tribu perdida de Manas\u00e9s <\/figcaption><\/figure>\n\n\n\n<p class=\"wp-block-paragraph\"><\/p>\n\n\n\n<p class=\"wp-block-paragraph\">1. Tribu perdida de Israel en la India -&gt;<\/p>\n\n\n\n<p class=\"wp-block-paragraph\"><a href=\"https:\/\/en.wikipedia.org\/wiki\/Bnei_Menashe?wprov=sfla1\" target=\"_blank\" rel=\"noreferrer noopener\">https:\/\/en.wikipedia.org\/wiki\/Bnei_Menashe?wprov=sfla1<\/a><\/p>\n\n\n\n<p class=\"wp-block-paragraph\">2. Tumba de Jes\u00fas b\u00edblico en la India (no confundir el personaje hist\u00f3rico y humano \u00abJes\u00fas, hijo de Mar\u00eda y de Jos\u00e9\u00bb b\u00edblicos, con el mito religioso cristiano que habla de Jesucristo resucitado yendo al Cielo)<\/p>\n\n\n\n<p class=\"wp-block-paragraph\"><a href=\"https:\/\/historiasdenuestroplaneta.com\/la-tumba-de-cristo-en-cachemira\/\" target=\"_blank\" rel=\"noreferrer noopener\">https:\/\/historiasdenuestroplaneta.com\/la-tumba-de-cristo-en-cachemira\/<\/a><\/p>\n\n\n\n<p class=\"wp-block-paragraph\"><\/p>\n","protected":false},"excerpt":{"rendered":"<p>!Exclusivo! Regresan a Israel los descendientes de la \u00abtribu perdida\u00bb de Manas\u00e9s, provenientes desde el Norte de la India donde se afincaron hace 2500 a\u00f1os y, tambi\u00e9n, adonde el Jes\u00fas b\u00edblico anduvo visitando y luego fue sepultado. 1. Tribu perdida de Israel en la India -&gt; <a href=\"https:\/\/en.wikipedia.org\/wiki\/Bnei_Menashe?wprov=sfla1\" rel=\"nofollow\">https:\/\/en.wikipedia.org\/wiki\/Bnei_Menashe?wprov=sfla1<\/a> 2. Tumba de Jes\u00fas b\u00edblico en la India &hellip; <a href=\"https:\/\/sicoterapia.org\/?p=7923\" class=\"more-link\">Sigue leyendo <span class=\"screen-reader-text\">Regresa a Israel la tribu perdida de Manas\u00e9s desde la India<\/span><\/a><\/p>\n","protected":false},"author":8706321,"featured_media":0,"comment_status":"closed","ping_status":"closed","sticky":false,"template":"","format":"standard","meta":{"_coblocks_attr":"","_coblocks_dimensions":"","_coblocks_responsive_height":"","_coblocks_accordion_ie_support":"","advanced_seo_description":"","jetpack_seo_html_title":"","jetpack_seo_noindex":false,"jetpack_seo_schema_type":"","_jetpack_newsletter_access":"","_jetpack_dont_email_post_to_subs":false,"_jetpack_newsletter_tier_id":0,"_jetpack_memberships_contains_paywalled_content":false,"_wpcom_ai_launchpad_first_post":false,"_jetpack_feature_clip_id":0,"_jetpack_memberships_contains_paid_content":false,"footnotes":"","jetpack_publicize_message":"","jetpack_publicize_feature_enabled":true,"jetpack_social_post_already_shared":false,"jetpack_social_options":{"image_generator_settings":{"template":"highway","default_image_id":0,"font":"","enabled":false},"version":2},"jetpack_post_was_ever_published":false},"categories":[2367,3503,6493,116],"tags":[171398,181979,58278,3054,9937,35576,35600,787829182,14088910,68546],"class_list":["post-7923","post","type-post","status-publish","format-standard","hentry","category-cultura","category-historia","category-publicaciones","category-religion","tag-biblia","tag-catolicismo","tag-cristianismo","tag-india","tag-israel","tag-jesucristo","tag-judaismo","tag-religion","tag-tribu-perdida-de-manases","tag-vaticano"],"jetpack_publicize_connections":[],"jetpack_likes_enabled":true,"jetpack_sharing_enabled":true,"jetpack_shortlink":"https:\/\/wp.me\/pzfQN-23N","jetpack-related-posts":[],"jetpack_featured_media_url":"","_links":{"self":[{"href":"https:\/\/sicoterapia.org\/index.php?rest_route=\/wp\/v2\/posts\/7923","targetHints":{"allow":["GET"]}}],"collection":[{"href":"https:\/\/sicoterapia.org\/index.php?rest_route=\/wp\/v2\/posts"}],"about":[{"href":"https:\/\/sicoterapia.org\/index.php?rest_route=\/wp\/v2\/types\/post"}],"author":[{"embeddable":true,"href":"https:\/\/sicoterapia.org\/index.php?rest_route=\/wp\/v2\/users\/8706321"}],"replies":[{"embeddable":true,"href":"https:\/\/sicoterapia.org\/index.php?rest_route=%2Fwp%2Fv2%2Fcomments&post=7923"}],"version-history":[{"count":0,"href":"https:\/\/sicoterapia.org\/index.php?rest_route=\/wp\/v2\/posts\/7923\/revisions"}],"wp:attachment":[{"href":"https:\/\/sicoterapia.org\/index.php?rest_route=%2Fwp%2Fv2%2Fmedia&parent=7923"}],"wp:term":[{"taxonomy":"category","embeddable":true,"href":"https:\/\/sicoterapia.org\/index.php?rest_route=%2Fwp%2Fv2%2Fcategories&post=7923"},{"taxonomy":"post_tag","embeddable":true,"href":"https:\/\/sicoterapia.org\/index.php?rest_route=%2Fwp%2Fv2%2Ftags&post=7923"}],"curies":[{"name":"wp","href":"https:\/\/api.w.org\/{rel}","templated":true}]}}