{"id":7859,"date":"2026-03-03T02:57:45","date_gmt":"2026-03-03T02:57:45","guid":{"rendered":"http:\/\/sicoterapia.org\/?p=7859"},"modified":"2026-08-30T02:47:12","modified_gmt":"2026-08-30T02:47:12","slug":"fact-checking-de-las-creencias-economicas-de-la-izquierda-chilena-el-caso-de-gonzalo-winter","status":"publish","type":"post","link":"https:\/\/sicoterapia.org\/?p=7859","title":{"rendered":"Fact-checking de las creencias econ\u00f3micas de la izquierda chilena: el caso de Gonzalo Winter"},"content":{"rendered":"\n<p class=\"wp-block-paragraph\">Fact-checking&nbsp;y Contrastaci\u00f3n t\u00e9cnica y ver\u00eddica del discurso y pensamiento econ\u00f3mico de un l\u00edder de la izquierda chilena, el abogado, diputado y ex candidato presidencial del Frente Amplio, Sr. Gonzalo Winter Etcheberry. <\/p>\n\n\n\n<hr class=\"wp-block-separator has-alpha-channel-opacity\"\/>\n\n\n\n<p class=\"wp-block-paragraph\">Autor, Jorge Auristondo Vilches <\/p>\n\n\n\n<hr class=\"wp-block-separator has-alpha-channel-opacity\"\/>\n\n\n\n<p class=\"wp-block-paragraph\">Para analizar el discurso televisivo del l\u00edder de izquierda Gonzalo Winter en la reciente campa\u00f1a presidencial de Chile, me baso en algunos conocimientos acad\u00e9micos propios y debidamente acreditados (Diplomado en Contabilidad General B\u00e1sica, Intermedia y Avanzada de la Universidad Tecnol\u00f3gica Metropolitana de Chile, UTEM; y los cursos aprobados de Econom\u00eda Pol\u00edtica y Pol\u00edtica Econ\u00f3mica impartidos en el primer a\u00f1o de la carrera de Derecho de la Universidad Central de Chile). Y, si bien estos conocimientos b\u00e1sicos no me convierten en un economistas profesional, me sirven bastante para darme cuenta de inmediato cuando alg\u00fan pol\u00edtico o peri\u00f3dico me quieren mentir y enga\u00f1ar. <\/p>\n\n\n\n<p class=\"wp-block-paragraph\">LAS CREENCIAS ECON\u00d3MICAS INV\u00c1LIDAS DE WINTER ME PERMITEN USARLAS PARA EXPLICAR C\u00d3MO FUNCIONA LA ECONOM\u00cdA REAL. DE CHILE.<\/p>\n\n\n\n<p class=\"wp-block-paragraph\"><strong>DATO FUNDAMENTAL<\/strong>: <strong>LA ECONOM\u00cdA DE CHILE NO ES CAPITALISMO<\/strong>, ES UN ENGENDRO QUE <strong>NO OPERA EN NING\u00daN LUGAR DEL MUNDO<\/strong>, JAM\u00c1S EN REINO O EN LOS ESTADOS UNIDOS. <\/p>\n\n\n\n<p class=\"wp-block-paragraph\"><strong>EN CUALQUIER LUGAR DEL MUNDO CIVILIZADO Y DESARROLLADO LA DEUDA Y LOS INTERESES DE ESA DEUDA SON EN LA MISMA MONEDA LOCAL; EN CHILE NO. <\/strong><\/p>\n\n\n\n<p class=\"wp-block-paragraph\">Si se quiere denunciar una transferencia, el dato duro no es \u201cel IPC paga la deuda\u201d. Es: <strong>el Fisco y el sistema financiero se indexaron en UF; el salario, no<\/strong>. Eso es redistribuci\u00f3n. No es el mismo mecanismo que \u201cinventar inflaci\u00f3n para cancelar el pasivo\u201d. <\/p>\n\n\n\n<p class=\"wp-block-paragraph\"><strong>LA DEUDA Y LOS INTERESES EN REINO UNIDO ES EN LIBRAS, EN LOS ESTADOS UNIDOS ES EN D\u00d3LARES Y EN SUIZA EN FRANCOS SUIZOS: EN CHILE TE ENDEUDAS EN \u00bb PESOS\u00bb PERO LOS INTERESES LOS PAGAS EN \u00bb UF\u00bb. EL \u00bb PESO\u00bb SE DEPRECIA DE FORMA CONSTANTE, LA \u00bb UF\u00bb SUBE TODOS LOS D\u00cdAS. \u00bfSE ENTIENDE ESTE PUNTO?<\/strong> <\/p>\n\n\n\n<p class=\"wp-block-paragraph\"><strong>AQU\u00cd EL MODELO CHILENO. EST\u00c1 TRANSFIRIENDO Y EXPROPIANDO LA RIQUEZA DE LA MASA LABORAL (SALARIOS) DE FORMA CONSTANTE<\/strong>.<\/p>\n\n\n\n<p class=\"wp-block-paragraph\"> \ud83d\udc49 La f\u00f3rmula que describe a Chile 2015\u20132026 es otra: gastar y endeudarse en UF y d\u00f3lares, y dejar que el trabajador en pesos absorba la UF.<\/p>\n\n\n\n<p class=\"wp-block-paragraph\">\ud83d\udc49 En Chile el Estado y la industria financiera \u00abtransfieren\u00bb y \u00absustraen\u00bb hacia s\u00ed la riqueza de la masa laboral (10 millones de personas) , porque su salario est\u00e1 pagado en \u00bb <strong>pesos<\/strong>\u00bb que se <strong>deprecian<\/strong> en el tiempo de forma constante y medible. Si se quiere denunciar una transferencia, el dato duro no es \u201cel IPC paga la deuda\u201d. Es: <strong>el Fisco y el sistema financiero chileno se indexaron en UF; el salario, no. Eso es redistribuci\u00f3n. No es el mismo mecanismo que \u201cinventar inflaci\u00f3n para cancelar el pasivo\u201d.<\/strong> Y ESTA VERDAD ES <strong>INCUESTIONABLE<\/strong>.<\/p>\n\n\n\n<p class=\"wp-block-paragraph\">Aclarados estos puntos, transcribo a continuaci\u00f3n el discurso econ\u00f3mico del candidato Gonzalo Winter y en seguida contrasto estas creencias econ\u00f3micas con la realidad t\u00e9cnica de la Econom\u00eda o el Capitalismo, y digo que cuando se habla de la Econom\u00eda se habla de Capitalismo, porque el Capitalismo es la \u00fanica Econom\u00eda Real que existe. Desde que naci\u00f3 el intercambio comercial en la \u00e9poca de las cavernas en la Prehistoria no ha existido otra Econom\u00eda que el Capitalismo, y todo lo que se diga en contra como cuando se habla de&nbsp; \u00abeconomistas socialistas\u00bb o \u00abeconomistas alternativos\u00bb ,etc., todo eso es solo mentiras y utop\u00edas.<\/p>\n\n\n\n<p class=\"wp-block-paragraph\">Lo que hago aqu\u00ed con las creencias econ\u00f3micas de Winter es:<\/p>\n\n\n\n<ul class=\"wp-block-list\">\n<li>Un fact-checking (o verificaci\u00f3n de hechos). Consiste en verificar la veracidad de afirmaciones p\u00fablicas (discursos, noticias, redes sociales) contrast\u00e1ndolas con fuentes fiables y evidencia cient\u00edfica o documental.<\/li>\n<\/ul>\n\n\n\n<ul class=\"wp-block-list\">\n<li>Una Contrastaci\u00f3n cient\u00edfica: m\u00e1s propio del \u00e1mbito acad\u00e9mico. Implica someter una hip\u00f3tesis o proposici\u00f3n a prueba frente a datos emp\u00edricos y conocimiento acreditado.<\/li>\n\n\n\n<li>Una Verificaci\u00f3n: t\u00e9rmino m\u00e1s general, aplicable tanto en ciencia como en periodismo, pero menos t\u00e9cnico.<\/li>\n<\/ul>\n\n\n\n<p class=\"wp-block-paragraph\">EL PENSAMIENTO ECON\u00d3MICO DE GONZALO WINTER<\/p>\n\n\n\n<figure class=\"wp-block-pullquote\"><blockquote><p><em>\u00abYo quiero hablar de impuestos. Quiero hablarle al pueblo de Chile sobre impuestos. Muchas veces se le dice a la familia chilena que hablar de impuestos es hablar de temas t\u00e9cnicos. Por eso le quiero hablar a usted en su casa y ponerle un ejemplo. Si todos los chilenos fu\u00e9ramos 100 personas y hubiese 100 panes, el primero, el m\u00e1s rico, se come 50 panes. 50 panes de los 100 se lo come uno. Y el 50% menos rico se come 50. Cero panes, porque tiene patrimonio negativo. De hecho, tiene deudas, le debe pan al que se comi\u00f3 50 panes. Ese es el contexto en que se debe dar la discusi\u00f3n tributaria. Corre mi tiempo. El problema de noviembre\u2026 No, s\u00ed, ya corr\u00e9. \u2026es que Kayser y Matei van a ir a la papeleta para defender los intereses del que se come los 50 panes. \u00bfQu\u00e9 vamos a hacer nosotros? En primer lugar, impuestos a los superricos al 0,1%. \u20261% m\u00e1s rico del pa\u00eds, le vamos a aplicar un impuesto al patrimonio. Cosa que ya se intent\u00f3 en este gobierno y se rechaz\u00f3 por el Parlamento, seremos m\u00e1s persuasivos.\u00bb<\/em><\/p><\/blockquote><\/figure>\n\n\n\n<figure class=\"wp-block-embed is-type-video is-provider-youtube wp-block-embed-youtube wp-embed-aspect-9-16 wp-has-aspect-ratio\"><div class=\"wp-block-embed__wrapper\">\n<iframe loading=\"lazy\" title=\"\ud83d\uddf3\ufe0f #ElDebateTVN Gonzalo Winter: &quot;Al 40% m\u00e1s vulnerable le devolveremos lo que gasten en IVA&quot;.\" width=\"554\" height=\"984\" src=\"https:\/\/www.youtube.com\/embed\/GwFONZ7E23w?feature=oembed\" frameborder=\"0\" allow=\"accelerometer; autoplay; clipboard-write; encrypted-media; gyroscope; picture-in-picture; web-share\" referrerpolicy=\"strict-origin-when-cross-origin\" allowfullscreen><\/iframe>\n<\/div><\/figure>\n\n\n\n<hr class=\"wp-block-separator has-alpha-channel-opacity\"\/>\n\n\n\n<p class=\"wp-block-paragraph\">1) Desde las Leyes del Libre Mercado:<\/p>\n\n\n\n<p class=\"wp-block-paragraph\"><br>a) Falacia de suma cero<\/p>\n\n\n\n<p class=\"wp-block-paragraph\"><br>El ejemplo de los \u201c100 panes\u201d presupone que la riqueza es fija y que si uno tiene 50 panes, necesariamente otros tienen menos.<\/p>\n\n\n\n<p class=\"wp-block-paragraph\"><br>Error\/ Falsedad: En la Econom\u00eda la riqueza no es un stock fijo, sino un flujo din\u00e1mico que se crea mediante:<\/p>\n\n\n\n<p class=\"wp-block-paragraph\"><br>&#8211; inversi\u00f3n,<br>&#8211; innovaci\u00f3n,<br>&#8211; acumulaci\u00f3n de capital,<br>&#8211; productividad.<\/p>\n\n\n\n<p class=\"wp-block-paragraph\"><br>La met\u00e1fora omite que en un mercado libre los \u201cpanes\u201d pueden pasar de 100 a 150 o 200 si hay crecimiento.<\/p>\n\n\n\n<p class=\"wp-block-paragraph\">b) Confusi\u00f3n entre riqueza acumulada y consumo<\/p>\n\n\n\n<p class=\"wp-block-paragraph\"><br>Se afirma que \u201cel m\u00e1s rico se come 50 panes\u201d.<\/p>\n\n\n\n<p class=\"wp-block-paragraph\"><br>Error conceptual\/ Falsedad:<\/p>\n\n\n\n<p class=\"wp-block-paragraph\"><br>En la pr\u00e1ctica, los m\u00e1s ricos:<br>no \u201cconsumen\u201d proporcionalmente su patrimonio, lo invierten (empresas, bonos, acciones, infraestructura).<br>Gran parte del patrimonio est\u00e1 en activos productivos, no en consumo f\u00edsico equivalente.<\/p>\n\n\n\n<p class=\"wp-block-paragraph\">c) Invisibilizaci\u00f3n del rol del capital<\/p>\n\n\n\n<p class=\"wp-block-paragraph\"><br>El discurso supone que la riqueza del 1% es una&nbsp; apropiaci\u00f3n directa del \u201cpan\u201d de los otros.<\/p>\n\n\n\n<p class=\"wp-block-paragraph\"><br>Seg\u00fan la teor\u00eda del mercado: <\/p>\n\n\n\n<p class=\"wp-block-paragraph\">&#8211; el capital genera empleo,<br>&#8211; aumenta productividad,<br>&#8211; eleva salarios reales.<\/p>\n\n\n\n<p class=\"wp-block-paragraph\"><br>Winter omite la relaci\u00f3n entre acumulaci\u00f3n de capital y crecimiento del ingreso medio.<\/p>\n\n\n\n<p class=\"wp-block-paragraph\">2) Desde la Teor\u00eda Econ\u00f3mica:<\/p>\n\n\n\n<p class=\"wp-block-paragraph\">a) Mezcla entre ingreso, patrimonio y deuda<\/p>\n\n\n\n<p class=\"wp-block-paragraph\"><br>El p\u00e1rrafo mezcla:<\/p>\n\n\n\n<p class=\"wp-block-paragraph\"><br>&#8211; consumo (panes),<br>&#8211; patrimonio,<br>&#8211; deuda.<\/p>\n\n\n\n<p class=\"wp-block-paragraph\"><br>Error t\u00e9cnico grave\/ Falsedad:<\/p>\n\n\n\n<p class=\"wp-block-paragraph\"><br>Patrimonio negativo \u2260 consumo cero.<\/p>\n\n\n\n<p class=\"wp-block-paragraph\"><br>Alguien puede tener patrimonio negativo (hipoteca, cr\u00e9dito educativo, deudas) y a\u00fan as\u00ed:<br>&#8211; consumir,<br>&#8211; tener ingresos,<br>&#8211; poseer activos productivos futuros.<\/p>\n\n\n\n<p class=\"wp-block-paragraph\">b) Confusi\u00f3n entre desigualdad y pobreza<\/p>\n\n\n\n<p class=\"wp-block-paragraph\"><br>La met\u00e1fora describe desigualdad extrema, pero no demuestra pobreza absoluta.<\/p>\n\n\n\n<p class=\"wp-block-paragraph\"><br>La teor\u00eda econ\u00f3mica distingue:<\/p>\n\n\n\n<p class=\"wp-block-paragraph\"><br>&#8211; desigualdad relativa (coeficiente Gini),<br>&#8211; pobreza absoluta (l\u00ednea de pobreza).<\/p>\n\n\n\n<p class=\"wp-block-paragraph\"><br>Son fen\u00f3menos distintos.<\/p>\n\n\n\n<p class=\"wp-block-paragraph\">c) Falacia del hombre de paja:<\/p>\n\n\n\n<p class=\"wp-block-paragraph\"><br>Se afirma que ciertos candidatos \u201cdefender\u00e1n al que se come los 50 panes\u201d. Eso simplifica posiciones pol\u00edticas complejas a una caricatura moral.<\/p>\n\n\n\n<p class=\"wp-block-paragraph\">3) Desde la Teor\u00eda Monetaria:<\/p>\n\n\n\n<p class=\"wp-block-paragraph\">a) Patrimonio negativo no implica \u201cdebe pan\u201d<\/p>\n\n\n\n<p class=\"wp-block-paragraph\"><br>En econom\u00eda monetaria:<\/p>\n\n\n\n<p class=\"wp-block-paragraph\"><br>La deuda es un contrato financiero,<br>no es transferencia directa de bienes f\u00edsicos.<\/p>\n\n\n\n<p class=\"wp-block-paragraph\"><br>La met\u00e1fora convierte una relaci\u00f3n financiera en una relaci\u00f3n f\u00edsica directa, lo cual es conceptualmente incorrecto.<\/p>\n\n\n\n<p class=\"wp-block-paragraph\">b) Impuesto al patrimonio y efectos monetarios:<\/p>\n\n\n\n<p class=\"wp-block-paragraph\"><br>Un impuesto al patrimonio puede generar:<\/p>\n\n\n\n<p class=\"wp-block-paragraph\"><br>&#8211; liquidaci\u00f3n forzada de activos,<br>&#8211; salida de capital,<br>&#8211; menor inversi\u00f3n,<br>&#8211; contracci\u00f3n del cr\u00e9dito.<\/p>\n\n\n\n<p class=\"wp-block-paragraph\"><br>La teor\u00eda monetaria advierte que gravar stock de capital puede afectar:<\/p>\n\n\n\n<p class=\"wp-block-paragraph\"><br>&#8211; formaci\u00f3n de capital,<br>&#8211; crecimiento potencial,<br>&#8211; estabilidad financiera.<\/p>\n\n\n\n<p class=\"wp-block-paragraph\">4) Desde la Econom\u00eda Pol\u00edtica:<\/p>\n\n\n\n<p class=\"wp-block-paragraph\">a) Apelaci\u00f3n emocional (argumentum ad populum)<\/p>\n\n\n\n<p class=\"wp-block-paragraph\"><br>\u201cHablarle a la familia chilena\u201d simplificando en los \u00abpanes\u00bb busca movilizar emociones m\u00e1s que explicar estructura tributaria.<\/p>\n\n\n\n<p class=\"wp-block-paragraph\"><br>Es una estrategia ret\u00f3rica, no anal\u00edtica. \u00a1Es pura manipulaci\u00f3n irracional!<\/p>\n\n\n\n<p class=\"wp-block-paragraph\">b) Moralizaci\u00f3n de la desigualdad:<\/p>\n\n\n\n<p class=\"wp-block-paragraph\"><br>Winter plantea que la discusi\u00f3n tributaria debe darse en ese \u201ccontexto moral\u201d.<\/p>\n\n\n\n<p class=\"wp-block-paragraph\"><br>La Econom\u00eda Pol\u00edtica distingue:<\/p>\n\n\n\n<p class=\"wp-block-paragraph\"><br>&#8211; eficiencia,<br>&#8211; equidad,<br>&#8211; incentivos.<\/p>\n\n\n\n<p class=\"wp-block-paragraph\"><br>Reducir el debate a \u00abindignaci\u00f3n distributiva\u00bb ignora:<\/p>\n\n\n\n<p class=\"wp-block-paragraph\"><br>&#8211; elasticidad de capital,<br>&#8211; movilidad internacional,<br>&#8211; efectos din\u00e1micos.<\/p>\n\n\n\n<p class=\"wp-block-paragraph\">5) Desde la Pol\u00edtica Econ\u00f3mica:<\/p>\n\n\n\n<p class=\"wp-block-paragraph\">a) Impuesto al patrimonio: evidencia comparada:<\/p>\n\n\n\n<p class=\"wp-block-paragraph\"><br>En la experiencia internacional:<\/p>\n\n\n\n<p class=\"wp-block-paragraph\"><br>&#8211; varios pa\u00edses europeos lo eliminaron (por baja recaudaci\u00f3n y fuga de capital),<br>&#8211; tiene alto costo administrativo,<br>&#8211; recauda poco respecto del PIB.<\/p>\n\n\n\n<p class=\"wp-block-paragraph\"><br>El problema t\u00e9cnico de su argumento es que:<\/p>\n\n\n\n<p class=\"wp-block-paragraph\"><br>&#8211; el capital es m\u00f3vil,<br>&#8211; la base imponible es dif\u00edcil de valorar.<\/p>\n\n\n\n<p class=\"wp-block-paragraph\">b) Incentivos y efectos din\u00e1micos:<\/p>\n\n\n\n<p class=\"wp-block-paragraph\"><br>La Pol\u00edtica Econ\u00f3mica moderna analiza:<\/p>\n\n\n\n<p class=\"wp-block-paragraph\"><br>&#8211; incentivos marginales,<br>&#8211; curva de Laffer,<br>&#8211; elasticidad del ahorro.<\/p>\n\n\n\n<p class=\"wp-block-paragraph\"><br>Un impuesto al patrimonio va a:<\/p>\n\n\n\n<p class=\"wp-block-paragraph\"><br>&#8211; reducir acumulaci\u00f3n,<br>&#8211; afectar inversi\u00f3n futura,<br>&#8211; impactar crecimiento de largo plazo.<\/p>\n\n\n\n<p class=\"wp-block-paragraph\"><br>El discurso de Winter no aborda estos efectos.<\/p>\n\n\n\n<p class=\"wp-block-paragraph\">Resumen de Falacias Identificadas del discurso econ\u00f3mico de Gonzalo Winter:<\/p>\n\n\n\n<ul class=\"wp-block-list\">\n<li>Falacia de suma cero (riqueza como cantidad fija).<\/li>\n\n\n\n<li>Confusi\u00f3n entre patrimonio, ingreso y consumo.<\/li>\n\n\n\n<li>Equivalencia err\u00f3nea entre deuda financiera y carencia f\u00edsica.<\/li>\n\n\n\n<li>Hombre de paja pol\u00edtico.<\/li>\n\n\n\n<li>Apelaci\u00f3n emocional como sustituto de an\u00e1lisis t\u00e9cnico.<\/li>\n\n\n\n<li>Ignorar efectos din\u00e1micos e incentivos.<\/li>\n<\/ul>\n\n\n\n<p class=\"wp-block-paragraph\">Observaci\u00f3n Final T\u00e9cnica:<\/p>\n\n\n\n<p class=\"wp-block-paragraph\">El discurso tiene eficacia ret\u00f3rica porque:<\/p>\n\n\n\n<p class=\"wp-block-paragraph\">&#8211; simplifica,<br>&#8211; personaliza,<br>&#8211; moraliza.<\/p>\n\n\n\n<p class=\"wp-block-paragraph\">Pero desde la Teor\u00eda Econ\u00f3mica formal:<\/p>\n\n\n\n<p class=\"wp-block-paragraph\">&#8211; es un modelo est\u00e1tico,<br>&#8211; no incorpora crecimiento,<br>&#8211; no analiza incentivos,<br>&#8211; no distingue entre stock y flujo,<br>&#8211; ni entre riqueza productiva y consumo.<\/p>\n\n\n\n<p class=\"wp-block-paragraph\"><\/p>\n\n\n\n<p class=\"wp-block-paragraph\">Profundicemos en alguno de estos enfoques con mayor realidad econ\u00f3mica:<\/p>\n\n\n\n<ul class=\"wp-block-list\">\n<li>Modelo din\u00e1mico de acumulaci\u00f3n de capital (Solow \/ Ramsey).<br><\/li>\n\n\n\n<li>Efectos del impuesto al patrimonio sobre formaci\u00f3n bruta de capital.<\/li>\n\n\n\n<li>An\u00e1lisis desde econom\u00eda del bienestar (\u00f3ptimo de Pareto vs. criterio de Rawls).<\/li>\n\n\n\n<li>Evidencia comparada de impuestos patrimoniales en Europa.<\/li>\n\n\n\n<li>O bien desmontar el discurso desde la Teor\u00eda de Incentivos y Econom\u00eda Conductual.<\/li>\n<\/ul>\n\n\n\n<p class=\"wp-block-paragraph\">1) Modelo de acumulaci\u00f3n de capital (Solow \/ Ramsey)<\/p>\n\n\n\n<p class=\"wp-block-paragraph\">Idea central: La riqueza no es fija; se acumula mediante ahorro e inversi\u00f3n.<\/p>\n\n\n\n<p class=\"wp-block-paragraph\">Solow dice:<\/p>\n\n\n\n<p class=\"wp-block-paragraph\">El crecimiento depende de:<\/p>\n\n\n\n<p class=\"wp-block-paragraph\"><br>&#8211; tasa de ahorro,<br>&#8211; crecimiento poblacional,<br>&#8211; progreso tecnol\u00f3gico.<\/p>\n\n\n\n<p class=\"wp-block-paragraph\"><br>Un impuesto al patrimonio puede reducir el ahorro \u2192 menor capital per c\u00e1pita \u2192 menor ingreso futuro.<\/p>\n\n\n\n<p class=\"wp-block-paragraph\">Ramsey dice (modelo intertemporal):<\/p>\n\n\n\n<p class=\"wp-block-paragraph\">&#8211; Los individuos optimizan consumo presente vs. futuro.<br>-Un impuesto al patrimonio altera la tasa de retorno \u2192 cambia decisiones de ahorro.<br>&#8211; Si el retorno neto baja, el incentivo a acumular capital disminuye.<\/p>\n\n\n\n<p class=\"wp-block-paragraph\">Conclusi\u00f3n t\u00e9cnica: El efecto relevante no es est\u00e1tico (redistribuir 50 panes), sino din\u00e1mico (\u00bfcu\u00e1ntos panes habr\u00e1 ma\u00f1ana?).<\/p>\n\n\n\n<p class=\"wp-block-paragraph\">2) Formaci\u00f3n bruta de capital e inversi\u00f3n:<\/p>\n\n\n\n<p class=\"wp-block-paragraph\">Idea central: El patrimonio de los \u201cricos\u201d suele estar en activos productivos.<\/p>\n\n\n\n<ul class=\"wp-block-list\">\n<li>Empresas, maquinaria, infraestructura, capital financiero.<\/li>\n\n\n\n<li>Gravar el stock (patrimonio) es distinto a gravar el flujo (ingreso).<\/li>\n<\/ul>\n\n\n\n<p class=\"wp-block-paragraph\">Problema t\u00e9cnico:<\/p>\n\n\n\n<p class=\"wp-block-paragraph\">Un impuesto anual sobre el patrimonio:<\/p>\n\n\n\n<ul class=\"wp-block-list\">\n<li>puede forzar venta de activos,<\/li>\n\n\n\n<li>reduce capital invertido,<\/li>\n\n\n\n<li>afecta empleo y productividad.<\/li>\n<\/ul>\n\n\n\n<p class=\"wp-block-paragraph\">Riesgo macroecon\u00f3mico: Menor inversi\u00f3n \u2192 menor crecimiento potencial \u2192 menor base tributaria futura.<\/p>\n\n\n\n<p class=\"wp-block-paragraph\">3) Econom\u00eda del bienestar (Pareto vs. Rawls):<\/p>\n\n\n\n<p class=\"wp-block-paragraph\">Aqu\u00ed cambia el enfoque.<\/p>\n\n\n\n<p class=\"wp-block-paragraph\">\u00d3ptimo de Pareto: Una pol\u00edtica es eficiente si nadie empeora sin que otro mejore.<\/p>\n\n\n\n<ul class=\"wp-block-list\">\n<li>Los Impuestos distorsionan las decisiones \u2192 p\u00e9rdida de eficiencia.<\/li>\n<\/ul>\n\n\n\n<p class=\"wp-block-paragraph\">Rawls: Prioriza mejorar la situaci\u00f3n del peor ubicado.<\/p>\n\n\n\n<ul class=\"wp-block-list\">\n<li>Si gravar al 1% mejora sustancialmente al 50% m\u00e1s pobre, puede justificarse moralmente aunque haya p\u00e9rdida de eficiencia.<\/li>\n<\/ul>\n\n\n\n<p class=\"wp-block-paragraph\">Tensi\u00f3n clave:<br>Eficiencia vs. equidad.<\/p>\n\n\n\n<p class=\"wp-block-paragraph\">4) Evidencia comparada (Europa):<\/p>\n\n\n\n<p class=\"wp-block-paragraph\">Muchos pa\u00edses eliminaron el impuesto al patrimonio: Francia (modificado), Suecia, Alemania, Dinamarca.<\/p>\n\n\n\n<p class=\"wp-block-paragraph\">Problemas observados: <\/p>\n\n\n\n<p class=\"wp-block-paragraph\">&#8211; Baja recaudaci\u00f3n relativa.<br>&#8211; Alta evasi\u00f3n o elusi\u00f3n.<br>&#8211; Fuga de capital.<br>&#8211; Alto costo administrativo.<\/p>\n\n\n\n<p class=\"wp-block-paragraph\">Conclusi\u00f3n emp\u00edrica: Recauda poco y genera distorsiones significativas.<\/p>\n\n\n\n<p class=\"wp-block-paragraph\">5) Teor\u00eda de incentivos y econom\u00eda conductual:<\/p>\n\n\n\n<p class=\"wp-block-paragraph\">Los agentes econ\u00f3mivos responden a los&nbsp; incentivos econ\u00f3micos. Si se grava fuertemente:<\/p>\n\n\n\n<ul class=\"wp-block-list\">\n<li>acumulaci\u00f3n,<\/li>\n\n\n\n<li>\u00e9xito empresarial,<\/li>\n\n\n\n<li>patrimonio,<\/li>\n<\/ul>\n\n\n\n<p class=\"wp-block-paragraph\">pueden producirse:<\/p>\n\n\n\n<p class=\"wp-block-paragraph\">&#8211; desincentivo a emprender,<br>&#8211; traslado de residencia fiscal,<br>&#8211; menor inversi\u00f3n de largo plazo.<\/p>\n\n\n\n<p class=\"wp-block-paragraph\">Desde la Econom\u00eda Conductual:<\/p>\n\n\n\n<ul class=\"wp-block-list\">\n<li>La percepci\u00f3n de \u201ccastigo al \u00e9xito\u201d afecta decisiones m\u00e1s all\u00e1 del c\u00e1lculo matem\u00e1tico.<\/li>\n<\/ul>\n\n\n\n<p class=\"wp-block-paragraph\">Clave t\u00e9cnica: Los sistemas tributarios \u00f3ptimos minimizan distorsiones marginales.<\/p>\n\n\n\n<p class=\"wp-block-paragraph\">S\u00edntesis Integrada:<\/p>\n\n\n\n<figure class=\"wp-block-image size-large\"><img data-recalc-dims=\"1\" loading=\"lazy\" decoding=\"async\" width=\"656\" height=\"446\" data-attachment-id=\"7867\" data-permalink=\"https:\/\/sicoterapia.org\/?attachment_id=7867\" data-orig-file=\"https:\/\/i0.wp.com\/sicoterapia.org\/wp-content\/uploads\/2026\/03\/screenshot_20260303_001031_chatgpt281294746150235780488328.jpg?fit=1610%2C1094&amp;ssl=1\" data-orig-size=\"1610,1094\" data-comments-opened=\"0\" data-image-meta=\"{&quot;aperture&quot;:&quot;0&quot;,&quot;credit&quot;:&quot;&quot;,&quot;camera&quot;:&quot;&quot;,&quot;caption&quot;:&quot;&quot;,&quot;created_timestamp&quot;:&quot;0&quot;,&quot;copyright&quot;:&quot;&quot;,&quot;focal_length&quot;:&quot;0&quot;,&quot;iso&quot;:&quot;0&quot;,&quot;shutter_speed&quot;:&quot;0&quot;,&quot;title&quot;:&quot;&quot;,&quot;orientation&quot;:&quot;1&quot;}\" data-image-title=\"screenshot_20260303_001031_chatgpt(1)4746150235780488328\" data-image-description=\"\" data-image-caption=\"\" data-large-file=\"https:\/\/i0.wp.com\/sicoterapia.org\/wp-content\/uploads\/2026\/03\/screenshot_20260303_001031_chatgpt281294746150235780488328.jpg?fit=656%2C446&amp;ssl=1\" src=\"https:\/\/i0.wp.com\/sicoterapia.org\/wp-content\/uploads\/2026\/03\/screenshot_20260303_001031_chatgpt281294746150235780488328.jpg?resize=656%2C446&#038;ssl=1\" alt=\"\" class=\"wp-image-7867\"\/><\/figure>\n\n\n\n<p class=\"wp-block-paragraph\">Conclusi\u00f3n t\u00e9cnica global<\/p>\n\n\n\n<p class=\"wp-block-paragraph\">El ejemplo de los \u201c100 panes\u201d es est\u00e1tico y distributivo. La Econom\u00eda moderna analiza el problema en t\u00e9rminos din\u00e1micos e intertemporales.<\/p>\n\n\n\n<p class=\"wp-block-paragraph\">La pregunta correcta no es solo: \u00ab\u00bfC\u00f3mo repartimos los 100 panes?\u00bb , sino que \u201c\u00bfQu\u00e9 reglas permiten que ma\u00f1ana haya 150 panes y que el que tiene poco pan o no come pan mejore sin destruir los incentivos que generan crecimiento?\u00bb<\/p>\n\n\n\n<p class=\"wp-block-paragraph\"><\/p>\n","protected":false},"excerpt":{"rendered":"<p>Fact-checking&nbsp;y Contrastaci\u00f3n t\u00e9cnica y ver\u00eddica del discurso y pensamiento econ\u00f3mico de un l\u00edder de la izquierda chilena, el abogado, diputado y ex candidato presidencial del Frente Amplio, Sr. Gonzalo Winter Etcheberry. Autor, Jorge Auristondo Vilches Para analizar el discurso televisivo del l\u00edder de izquierda Gonzalo Winter en la reciente campa\u00f1a presidencial de Chile, me baso &hellip; <a href=\"https:\/\/sicoterapia.org\/?p=7859\" class=\"more-link\">Sigue leyendo <span class=\"screen-reader-text\">Fact-checking de las creencias econ\u00f3micas de la izquierda chilena: el caso de Gonzalo Winter<\/span><\/a><\/p>\n","protected":false},"author":8706321,"featured_media":0,"comment_status":"closed","ping_status":"closed","sticky":false,"template":"","format":"standard","meta":{"_coblocks_attr":"","_coblocks_dimensions":"","_coblocks_responsive_height":"","_coblocks_accordion_ie_support":"","advanced_seo_description":"","jetpack_seo_html_title":"","jetpack_seo_noindex":false,"jetpack_seo_schema_type":"","_jetpack_newsletter_access":"","_jetpack_dont_email_post_to_subs":false,"_jetpack_newsletter_tier_id":0,"_jetpack_memberships_contains_paywalled_content":false,"_wpcom_ai_launchpad_first_post":false,"_jetpack_feature_clip_id":0,"_jetpack_memberships_contains_paid_content":false,"footnotes":"","jetpack_publicize_message":"","jetpack_publicize_feature_enabled":true,"jetpack_social_post_already_shared":false,"jetpack_social_options":{"image_generator_settings":{"template":"highway","default_image_id":0,"font":"","enabled":false},"version":2},"jetpack_post_was_ever_published":false},"categories":[2372,3503,798,6493,1149],"tags":[85629,7520,257589,20977,787829187,787829183],"class_list":["post-7859","post","type-post","status-publish","format-standard","hentry","category-economia","category-historia","category-politica","category-publicaciones","category-videos","tag-capitalismo","tag-chile","tag-democracia","tag-desarrollo","tag-economia","tag-politica"],"jetpack_publicize_connections":[],"jetpack_likes_enabled":true,"jetpack_sharing_enabled":true,"jetpack_shortlink":"https:\/\/wp.me\/pzfQN-22L","jetpack-related-posts":[],"jetpack_featured_media_url":"","_links":{"self":[{"href":"https:\/\/sicoterapia.org\/index.php?rest_route=\/wp\/v2\/posts\/7859","targetHints":{"allow":["GET"]}}],"collection":[{"href":"https:\/\/sicoterapia.org\/index.php?rest_route=\/wp\/v2\/posts"}],"about":[{"href":"https:\/\/sicoterapia.org\/index.php?rest_route=\/wp\/v2\/types\/post"}],"author":[{"embeddable":true,"href":"https:\/\/sicoterapia.org\/index.php?rest_route=\/wp\/v2\/users\/8706321"}],"replies":[{"embeddable":true,"href":"https:\/\/sicoterapia.org\/index.php?rest_route=%2Fwp%2Fv2%2Fcomments&post=7859"}],"version-history":[{"count":19,"href":"https:\/\/sicoterapia.org\/index.php?rest_route=\/wp\/v2\/posts\/7859\/revisions"}],"predecessor-version":[{"id":9950,"href":"https:\/\/sicoterapia.org\/index.php?rest_route=\/wp\/v2\/posts\/7859\/revisions\/9950"}],"wp:attachment":[{"href":"https:\/\/sicoterapia.org\/index.php?rest_route=%2Fwp%2Fv2%2Fmedia&parent=7859"}],"wp:term":[{"taxonomy":"category","embeddable":true,"href":"https:\/\/sicoterapia.org\/index.php?rest_route=%2Fwp%2Fv2%2Fcategories&post=7859"},{"taxonomy":"post_tag","embeddable":true,"href":"https:\/\/sicoterapia.org\/index.php?rest_route=%2Fwp%2Fv2%2Ftags&post=7859"}],"curies":[{"name":"wp","href":"https:\/\/api.w.org\/{rel}","templated":true}]}}