{"id":7857,"date":"2026-03-01T19:59:45","date_gmt":"2026-03-01T19:59:45","guid":{"rendered":"http:\/\/sicoterapia.org\/2026\/03\/01\/operation-epic-fury\/"},"modified":"2026-03-01T19:59:45","modified_gmt":"2026-03-01T19:59:45","slug":"operation-epic-fury","status":"publish","type":"post","link":"https:\/\/sicoterapia.org\/?p=7857","title":{"rendered":"Operation Epic Fury"},"content":{"rendered":"\n<p class=\"wp-block-paragraph\">Detalles importantes sobre la \u00abOperation Epic Fury\u00bb (Operaci\u00f3n Furia \u00c9pica) que \u00abelimin\u00f3\u00bb al Ayatolah de Ir\u00e1n.<\/p>\n\n\n\n<hr class=\"wp-block-separator has-alpha-channel-opacity\" \/>\n\n\n\n<p class=\"wp-block-paragraph\">Autor,\u00a0 Jorge Auristondo Vilches <\/p>\n\n\n\n<hr class=\"wp-block-separator has-alpha-channel-opacity\" \/>\n\n\n\n<p class=\"wp-block-paragraph\">Como ya os expliqu\u00e9 en el art\u00edculo anterior, seg\u00fan lo pactado en las convenciones internacionales sobre la guerra, al Ayatolah se le \u00abmat\u00f3\u00bb o \u00abelimin\u00f3 \u00ab, pero en ning\u00fan caso se trat\u00f3 de un \u00abasesinato\u00bb.<\/p>\n\n\n\n<p class=\"wp-block-paragraph\">Ahora tratar\u00e9 de aclarar algunas preguntas que se desprenden de los hechos: \u00bfQui\u00e9n lanz\u00f3 las bombas que mataron al Ayatolah de Ir\u00e1n? \u00bfQu\u00e9 tipo de avi\u00f3n y qu\u00e9 tipos de bombas? \u00bfCu\u00e1ntas bombas fueron? \u00bfC\u00f3mo se llam\u00f3 la operaci\u00f3n?, seg\u00fan informaci\u00f3n acreditada.<\/p>\n\n\n\n<ul class=\"wp-block-list\">\n<li><strong>Qui\u00e9n lanz\u00f3 las bombas<\/strong>: El ataque fue lanzado por fuerzas israel\u00edes en coordinaci\u00f3n con Estados Unidos. Espec\u00edficamente, aviones de combate israel\u00edes fueron los que soltaron las bombas sobre el complejo donde se encontraba el Ayatolah Khamenei.<\/li>\n\n\n\n<li><strong>Qu\u00e9 tipo de avi\u00f3n<\/strong>: Jets de combate de la Fuerza A\u00e9rea Israel\u00ed F-35 o similares, aunque no se detalla el modelo exacto en los reportes. Otros ataques en la operaci\u00f3n involucraron bombarderos stealth B-2 de Estados Unidos, pero para el golpe espec\u00edfico contra Khamenei fueron aviones israel\u00edes.<\/li>\n\n\n\n<li><strong>Qu\u00e9 tipos de bombas<\/strong>: Los reportes no especifican a\u00fan el tipo exacto de bombas usadas en el ataque al complejo de Khamenei, pero se menciona haber incluido municiones penetrantes (bunker-busters) para alcanzar instalaciones subterr\u00e1neas. En otros strikes de la operaci\u00f3n, se usaron bombas de 2,000 libras (aprox. 900 kg).<\/li>\n\n\n\n<li><strong>Cu\u00e1ntas bombas fueron<\/strong>: Se lanzaron 30 bombas sobre el complejo residencial y de liderazgo de Khamenei en Teher\u00e1n.<\/li>\n\n\n\n<li><strong>C\u00f3mo se llam\u00f3 la operaci\u00f3n<\/strong>: La operaci\u00f3n se denomin\u00f3 \u00abOperation Epic Fury\u00bb (Operaci\u00f3n Furia \u00c9pica).<\/li>\n<\/ul>\n\n\n\n<p class=\"wp-block-paragraph\">Este evento ha desencadenado retaliaciones iran\u00edes, incluyendo ataques con misiles, y ha generado una crisis regional con muertes reportadas en ambos lados. Ir\u00e1n confirm\u00f3 la muerte de Khamenei y declar\u00f3 40 d\u00edas de luto nacional.<\/p>\n","protected":false},"excerpt":{"rendered":"<p>Detalles importantes sobre la \u00abOperation Epic Fury\u00bb (Operaci\u00f3n Furia \u00c9pica) que \u00abelimin\u00f3\u00bb al Ayatolah de Ir\u00e1n. Autor,\u00a0 Jorge Auristondo Vilches Como ya os expliqu\u00e9 en el art\u00edculo anterior, seg\u00fan lo pactado en las convenciones internacionales sobre la guerra, al Ayatolah se le \u00abmat\u00f3\u00bb o \u00abelimin\u00f3 \u00ab, pero en ning\u00fan caso se trat\u00f3 de un \u00abasesinato\u00bb. &hellip; <a href=\"https:\/\/sicoterapia.org\/?p=7857\" class=\"more-link\">Sigue leyendo <span class=\"screen-reader-text\">Operation Epic Fury<\/span><\/a><\/p>\n","protected":false},"author":8706321,"featured_media":0,"comment_status":"closed","ping_status":"closed","sticky":false,"template":"","format":"standard","meta":{"_coblocks_attr":"","_coblocks_dimensions":"","_coblocks_responsive_height":"","_coblocks_accordion_ie_support":"","advanced_seo_description":"","jetpack_seo_html_title":"","jetpack_seo_noindex":false,"jetpack_seo_schema_type":"","_jetpack_newsletter_access":"","_jetpack_dont_email_post_to_subs":false,"_jetpack_newsletter_tier_id":0,"_jetpack_memberships_contains_paywalled_content":false,"_wpcom_ai_launchpad_first_post":false,"_jetpack_feature_clip_id":0,"_jetpack_memberships_contains_paid_content":false,"footnotes":"","jetpack_publicize_message":"","jetpack_publicize_feature_enabled":true,"jetpack_social_post_already_shared":false,"jetpack_social_options":{"image_generator_settings":{"template":"highway","default_image_id":0,"font":"","enabled":false},"version":2},"jetpack_post_was_ever_published":false},"categories":[2372,3503,798,6493,116],"tags":[6511300,257589,31684,170718,208768,11225,6645,420,9937,787759456,854903,2972101,9432],"class_list":["post-7857","post","type-post","status-publish","format-standard","hentry","category-economia","category-historia","category-politica","category-publicaciones","category-religion","tag-ayatolah","tag-democracia","tag-derechos-humanos","tag-dictadura","tag-geopolitica","tag-guerra","tag-iran","tag-islam","tag-israel","tag-operation-epic-fury","tag-pentagono","tag-teocracia","tag-terrorismo"],"jetpack_publicize_connections":[],"jetpack_likes_enabled":true,"jetpack_sharing_enabled":true,"jetpack_shortlink":"https:\/\/wp.me\/pzfQN-22J","jetpack-related-posts":[],"jetpack_featured_media_url":"","_links":{"self":[{"href":"https:\/\/sicoterapia.org\/index.php?rest_route=\/wp\/v2\/posts\/7857","targetHints":{"allow":["GET"]}}],"collection":[{"href":"https:\/\/sicoterapia.org\/index.php?rest_route=\/wp\/v2\/posts"}],"about":[{"href":"https:\/\/sicoterapia.org\/index.php?rest_route=\/wp\/v2\/types\/post"}],"author":[{"embeddable":true,"href":"https:\/\/sicoterapia.org\/index.php?rest_route=\/wp\/v2\/users\/8706321"}],"replies":[{"embeddable":true,"href":"https:\/\/sicoterapia.org\/index.php?rest_route=%2Fwp%2Fv2%2Fcomments&post=7857"}],"version-history":[{"count":0,"href":"https:\/\/sicoterapia.org\/index.php?rest_route=\/wp\/v2\/posts\/7857\/revisions"}],"wp:attachment":[{"href":"https:\/\/sicoterapia.org\/index.php?rest_route=%2Fwp%2Fv2%2Fmedia&parent=7857"}],"wp:term":[{"taxonomy":"category","embeddable":true,"href":"https:\/\/sicoterapia.org\/index.php?rest_route=%2Fwp%2Fv2%2Fcategories&post=7857"},{"taxonomy":"post_tag","embeddable":true,"href":"https:\/\/sicoterapia.org\/index.php?rest_route=%2Fwp%2Fv2%2Ftags&post=7857"}],"curies":[{"name":"wp","href":"https:\/\/api.w.org\/{rel}","templated":true}]}}