{"id":7855,"date":"2026-03-01T19:43:24","date_gmt":"2026-03-01T19:43:24","guid":{"rendered":"http:\/\/sicoterapia.org\/?p=7855"},"modified":"2026-03-01T19:47:29","modified_gmt":"2026-03-01T19:47:29","slug":"juridicamente-al-ayatolah-se-le-mato-o-se-le-elimino-pero-en-ningun-caso-fue-asesinado","status":"publish","type":"post","link":"https:\/\/sicoterapia.org\/?p=7855","title":{"rendered":"Jur\u00eddicamente al Ayatolah se le \u00abmat\u00f3\u00bb o se le \u00abelimin\u00f3\u00bb, pero en ning\u00fan caso fue \u00abasesinado\u00bb."},"content":{"rendered":"\n<p class=\"wp-block-paragraph\">\u00a1AQUI TE LO EXPLICO!<\/p>\n\n\n\n<hr class=\"wp-block-separator has-alpha-channel-opacity\" \/>\n\n\n\n<p class=\"wp-block-paragraph\">Autor,\u00a0 Jorge Auristondo Vilches <\/p>\n\n\n\n<hr class=\"wp-block-separator has-alpha-channel-opacity\" \/>\n\n\n\n<p class=\"wp-block-paragraph\">La prensa izquierdista y amante y aliada del terrorismo public\u00f3 en los medios que controla que el Ayatolah Ali Khamenei, el dictador teocr\u00e1tico de Ir\u00e1n, fue \u00abasesinado\u00bb. <\/p>\n\n\n\n<p class=\"wp-block-paragraph\">Publicar la informaci\u00f3n bajo el titular de \u00abasesinato\u00bb es una desinformaci\u00f3n y tergiversacion de la \u00abRealidad\u00bb de los \u00abhechos\u00bb porque los \u00abhechos\u00bb puros y duros son los que terminan formando la \u00abRealidad\u00bb. <\/p>\n\n\n\n<p class=\"wp-block-paragraph\">Y Los \u00abhechos\u00bb son los siguientes:<\/p>\n\n\n\n<p class=\"wp-block-paragraph\">En el contexto de operaciones militares legales, como las de los Estados Unidos e Israel descritas en reportes de fuentes acreditadas sobre el ataque que mat\u00f3 al Ayatolah el 28 de Febrero de 2026, el t\u00e9rmino apropiado es \u00abmatar\u00bb o \u00abeliminar\u00bb a un objetivo enemigo, no \u00abasesinar\u00bb.<\/p>\n\n\n\n<ul class=\"wp-block-list\">\n<li><strong>Razones legales y terminol\u00f3gicas<\/strong>: Bajo el derecho internacional humanitario (por ejemplo, los Convenios de Ginebra y protocolos adicionales), en un conflicto armado, la muerte de un combatiente o l\u00edder enemigo en una operaci\u00f3n autorizada (como un ataque a\u00e9reo preciso contra un objetivo militar leg\u00edtimo) se considera un acto de guerra l\u00edcito o legal, siempre que cumpla con principios como proporcionalidad, distinci\u00f3n y necesidad militar. \u00abAsesinar\u00bb implica un homicidio ilegal, premeditado y sin justificaci\u00f3n legal, lo que no aplica en escenarios de guerra declarada o autorizada por resoluciones de la ONU, alianzas como la OTAN o defensas nacionales. En este caso, la operaci\u00f3n \u00abEpic Fury\u00bb fue presentada por EE.UU. e Israel como una respuesta defensiva a amenazas iran\u00edes, lo que la enmarca como una acci\u00f3n militar, no un crimen.<\/li>\n\n\n\n<li><strong>Perspectiva \u00e9tica y de propaganda<\/strong>: Respecto de la calificaci\u00f3n de \u00abterrorista y genocida\u00bb, en t\u00e9rminos neutrales, si la operaci\u00f3n es legal, se usa \u00abmatar\u00bb para evitar connotaciones criminales. Los medios norteamericanos tambi\u00e9n usan la palabra\u00a0 \u00abkilled\u00bb (matado) en sus coberturas, no \u00abassassinated\u00bb, para reflejar esa distinci\u00f3n.<\/li>\n<\/ul>\n\n\n\n<p class=\"wp-block-paragraph\">As\u00ed es la explicaci\u00f3n y aclaraci\u00f3n basada en marcos internacionales est\u00e1ndar.<\/p>\n","protected":false},"excerpt":{"rendered":"<p>\u00a1AQUI TE LO EXPLICO! Autor,\u00a0 Jorge Auristondo Vilches La prensa izquierdista y amante y aliada del terrorismo public\u00f3 en los medios que controla que el Ayatolah Ali Khamenei, el dictador teocr\u00e1tico de Ir\u00e1n, fue \u00abasesinado\u00bb. Publicar la informaci\u00f3n bajo el titular de \u00abasesinato\u00bb es una desinformaci\u00f3n y tergiversacion de la \u00abRealidad\u00bb de los \u00abhechos\u00bb porque &hellip; <a href=\"https:\/\/sicoterapia.org\/?p=7855\" class=\"more-link\">Sigue leyendo <span class=\"screen-reader-text\">Jur\u00eddicamente al Ayatolah se le \u00abmat\u00f3\u00bb o se le \u00abelimin\u00f3\u00bb, pero en ning\u00fan caso fue \u00abasesinado\u00bb.<\/span><\/a><\/p>\n","protected":false},"author":8706321,"featured_media":0,"comment_status":"closed","ping_status":"closed","sticky":false,"template":"","format":"standard","meta":{"_coblocks_attr":"","_coblocks_dimensions":"","_coblocks_responsive_height":"","_coblocks_accordion_ie_support":"","advanced_seo_description":"","jetpack_seo_html_title":"","jetpack_seo_noindex":false,"jetpack_seo_schema_type":"","_jetpack_newsletter_access":"","_jetpack_dont_email_post_to_subs":false,"_jetpack_newsletter_tier_id":0,"_jetpack_memberships_contains_paywalled_content":false,"_wpcom_ai_launchpad_first_post":false,"_jetpack_feature_clip_id":0,"_jetpack_memberships_contains_paid_content":false,"footnotes":"","jetpack_publicize_message":"","jetpack_publicize_feature_enabled":true,"jetpack_social_post_already_shared":false,"jetpack_social_options":{"image_generator_settings":{"template":"highway","default_image_id":0,"font":"","enabled":false},"version":2},"jetpack_post_was_ever_published":false},"categories":[2372,3503,798,6493,116],"tags":[6511300,170718,1005848,6645,9937,854903,787829182,2972101,9432],"class_list":["post-7855","post","type-post","status-publish","format-standard","hentry","category-economia","category-historia","category-politica","category-publicaciones","category-religion","tag-ayatolah","tag-dictadura","tag-guerra-mundial","tag-iran","tag-israel","tag-pentagono","tag-religion","tag-teocracia","tag-terrorismo"],"jetpack_publicize_connections":[],"jetpack_likes_enabled":true,"jetpack_sharing_enabled":true,"jetpack_shortlink":"https:\/\/wp.me\/pzfQN-22H","jetpack-related-posts":[],"jetpack_featured_media_url":"","_links":{"self":[{"href":"https:\/\/sicoterapia.org\/index.php?rest_route=\/wp\/v2\/posts\/7855","targetHints":{"allow":["GET"]}}],"collection":[{"href":"https:\/\/sicoterapia.org\/index.php?rest_route=\/wp\/v2\/posts"}],"about":[{"href":"https:\/\/sicoterapia.org\/index.php?rest_route=\/wp\/v2\/types\/post"}],"author":[{"embeddable":true,"href":"https:\/\/sicoterapia.org\/index.php?rest_route=\/wp\/v2\/users\/8706321"}],"replies":[{"embeddable":true,"href":"https:\/\/sicoterapia.org\/index.php?rest_route=%2Fwp%2Fv2%2Fcomments&post=7855"}],"version-history":[{"count":1,"href":"https:\/\/sicoterapia.org\/index.php?rest_route=\/wp\/v2\/posts\/7855\/revisions"}],"predecessor-version":[{"id":7856,"href":"https:\/\/sicoterapia.org\/index.php?rest_route=\/wp\/v2\/posts\/7855\/revisions\/7856"}],"wp:attachment":[{"href":"https:\/\/sicoterapia.org\/index.php?rest_route=%2Fwp%2Fv2%2Fmedia&parent=7855"}],"wp:term":[{"taxonomy":"category","embeddable":true,"href":"https:\/\/sicoterapia.org\/index.php?rest_route=%2Fwp%2Fv2%2Fcategories&post=7855"},{"taxonomy":"post_tag","embeddable":true,"href":"https:\/\/sicoterapia.org\/index.php?rest_route=%2Fwp%2Fv2%2Ftags&post=7855"}],"curies":[{"name":"wp","href":"https:\/\/api.w.org\/{rel}","templated":true}]}}