{"id":7838,"date":"2026-02-09T17:43:40","date_gmt":"2026-02-09T17:43:40","guid":{"rendered":"http:\/\/sicoterapia.org\/2026\/02\/09\/chalados-que-llegaron-a-ser-presidentes-primeros-ministros-o-grandes-cancilleres\/"},"modified":"2026-02-09T18:02:33","modified_gmt":"2026-02-09T18:02:33","slug":"chalados-que-llegaron-a-ser-presidentes-primeros-ministros-o-grandes-cancilleres","status":"publish","type":"post","link":"https:\/\/sicoterapia.org\/?p=7838","title":{"rendered":"Chalados que llegaron a ser presidentes, primeros ministros o grandes cancilleres"},"content":{"rendered":"\n<p class=\"wp-block-paragraph\">\u00bfPUEDE UN \u00abCHALADO\u00bb LLEGAR A SER JEFE DE ESTADO, COMO PRESIDENTE, PRIMER MINISTRO O GRAN CANCILLER?<\/p>\n\n\n\n<hr class=\"wp-block-separator has-alpha-channel-opacity\" \/>\n\n\n\n<p class=\"wp-block-paragraph\">Autor, Jorge Auristondo Vilches <\/p>\n\n\n\n<hr class=\"wp-block-separator has-alpha-channel-opacity\" \/>\n\n\n\n<p class=\"wp-block-paragraph\">La respuesta es \u00a1S\u00ed! Revisando la Historia m\u00e9dica y pol\u00edtica documentada s\u00ed hay casos de \u00abchalados\u00bb que han llegado a ocupar los m\u00e1ximos puestos de poder y gloria.<\/p>\n\n\n\n<p class=\"wp-block-paragraph\"><strong>\u00bfQU\u00c9 SIGNIFICA \u00abCHALADO\u00bb?<\/strong> <\/p>\n\n\n\n<p class=\"wp-block-paragraph\">Para poder entender mi reflexi\u00f3n y de lo que escribo primero debemos saber la definici\u00f3n de la palabra \u00abchalado\u00bb que entrega el Diccionario de la Real Academia de la Lengua Espa\u00f1ola (Diccionario RAE): <\/p>\n\n\n\n<p class=\"wp-block-paragraph\">Seg\u00fan el Diccionario de la lengua espa\u00f1ola (RAE):<\/p>\n\n\n\n<p class=\"wp-block-paragraph\">chalado, da (adj. y s.) &#8211;<\/p>\n\n\n\n<ul class=\"wp-block-list\">\n<li>Alelado, falto de seso o juicio.<br \/>(Se usa tambi\u00e9n como sustantivo: \u201cun chalado\u201d).<\/li>\n<\/ul>\n\n\n\n<p class=\"wp-block-paragraph\">Es una palabra coloquial, cercana a loco, chiflado, tocado, sonado.<\/p>\n\n\n\n<p class=\"wp-block-paragraph\"><strong>FAMOSOS \u00abCHALADOS\u00bb QUE LLEGARON AL M\u00c1XIMO PODER POL\u00cdTICO<\/strong><\/p>\n\n\n\n<p class=\"wp-block-paragraph\">Nombrar\u00e9 solo a los l\u00edderes con evidencia documentada, distinguiendo entre trastornos diagnosticados o reportados y casos de internamiento real. Nota que muchos de estos antecedentes ocurrieron antes, durante o despu\u00e9s de sus mandatos, y en \u00e9pocas donde el estigma era mayor, por lo que no siempre se documentaron p\u00fablicamente y no han quedado registros o se carece de ellos.<\/p>\n\n\n\n<p class=\"wp-block-paragraph\"><strong>CASOS CON INTERNAMIENTO EN UN HOSPITAL PSIQUI\u00c1TRICO<\/strong><\/p>\n\n\n\n<p class=\"wp-block-paragraph\"><strong>Gabriel Boric Font<\/strong><\/p>\n\n\n\n<p class=\"wp-block-paragraph\">El \u00fanico caso de la historia mundial es Gabriel Boric Font (Presidente de Chile, 11 Marzo 2022 &#8211; 11 de Marzo 2026): <\/p>\n\n\n\n<p class=\"wp-block-paragraph\">Antes de asumir la presidencia, Boric fue internado voluntariamente durante tres semanas en el Hospital Psiqui\u00e1trico de la Universidad de Chile en 2018, mientras era diputado. Sufre de trastorno obsesivo-compulsivo (TOC), diagnosticado en la infancia. \u00c9l ha hablado abiertamente de esto para desestigmatizar la salud mental, se\u00f1alando que el internamiento fue parte de su tratamiento. Esto ocurri\u00f3 antes de su elecci\u00f3n presidencial, pero representa un antecedente psiqui\u00e1trico claro en un mandatario actual. \ud83d\udc49 [&nbsp;&nbsp;&nbsp; <a href=\"https:\/\/www.scielo.cl\/scielo.php?pid=S0718-34372025000200005&amp;script=sci_arttext&amp;tlng=pt\" target=\"_blank\" rel=\"noreferrer noopener\">Salud mental del Presidente Gabriel Boric <\/a> ]<\/p>\n\n\n\n<p class=\"wp-block-paragraph\"><strong>Otros casos con antecedentes psiqui\u00e1tricos documentados (sin internamiento confirmado en hospital psiqui\u00e1trico)<\/strong><\/p>\n\n\n\n<ul class=\"wp-block-list\">\n<li><strong>Abraham Lincoln<\/strong> (Presidente de EE.UU., 1861-1865): Sufri\u00f3 episodios severos de depresi\u00f3n cl\u00ednica (conocida como \u00abmelancol\u00eda\u00bb en su \u00e9poca), incluyendo pensamientos suicidas y periodos de inactividad funcional. No fue internado, pero sus contempor\u00e1neos notaron su impacto en su vida personal y posiblemente en su liderazgo durante la Guerra Civil \ud83d\udc49 [ <a href=\"https:\/\/www.nami.org\/blog\/mental-illness-in-the-oval-office\/\" target=\"_blank\" rel=\"noreferrer noopener\">Enfermedad mental en el Despacho Ova<\/a>l \ud83d\udc49 [&nbsp;<a href=\"https:\/\/pubmed.ncbi.nlm.nih.gov\/16462555\/\" target=\"_blank\" rel=\"noreferrer noopener\">Enfermedad mental en los presidentes de EE. UU. entre 1776 y 1974, una revisi\u00f3n de fuentes biogr\u00e1ficas<\/a> ]<\/li>\n\n\n\n<li><strong>Winston Churchill<\/strong> (Primer Ministro del Reino Unido, 1940-1945 y 1951-1955): Padeci\u00f3 depresi\u00f3n recurrente, a la que llamaba su \u00abperro negro\u00bb. No requiri\u00f3 internamiento, pero sus episodios afectaron su productividad en periodos de paz; parad\u00f3jicamente, se argumenta que le ayud\u00f3 en tiempos de crisis como en la Segunda Guerra Mundial.<\/li>\n\n\n\n<li><strong>Theodore Roosevelt<\/strong> (Presidente de EE.UU., 1901-1909): Diagnosticado retrospectivamente con trastorno bipolar, con episodios man\u00edacos que influyeron en decisiones impulsivas, como su expedici\u00f3n al Amazonas. No fue hospitalizado. \ud83d\udc49[ <a href=\"https:\/\/www.psychologytoday.com\/us\/blog\/the-squeaky-wheel\/201602\/study-half-all-presidents-suffered-mental-illness\" target=\"_blank\" rel=\"noreferrer noopener\">Estudio. La mitad de todos los presidentes sufr\u00edan enfermedades mentales<\/a> ]<\/li>\n\n\n\n<li><strong>Lyndon B. Johnson<\/strong> (Presidente de EE.UU., 1963-1969): Tuvo trastorno bipolar, con ciclos de man\u00eda y depresi\u00f3n exacerbados por el estr\u00e9s de la Guerra de Vietnam. No se reporta internamiento, pero sus s\u00edntomas afectaron su rendimiento y reputaci\u00f3n. \ud83d\udc49 [ <a href=\"https:\/\/www.nami.org\/blog\/mental-illness-in-the-oval-office\/\" target=\"_blank\" rel=\"noreferrer noopener\">Enfermedad mental en el Despacho Oval<\/a> ]<\/li>\n\n\n\n<li><strong>James Madison<\/strong> (Presidente de EE.UU., 1809-1817): Sufri\u00f3 depresi\u00f3n mayor, caracterizada por fatiga cr\u00f3nica, hipocondr\u00eda y deseos de muerte temprana. Su m\u00e9dico le recomend\u00f3 ejercicio en lugar de tratamientos de la \u00e9poca como sangr\u00edas. No fue internado.<\/li>\n<\/ul>\n\n\n\n<ul class=\"wp-block-list\">\n<li><strong>Woodrow Wilso<\/strong>n (Presidente de EE.UU., 1913-1921): Padeci\u00f3 trastorno de ansiedad generalizada, agravado por eventos como la Primera Guerra Mundial y la muerte de su esposa. Sobrepas\u00f3 su peso como mecanismo de coping, lo que llev\u00f3 a apnea del sue\u00f1o. No internado \ud83d\udc49<a href=\"https:\/\/www.nami.org\/blog\/mental-illness-in-the-oval-office\/\" target=\"_blank\" rel=\"noreferrer noopener\">&nbsp;[&nbsp;&nbsp;Enfermedad mental en el Despacho Oval&nbsp;<\/a>&nbsp;&nbsp;]&nbsp;&nbsp; \ud83d\udc49 [ <a href=\"https:\/\/pubmed.ncbi.nlm.nih.gov\/16462555\/\" target=\"_blank\" rel=\"noreferrer noopener\">Enfermedad mental en los presidentes de EE. UU. entre 1776 y 1974: una revisi\u00f3n de fuentes biogr\u00e1ficas<\/a> ] Nota: El \u00abcoping\u00bb (o estrategias de afrontamiento) se refiere a los esfuerzos cognitivos y conductuales que una persona utiliza para manejar situaciones que generan estr\u00e9s, malestar emocional o demandas que superan sus recursos.<br \/>En otras palabras: es c\u00f3mo nos las arreglamos psicol\u00f3gicamente para enfrentar dificultades.<\/li>\n\n\n\n<li><strong>Anthony Eden<\/strong> (Primer Ministro del Reino Unido, 1955-1957): Experiment\u00f3 depresi\u00f3n psicol\u00f3gica y efectos secundarios de medicamentos (como anfetaminas y opioides) recetados por problemas f\u00edsicos, que afectaron su juicio durante la Crisis de Suez. Fue hospitalizado por cuestiones f\u00edsicas, pero no espec\u00edficamente psiqui\u00e1tricas. \ud83d\udc49 [ <a href=\"https:\/\/en.wikipedia.org\/wiki\/Anthony_Eden?wprov=sfla1\" target=\"_blank\" rel=\"noreferrer noopener\">Anthony Eden<\/a> ] \ud83d\udc49 [<a href=\"https:\/\/time.com\/5817585\/british-prime-ministers-sick-in-office-history\/\" target=\"_blank\" rel=\"noreferrer noopener\">Boris Johnson no es el primer l\u00edder brit\u00e1nico que enferma mientras est\u00e1 en el cargo. Esto es lo que ocurri\u00f3 cuando sus predecesores se tomaron un descanso<\/a> ]<\/li>\n\n\n\n<li><strong>Kjell Magne Bondevik<\/strong> (Primer Ministro de Noruega, 1997-2000 y 2001-2005): Durante su primer mandato, tom\u00f3 licencia por tres semanas y media debido a un episodio depresivo relacionado con el estr\u00e9s laboral y p\u00e9rdidas personales. Recibi\u00f3 terapia ambulatoria (caminatas y conversaciones), no internamiento hospitalario. Su apertura ayud\u00f3 a reducir el estigma en Noruega. \ud83d\udc49 [ <a href=\"https:\/\/pmc.ncbi.nlm.nih.gov\/articles\/PMC3260893\/\" target=\"_blank\" rel=\"noreferrer noopener\">Combatir el estigma con la apertura<\/a> ] \ud83d\udc49 [<a href=\"https:\/\/en.wikipedia.org\/wiki\/Kjell_Magne_Bondevik?wprov=sfla1\" target=\"_blank\" rel=\"noreferrer noopener\">Kjell Magne Bondevik<\/a> ]<\/li>\n<\/ul>\n\n\n\n<p class=\"wp-block-paragraph\"><strong>OTROS ESTUDIOS SOBTE EL TEMA<\/strong><\/p>\n\n\n\n<p class=\"wp-block-paragraph\">Un estudio de la Universidad de Duke analiz\u00f3 a los primeros 37 presidentes de EE.UU. (1776-1974) y concluy\u00f3 que el 49% mostr\u00f3 signos de trastornos psiqui\u00e1tricos, como depresi\u00f3n (24%), ansiedad (8%), bipolar o man\u00edaco-depresivo (8%) y abuso de alcohol (8%). En el 27% de los casos, los s\u00edntomas aparecieron durante su mandato, potencialmente afectando su desempe\u00f1o. Sin embargo, los internamientos en hospitales psiqui\u00e1tricos son raros entre l\u00edderes en ejercicio, posiblemente por el estigma o el acceso a tratamientos privados. En contextos autoritarios, la psiquiatr\u00eda ha sido abusada para internar opositores (ej. en la URSS o Cuba), pero eso no aplica a casos genuinos de illness. \ud83d\udc49 [ <a href=\"https:\/\/es.wikipedia.org\/wiki\/Abuso_pol%C3%ADtico_de_la_psiquiatr%C3%ADa?wprov=sfla1\" target=\"_blank\" rel=\"noreferrer noopener\">Abuso pol\u00edtico de la psiquiatr\u00eda<\/a> ]<\/p>\n\n\n\n<p class=\"wp-block-paragraph\"><strong>EL CASO DE ADOLF HITLER<\/strong><\/p>\n\n\n\n<p class=\"wp-block-paragraph\">Fue Canciller de Alemania desde 1933 y f\u00fchrer desde 1934 hasta 1945) no tiene registros de internamiento en un hospital psiqui\u00e1trico civil o cl\u00ednica dedicada exclusivamente a la salud mental durante su vida. Sin embargo, hay episodios documentados de tratamiento psiqui\u00e1trico en contextos militares y carcelarios, antes de ascender al poder absoluto. A continuaci\u00f3n, detallo los antecedentes basados en fuentes hist\u00f3ricas y m\u00e9dicas, con \u00e9nfasis en que muchas evaluaciones son retrospectivas y especulativas, ya que nunca fue diagnosticado formalmente en vida.<\/p>\n\n\n\n<p class=\"wp-block-paragraph\">Episodios con tratamiento psiqui\u00e1trico<\/p>\n\n\n\n<ul class=\"wp-block-list\">\n<li>Hospital militar de Pasewalk (1918): Durante la Primera Guerra Mundial, Hitler fue hospitalizado del 21 de Octubre al 19 de Noviembre de 1918 en el Hospital Militar de Pasewalk (Alemania), tras un ataque con gas mostaza que le caus\u00f3 ceguera temporal. Esta condici\u00f3n fue diagnosticada como \u00abceguera hist\u00e9rica\u00bb (un trastorno psic\u00f3geno o conversivo, no org\u00e1nico), y recibi\u00f3 tratamiento psiqui\u00e1trico, posiblemente incluyendo hipnosis por el Dr. Edmund Forster. No se trata de un internamiento en un hospital psiqui\u00e1trico propiamente dicho, sino en una instalaci\u00f3n militar con componente psiqui\u00e1trico. Algunos historiadores cuestionan detalles como la hipnosis, pero el episodio es confirmado por testigos y registros. \ud83d\udc49 [ <a href=\"https:\/\/en.wikipedia.org\/wiki\/Health_of_Adolf_Hitler?wprov=sfla1\" target=\"_blank\" rel=\"noreferrer noopener\">Salud de Adolf Hitler<\/a> ] \ud83d\udc49 [ <a href=\"https:\/\/www.scielo.br\/j\/rpc\/a\/ydQb6tBsbSZMfCQTtCHNmHK?lang=en\" target=\"_blank\" rel=\"noreferrer noopener\">Deconstruyendo el mito de Pasewalk, por qu\u00e9 el tratamiento psiqui\u00e1trico de Adolf Hitler al final de la Primera Guerra Mundial no tiene relevancia<\/a> ]<\/li>\n\n\n\n<li>Prisi\u00f3n de Landsberg (1924): Tras el fallido Putsch de M\u00fanich en 1923, Hitler fue encarcelado en Landsberg am Lech. Durante su estancia (de abril a diciembre de 1924), fue transferido al ala hospitalaria de la prisi\u00f3n y recibi\u00f3 tratamiento psicol\u00f3gico del Dr. Alois Maria Ott, un psic\u00f3logo de la instituci\u00f3n. Ott lo evalu\u00f3 como un \u00abhist\u00e9rico y psic\u00f3pata patol\u00f3gico\u00bb, y el tratamiento incluy\u00f3 sesiones de consejer\u00eda que, seg\u00fan Ott, ayudaron a Hitler a estabilizarse. Esto ocurri\u00f3 en un contexto penitenciario, no en un hospital psiqui\u00e1trico independiente, y fue revelado p\u00fablicamente d\u00e9cadas despu\u00e9s por el propio Ott. \ud83d\udc49 [ <a href=\"https:\/\/www.psychiatrictimes.com\/view\/alois-maria-ott-i-was-hitler-s-psychologist\" target=\"_blank\" rel=\"noreferrer noopener\">Alois Maria Ott. Fui el psic\u00f3logo de Hitler<\/a> ]&nbsp;&nbsp; \ud83d\udc49&nbsp; [<a href=\"https:\/\/hekint.org\/2022\/12\/29\/dictator-on-the-couch-the-only-known-psychological-treatment-of-adolf-hitler\/\" target=\"_blank\" rel=\"noreferrer noopener\">Dictador en el sof\u00e1. El \u00fanico tratamiento psicol\u00f3gico conocido de Adolf Hitler<\/a> ]<\/li>\n<\/ul>\n\n\n\n<hr class=\"wp-block-separator has-alpha-channel-opacity\" \/>\n\n\n\n<p class=\"wp-block-paragraph\">Para m\u00e1s informaci\u00f3n sobre este interesante tema de los psic\u00f3patas en pol\u00edtica y el poder recomiendo leer el libro muy t\u00e9cnico muy entretenido \ud83d\udc49 \u00ab<a href=\"https:\/\/www.google.com\/search?q=es+usted+un+psic%C3%B3pata+-+jon+ronson&amp;oq=es\" target=\"_blank\" rel=\"noreferrer noopener\">ES USTED UN PSIC\u00d3PATA<\/a>\u00bb del autor brit\u00e1nico Jon Ronson.<\/p>\n\n\n\n<p class=\"wp-block-paragraph\"><\/p>\n","protected":false},"excerpt":{"rendered":"<p>\u00bfPUEDE UN \u00abCHALADO\u00bb LLEGAR A SER JEFE DE ESTADO, COMO PRESIDENTE, PRIMER MINISTRO O GRAN CANCILLER? Autor, Jorge Auristondo Vilches La respuesta es \u00a1S\u00ed! Revisando la Historia m\u00e9dica y pol\u00edtica documentada s\u00ed hay casos de \u00abchalados\u00bb que han llegado a ocupar los m\u00e1ximos puestos de poder y gloria. \u00bfQU\u00c9 SIGNIFICA \u00abCHALADO\u00bb? Para poder entender mi &hellip; <a href=\"https:\/\/sicoterapia.org\/?p=7838\" class=\"more-link\">Sigue leyendo <span class=\"screen-reader-text\">Chalados que llegaron a ser presidentes, primeros ministros o grandes cancilleres<\/span><\/a><\/p>\n","protected":false},"author":8706321,"featured_media":0,"comment_status":"closed","ping_status":"closed","sticky":false,"template":"","format":"standard","meta":{"_coblocks_attr":"","_coblocks_dimensions":"","_coblocks_responsive_height":"","_coblocks_accordion_ie_support":"","advanced_seo_description":"","jetpack_seo_html_title":"","jetpack_seo_noindex":false,"jetpack_seo_schema_type":"","_jetpack_newsletter_access":"","_jetpack_dont_email_post_to_subs":false,"_jetpack_newsletter_tier_id":0,"_jetpack_memberships_contains_paywalled_content":false,"_wpcom_ai_launchpad_first_post":false,"_jetpack_feature_clip_id":0,"_jetpack_memberships_contains_paid_content":false,"footnotes":"","jetpack_publicize_message":"","jetpack_publicize_feature_enabled":true,"jetpack_social_post_already_shared":false,"jetpack_social_options":{"image_generator_settings":{"template":"highway","default_image_id":0,"font":"","enabled":false},"version":2},"jetpack_post_was_ever_published":false},"categories":[2367,3503,798,131959,6493,2127],"tags":[7520,716850,68395,405174,787829183,787829191,102465,37736],"class_list":["post-7838","post","type-post","status-publish","format-standard","hentry","category-cultura","category-historia","category-politica","category-psicoanalisis","category-publicaciones","category-salud","tag-chile","tag-demencia","tag-estados-unidos","tag-historia-universal","tag-politica","tag-psicoanalisis","tag-psiquiatria","tag-salud-mental"],"jetpack_publicize_connections":[],"jetpack_likes_enabled":true,"jetpack_sharing_enabled":true,"jetpack_shortlink":"https:\/\/wp.me\/pzfQN-22q","jetpack-related-posts":[],"jetpack_featured_media_url":"","_links":{"self":[{"href":"https:\/\/sicoterapia.org\/index.php?rest_route=\/wp\/v2\/posts\/7838","targetHints":{"allow":["GET"]}}],"collection":[{"href":"https:\/\/sicoterapia.org\/index.php?rest_route=\/wp\/v2\/posts"}],"about":[{"href":"https:\/\/sicoterapia.org\/index.php?rest_route=\/wp\/v2\/types\/post"}],"author":[{"embeddable":true,"href":"https:\/\/sicoterapia.org\/index.php?rest_route=\/wp\/v2\/users\/8706321"}],"replies":[{"embeddable":true,"href":"https:\/\/sicoterapia.org\/index.php?rest_route=%2Fwp%2Fv2%2Fcomments&post=7838"}],"version-history":[{"count":4,"href":"https:\/\/sicoterapia.org\/index.php?rest_route=\/wp\/v2\/posts\/7838\/revisions"}],"predecessor-version":[{"id":7842,"href":"https:\/\/sicoterapia.org\/index.php?rest_route=\/wp\/v2\/posts\/7838\/revisions\/7842"}],"wp:attachment":[{"href":"https:\/\/sicoterapia.org\/index.php?rest_route=%2Fwp%2Fv2%2Fmedia&parent=7838"}],"wp:term":[{"taxonomy":"category","embeddable":true,"href":"https:\/\/sicoterapia.org\/index.php?rest_route=%2Fwp%2Fv2%2Fcategories&post=7838"},{"taxonomy":"post_tag","embeddable":true,"href":"https:\/\/sicoterapia.org\/index.php?rest_route=%2Fwp%2Fv2%2Ftags&post=7838"}],"curies":[{"name":"wp","href":"https:\/\/api.w.org\/{rel}","templated":true}]}}