{"id":7834,"date":"2026-02-03T11:05:19","date_gmt":"2026-02-03T11:05:19","guid":{"rendered":"http:\/\/sicoterapia.org\/2026\/02\/03\/rapa-nui-patea-el-trasero-de-gabriel-boric-y-la-izquierda-chilena\/"},"modified":"2026-02-03T11:15:11","modified_gmt":"2026-02-03T11:15:11","slug":"rapa-nui-patea-el-trasero-de-gabriel-boric-y-la-izquierda-chilena","status":"publish","type":"post","link":"https:\/\/sicoterapia.org\/?p=7834","title":{"rendered":"Rapa Nui patea el trasero de Gabriel Boric y la izquierda chilena"},"content":{"rendered":"\n<p class=\"wp-block-paragraph\">Los \u00abrapa nui\u00bb patean el trasero de Gabriel Boric y los mal\u00e9ficos y traidores planes antichilenos de la izquierda nacional e internacional y la Agenda ONU 2030 &#8211; 2045.<\/p>\n\n\n\n<hr class=\"wp-block-separator has-alpha-channel-opacity\" \/>\n\n\n\n<p class=\"wp-block-paragraph\">Autor, Jorge Auristondo Vilches <\/p>\n\n\n\n<hr class=\"wp-block-separator has-alpha-channel-opacity\" \/>\n\n\n\n<p class=\"wp-block-paragraph\">Consulta ind\u00edgena de Rapa Nui (Isla de Pascua).<\/p>\n\n\n\n<p class=\"wp-block-paragraph\">La opci\u00f3n INA, que significa NO en lengua \u00abrapa nui\u00bb, obtuvo el 87% de los votos. La poblaci\u00f3n de Rapa Nui rechaz\u00f3 el proyecto de \u00abEstatuto Especial Territorial\u00bb del Gobierno de Boric, el cual pretend\u00eda crear un gobierno aut\u00f3nomo en la isla, pero absurdamente financiado por el Estado de Chile.<\/p>\n\n\n\n<p class=\"wp-block-paragraph\">La&nbsp;consulta ind\u00edgena ideada, organizada, financiada y promovida por el Gobierno de Gabriel Boric y su agenda externa antichilena, quer\u00eda amputar la jurisdicci\u00f3n territorial de Chile a trav\u00e9s de la creaci\u00f3n de un \u00abConsejo\u00bb isle\u00f1o que regular\u00eda el&nbsp;nuevo \u00abGobierno del Territorio Especial\u00bb en la Isla Rapa Nui (Isla de Pascua).<\/p>\n\n\n\n<p class=\"wp-block-paragraph\">Para eso Boric organiz\u00f3 una consulta popular que fue jugosamente promovida por sus testaferros para convencer enga\u00f1osamente a la poblaci\u00f3n nativa que la \u00abseparaci\u00f3n\u00bb administrativa del Estado chileno y el \u00abautogobierno ind\u00edgena\u00bb era lo mejor para ellos.<\/p>\n\n\n\n<p class=\"wp-block-paragraph\">Pero los \u00abrapa nui\u00bb no son tontos. Cuando eran independientes y no eran chilenos, los \u00abrapa nui\u00bb fueron invadidos y esclavizados por potencias europeas. Entonces los \u00abrapa nui\u00bb pidieron auxilio a Chile y solicitaron ser anexados territorialmente y as\u00ed lograron protecci\u00f3n y asistencia.<\/p>\n\n\n\n<p class=\"wp-block-paragraph\">Actualmente los \u00abrapa nui\u00bb entendieron r\u00e1pidamente el car\u00e1cter siniestro y mal\u00e9volo del plan de la izquierda continental chilena que no son ind\u00edgenas. El plan propuesto por Boric se trata de un plan externo, una agenda externa no \u00abrapa nui\u00bb ni chilena. La isla no produce nada, no tiene riquezas de ning\u00fan tipo, ni minerales ni industriales ni siquiera agr\u00edcolas. Rapa Nui es solo una linda roca en medio del Oc\u00e9ano Pacifico. La isla sobrevive por la asistencia del Estado de Chile a trav\u00e9s de la diaria acci\u00f3n de la Armada Nacional que provee a la isla de alimentos, medicinas, transporte y miles de otros servicios, incluido servicios m\u00e9dicos. Tambi\u00e9n es el Estado de Chile quien financia y provee todos los servicios de la administraci\u00f3n isle\u00f1a incluida la seguridad juridica y la defensa militar.<\/p>\n\n\n\n<p class=\"wp-block-paragraph\">Entonces los \u00abrapa nui\u00bb entendieron que aceptar la propuesta \u00absecesionista\u00bb de Gabriel Boric significaba para ellos quedar de nuevo en una total indefensi\u00f3n, separarse de Chile es un aut\u00e9ntico suicidio colectivo. Ser\u00eda el fin para ellos. Sin dudas que aceptar el plan de Gabriel Boric pronosticaba un siniestro futuro para los habitantes de la isla.<\/p>\n\n\n\n<p class=\"wp-block-paragraph\">El triunfo de la opcion NO, es otro nuevo desastre pol\u00edtico para los planes secesionistas de Gabriel Boric y su pandilla y tambi\u00e9n inconstitucional porque ya fueron rechazados previamente en el Plebiscito Constitucional de 2022 &#8211; 2023, que buscaban legalizar la divisi\u00f3n administrativa y territorial de Chile a trav\u00e9s de convertir al pa\u00eds en un \u00abEstado plurinacional\u00bb (secesi\u00f3n territorial y administrativa), y que buscaba la refundaci\u00f3n marxista del Estado con distintos tipos de \u00abgobiernos soberanos ind\u00edgenas independientes\u00bb con sus propios \u00absistemas judiciales ind\u00edgenas\u00bb y de esa forma destruir la actual \u00abunidad administrativa y territorial\u00bb de Chile y la naci\u00f3n chilena.<\/p>\n\n\n\n<hr class=\"wp-block-separator has-alpha-channel-opacity\" \/>\n\n\n\n<figure class=\"wp-block-video\"><div class=\"wp-block-embed__wrapper\">\n<iframe loading=\"lazy\" title=\"VideoPress Video Player\" aria-label=\"VideoPress Video Player\" width=\"553\" height=\"984\" src=\"https:\/\/videopress.com\/embed\/9ZrEKE7F?cover=1&amp;preloadContent=metadata&amp;useAverageColor=1&amp;hd=0\" frameborder=\"0\" allowfullscreen data-resize-to-parent=\"true\" allow=\"clipboard-write; presentation\"><\/iframe><script src='https:\/\/v0.wordpress.com\/js\/next\/videopress-iframe.js?m=1770107250'><\/script>\n<\/div><figcaption>El pueblo \u00abrapa nui\u00bb (Isla de Pascua) rechaza propuesta secesionista de Gabriel Boric y la izquierda chilena <\/figcaption><\/figure>\n\n\n\n<p class=\"wp-block-paragraph\"><\/p>\n","protected":false},"excerpt":{"rendered":"<p>Los \u00abrapa nui\u00bb patean el trasero de Gabriel Boric y los mal\u00e9ficos y traidores planes antichilenos de la izquierda nacional e internacional y la Agenda ONU 2030 &#8211; 2045. Autor, Jorge Auristondo Vilches Consulta ind\u00edgena de Rapa Nui (Isla de Pascua). La opci\u00f3n INA, que significa NO en lengua \u00abrapa nui\u00bb, obtuvo el 87% de &hellip; <a href=\"https:\/\/sicoterapia.org\/?p=7834\" class=\"more-link\">Sigue leyendo <span class=\"screen-reader-text\">Rapa Nui patea el trasero de Gabriel Boric y la izquierda chilena<\/span><\/a><\/p>\n","protected":false},"author":8706321,"featured_media":0,"comment_status":"closed","ping_status":"closed","sticky":false,"template":"","format":"standard","meta":{"_coblocks_attr":"","_coblocks_dimensions":"","_coblocks_responsive_height":"","_coblocks_accordion_ie_support":"","advanced_seo_description":"","jetpack_seo_html_title":"","jetpack_seo_noindex":false,"jetpack_seo_schema_type":"","_jetpack_newsletter_access":"","_jetpack_dont_email_post_to_subs":false,"_jetpack_newsletter_tier_id":0,"_jetpack_memberships_contains_paywalled_content":false,"_wpcom_ai_launchpad_first_post":false,"_jetpack_feature_clip_id":0,"_jetpack_memberships_contains_paid_content":false,"footnotes":"","jetpack_publicize_message":"","jetpack_publicize_feature_enabled":true,"jetpack_social_post_already_shared":false,"jetpack_social_options":{"image_generator_settings":{"template":"highway","default_image_id":0,"font":"","enabled":false},"version":2},"jetpack_post_was_ever_published":false},"categories":[2367,2372,3503,798,6493],"tags":[7520,289662,69886710,208768,448641,248103,1139460,1835743],"class_list":["post-7834","post","type-post","status-publish","format-standard","hentry","category-cultura","category-economia","category-historia","category-politica","category-publicaciones","tag-chile","tag-comunismo","tag-gabriel-boric","tag-geopolitica","tag-isla-de-pascua","tag-marxismo","tag-rapa-nui","tag-secesion"],"jetpack_publicize_connections":[],"jetpack_likes_enabled":true,"jetpack_sharing_enabled":true,"jetpack_shortlink":"https:\/\/wp.me\/pzfQN-22m","jetpack-related-posts":[],"jetpack_featured_media_url":"","_links":{"self":[{"href":"https:\/\/sicoterapia.org\/index.php?rest_route=\/wp\/v2\/posts\/7834","targetHints":{"allow":["GET"]}}],"collection":[{"href":"https:\/\/sicoterapia.org\/index.php?rest_route=\/wp\/v2\/posts"}],"about":[{"href":"https:\/\/sicoterapia.org\/index.php?rest_route=\/wp\/v2\/types\/post"}],"author":[{"embeddable":true,"href":"https:\/\/sicoterapia.org\/index.php?rest_route=\/wp\/v2\/users\/8706321"}],"replies":[{"embeddable":true,"href":"https:\/\/sicoterapia.org\/index.php?rest_route=%2Fwp%2Fv2%2Fcomments&post=7834"}],"version-history":[{"count":2,"href":"https:\/\/sicoterapia.org\/index.php?rest_route=\/wp\/v2\/posts\/7834\/revisions"}],"predecessor-version":[{"id":7836,"href":"https:\/\/sicoterapia.org\/index.php?rest_route=\/wp\/v2\/posts\/7834\/revisions\/7836"}],"wp:attachment":[{"href":"https:\/\/sicoterapia.org\/index.php?rest_route=%2Fwp%2Fv2%2Fmedia&parent=7834"}],"wp:term":[{"taxonomy":"category","embeddable":true,"href":"https:\/\/sicoterapia.org\/index.php?rest_route=%2Fwp%2Fv2%2Fcategories&post=7834"},{"taxonomy":"post_tag","embeddable":true,"href":"https:\/\/sicoterapia.org\/index.php?rest_route=%2Fwp%2Fv2%2Ftags&post=7834"}],"curies":[{"name":"wp","href":"https:\/\/api.w.org\/{rel}","templated":true}]}}