{"id":7712,"date":"2025-02-16T22:03:11","date_gmt":"2025-02-16T22:03:11","guid":{"rendered":"http:\/\/sicoterapia.org\/2025\/02\/16\/nuevo-fraude-socialista-espanol-contra-la-clase-obrera-sube-el-salario-minimo-pero-tendra-que-pagar-impuestos\/"},"modified":"2025-02-16T22:07:49","modified_gmt":"2025-02-16T22:07:49","slug":"nuevo-fraude-socialista-espanol-contra-la-clase-obrera-sube-el-salario-minimo-pero-tendra-que-pagar-impuestos","status":"publish","type":"post","link":"https:\/\/sicoterapia.org\/?p=7712","title":{"rendered":"Nuevo fraude Socialista espa\u00f1ol contra la clase obrera: Sube el Salario M\u00ednimo pero tendr\u00e1 que pagar impuestos"},"content":{"rendered":"\n<p class=\"wp-block-paragraph\">Suben el Salario M\u00ednimo de los pobres y le cargan un impuesto, y siguen destruyendo Espa\u00f1a y a los espa\u00f1oles. El wokeismo izquierdista es una aut\u00e9ntica lepra social.<\/p>\n\n\n\n<hr class=\"wp-block-separator has-alpha-channel-opacity\" \/>\n\n\n\n<p class=\"has-text-align-center wp-block-paragraph\">Autor, Jorge Auristondo Vilches <\/p>\n\n\n\n<hr class=\"wp-block-separator has-alpha-channel-opacity\" \/>\n\n\n\n<p class=\"wp-block-paragraph\">Una nueva y canallesca burla del Partido Socialista y la izquierda wokeista de Espa\u00f1a en contra de la clase obrera, a la que dicen defender. <\/p>\n\n\n\n<p class=\"wp-block-paragraph\">El Gobierno espa\u00f1ol ha aprobado&nbsp; un aumento del Salario M\u00ednimo Interprofesional (SMI) de 50 euros mensuales, situ\u00e1ndolo en 1.184 euros brutos al mes distribuidos en 14 pagas, lo que equivale a 16.576 euros brutos anuales. Esta medida beneficiar\u00e1 aproximadamente a 2,4 millones de trabajadores, especialmente en sectores como la hosteler\u00eda, el comercio y la agricultura.<\/p>\n\n\n\n<p class=\"wp-block-paragraph\">Sin embargo, a diferencia de a\u00f1os anteriores, el Ministerio de Hacienda ha decidido no ajustar el umbral exento del Impuesto sobre la Renta de las Personas F\u00edsicas (IRPF) para alinearlo con la nueva cuant\u00eda del SMI. Como resultado, por primera vez, una parte de los perceptores del SMI estar\u00e1n obligados a tributar por este impuesto. Se estima que alrededor del 20% de los beneficiarios del SMI, principalmente personas solteras sin hijos, deber\u00e1n pagar IRPF, lo que representa aproximadamente a 500.000 trabajadores.<\/p>\n\n\n\n<p class=\"wp-block-paragraph\">Para estos trabajadores, la retenci\u00f3n anual en concepto de IRPF ser\u00e1 cercana a los 300 euros, lo que implica que de los 700 euros de incremento anual del SMI, aproximadamente 300 euros se destinar\u00e1n al pago de este impuesto. Esto se traduce en que alrededor del 42% del aumento ser\u00e1 absorbido por el IRPF, dejando un incremento neto del 2,5% en lugar del 4,4% anunciado.<\/p>\n\n\n\n<p class=\"wp-block-paragraph\">Esta decisi\u00f3n ha generado un intenso debate pol\u00edtico y social. Mientras el Ministerio de Hacienda defiende la medida como un paso hacia una mayor justicia fiscal y una pedagog\u00eda tributaria, argumentando que el SMI ha experimentado un incremento significativo en los \u00faltimos a\u00f1os, la vicepresidenta segunda y ministra de Trabajo, Yolanda D\u00edaz, ha manifestado su desacuerdo. D\u00edaz sostiene que la justicia fiscal deber\u00eda comenzar \u00abpor arriba\u00bb y no afectar a las rentas m\u00e1s bajas. Adem\u00e1s, ha anunciado la intenci\u00f3n de su formaci\u00f3n pol\u00edtica, Sumar, de presentar una proposici\u00f3n de ley en el Congreso para revertir esta decisi\u00f3n y mantener la exenci\u00f3n del IRPF para todos los perceptores del SMI.<\/p>\n\n\n\n<p class=\"wp-block-paragraph\">En resumen, aunque la subida del SMI busca mejorar las condiciones salariales de los trabajadores con menores ingresos, la decisi\u00f3n de no ajustar el umbral exento del IRPF implica que una parte de este colectivo ver\u00e1 reducido el beneficio neto de dicho incremento debido a la tributaci\u00f3n adicional.<\/p>\n\n\n\n<p class=\"wp-block-paragraph\"><\/p>\n\n\n\n<figure class=\"wp-block-video\"><div class=\"wp-block-embed__wrapper\">\n<iframe loading=\"lazy\" title=\"VideoPress Video Player\" aria-label=\"VideoPress Video Player\" width=\"546\" height=\"984\" src=\"https:\/\/videopress.com\/embed\/rFQnvwcl?cover=1&amp;preloadContent=metadata&amp;useAverageColor=1&amp;hd=0\" frameborder=\"0\" allowfullscreen data-resize-to-parent=\"true\" allow=\"clipboard-write; presentation\"><\/iframe><script src='https:\/\/v0.wordpress.com\/js\/next\/videopress-iframe.js?m=1770107250'><\/script>\n<\/div><figcaption><a href=\"https:\/\/x.com\/jmvillarroya\/status\/1891240959800713253?t=CGK41ZSSJ1DQlALfP4EksA&#038;s=19\" rel=\"nofollow\">https:\/\/x.com\/jmvillarroya\/status\/1891240959800713253?t=CGK41ZSSJ1DQlALfP4EksA&#038;s=19<\/a><\/figcaption><\/figure>\n\n\n\n<p class=\"wp-block-paragraph\"><\/p>\n\n\n\n<figure class=\"wp-block-video\"><div class=\"wp-block-embed__wrapper\">\n<iframe loading=\"lazy\" title=\"VideoPress Video Player\" aria-label=\"VideoPress Video Player\" width=\"546\" height=\"984\" src=\"https:\/\/videopress.com\/embed\/BzthFT4q?cover=1&amp;preloadContent=metadata&amp;useAverageColor=1&amp;hd=0\" frameborder=\"0\" allowfullscreen data-resize-to-parent=\"true\" allow=\"clipboard-write; presentation\"><\/iframe><script src='https:\/\/v0.wordpress.com\/js\/next\/videopress-iframe.js?m=1770107250'><\/script>\n<\/div><\/figure>\n\n\n\n<p class=\"wp-block-paragraph\"><\/p>\n\n\n\n<p class=\"wp-block-paragraph\"><strong>M\u00e1s informaci\u00f3n:<\/strong><\/p>\n\n\n\n<p class=\"wp-block-paragraph\">1.- <strong><a href=\"https:\/\/www.elmundo.es\/economia\/2025\/02\/12\/67ac639ae85ecec8508b4595.html\" target=\"_blank\" rel=\"noreferrer noopener\">D\u00edaz s\u00ed sab\u00eda que el SMI iba a tributar: sus expertos dise\u00f1aron la subida de este a\u00f1o teniendo en cuenta que los trabajadores pagar\u00edan IRPF.<\/a><\/strong><\/p>\n\n\n\n<p class=\"wp-block-paragraph\"><\/p>\n","protected":false},"excerpt":{"rendered":"<p>Suben el Salario M\u00ednimo de los pobres y le cargan un impuesto, y siguen destruyendo Espa\u00f1a y a los espa\u00f1oles. El wokeismo izquierdista es una aut\u00e9ntica lepra social. Autor, Jorge Auristondo Vilches Una nueva y canallesca burla del Partido Socialista y la izquierda wokeista de Espa\u00f1a en contra de la clase obrera, a la que &hellip; <a href=\"https:\/\/sicoterapia.org\/?p=7712\" class=\"more-link\">Sigue leyendo <span class=\"screen-reader-text\">Nuevo fraude Socialista espa\u00f1ol contra la clase obrera: Sube el Salario M\u00ednimo pero tendr\u00e1 que pagar impuestos<\/span><\/a><\/p>\n","protected":false},"author":8706321,"featured_media":0,"comment_status":"closed","ping_status":"closed","sticky":false,"template":"","format":"standard","meta":{"_coblocks_attr":"","_coblocks_dimensions":"","_coblocks_responsive_height":"","_coblocks_accordion_ie_support":"","advanced_seo_description":"","jetpack_seo_html_title":"","jetpack_seo_noindex":false,"jetpack_seo_schema_type":"","_jetpack_newsletter_access":"","_jetpack_dont_email_post_to_subs":false,"_jetpack_newsletter_tier_id":0,"_jetpack_memberships_contains_paywalled_content":false,"_wpcom_ai_launchpad_first_post":false,"_jetpack_feature_clip_id":0,"_jetpack_memberships_contains_paid_content":false,"footnotes":"","jetpack_publicize_message":"","jetpack_publicize_feature_enabled":true,"jetpack_social_post_already_shared":false,"jetpack_social_options":{"image_generator_settings":{"template":"highway","default_image_id":0,"font":"","enabled":false},"version":2},"jetpack_post_was_ever_published":false},"categories":[2372,798,6493],"tags":[289662,257589,170718,787829187,10991,19835131,7940,3543,2130,2738999],"class_list":["post-7712","post","type-post","status-publish","format-standard","hentry","category-economia","category-politica","category-publicaciones","tag-comunismo","tag-democracia","tag-dictadura","tag-economia","tag-espana","tag-fraude-politico","tag-socialismo","tag-spain","tag-trabajo","tag-woke"],"jetpack_publicize_connections":[],"jetpack_likes_enabled":true,"jetpack_sharing_enabled":true,"jetpack_shortlink":"https:\/\/wp.me\/pzfQN-20o","jetpack-related-posts":[],"jetpack_featured_media_url":"","_links":{"self":[{"href":"https:\/\/sicoterapia.org\/index.php?rest_route=\/wp\/v2\/posts\/7712","targetHints":{"allow":["GET"]}}],"collection":[{"href":"https:\/\/sicoterapia.org\/index.php?rest_route=\/wp\/v2\/posts"}],"about":[{"href":"https:\/\/sicoterapia.org\/index.php?rest_route=\/wp\/v2\/types\/post"}],"author":[{"embeddable":true,"href":"https:\/\/sicoterapia.org\/index.php?rest_route=\/wp\/v2\/users\/8706321"}],"replies":[{"embeddable":true,"href":"https:\/\/sicoterapia.org\/index.php?rest_route=%2Fwp%2Fv2%2Fcomments&post=7712"}],"version-history":[{"count":1,"href":"https:\/\/sicoterapia.org\/index.php?rest_route=\/wp\/v2\/posts\/7712\/revisions"}],"predecessor-version":[{"id":7713,"href":"https:\/\/sicoterapia.org\/index.php?rest_route=\/wp\/v2\/posts\/7712\/revisions\/7713"}],"wp:attachment":[{"href":"https:\/\/sicoterapia.org\/index.php?rest_route=%2Fwp%2Fv2%2Fmedia&parent=7712"}],"wp:term":[{"taxonomy":"category","embeddable":true,"href":"https:\/\/sicoterapia.org\/index.php?rest_route=%2Fwp%2Fv2%2Fcategories&post=7712"},{"taxonomy":"post_tag","embeddable":true,"href":"https:\/\/sicoterapia.org\/index.php?rest_route=%2Fwp%2Fv2%2Ftags&post=7712"}],"curies":[{"name":"wp","href":"https:\/\/api.w.org\/{rel}","templated":true}]}}