{"id":5862,"date":"2024-05-26T01:10:41","date_gmt":"2024-05-26T01:10:41","guid":{"rendered":"http:\/\/sicoterapia.org\/2024\/05\/26\/sigmund-freud-le-hizo-psicoanalisis-al-demonio-y-este-le-conto-su-gran-secreto\/"},"modified":"2024-06-03T08:19:10","modified_gmt":"2024-06-03T08:19:10","slug":"sigmund-freud-le-hizo-psicoanalisis-al-demonio-y-este-le-conto-su-gran-secreto","status":"publish","type":"post","link":"https:\/\/sicoterapia.org\/?p=5862","title":{"rendered":"Sigmund Freud le hizo psicoan\u00e1lisis al Demonio y \u00e9ste le cont\u00f3 su gran secreto."},"content":{"rendered":"\n<p class=\"wp-block-paragraph\"><strong>El profesional psicoanalista es el \u00fanico ser humano en la Tierra al que el Demonio se digna en visitar para hablar de sus secretos y conflictos. En su oficina, el psicoanalista se encuentra diariamente con el Demonio, al que debe domesticar y educar con su tratamiento.<\/strong><\/p>\n\n\n\n<hr class=\"wp-block-separator has-alpha-channel-opacity\" \/>\n\n\n\n<figure class=\"wp-block-image size-large\"><img data-recalc-dims=\"1\" loading=\"lazy\" decoding=\"async\" width=\"656\" height=\"68\" data-attachment-id=\"5976\" data-permalink=\"https:\/\/sicoterapia.org\/?attachment_id=5976\" data-orig-file=\"https:\/\/i0.wp.com\/sicoterapia.org\/wp-content\/uploads\/2023\/07\/resizedimage_2024-06-03_03-28-28_10945711730995495762133.png?fit=2000%2C207&amp;ssl=1\" data-orig-size=\"2000,207\" data-comments-opened=\"0\" data-image-meta=\"{&quot;aperture&quot;:&quot;0&quot;,&quot;credit&quot;:&quot;&quot;,&quot;camera&quot;:&quot;&quot;,&quot;caption&quot;:&quot;&quot;,&quot;created_timestamp&quot;:&quot;0&quot;,&quot;copyright&quot;:&quot;&quot;,&quot;focal_length&quot;:&quot;0&quot;,&quot;iso&quot;:&quot;0&quot;,&quot;shutter_speed&quot;:&quot;0&quot;,&quot;title&quot;:&quot;&quot;,&quot;orientation&quot;:&quot;0&quot;}\" data-image-title=\"resizedimage_2024-06-03_03-28-28_10945711730995495762133\" data-image-description=\"\" data-image-caption=\"\" data-large-file=\"https:\/\/i0.wp.com\/sicoterapia.org\/wp-content\/uploads\/2023\/07\/resizedimage_2024-06-03_03-28-28_10945711730995495762133.png?fit=656%2C68&amp;ssl=1\" src=\"https:\/\/i0.wp.com\/sicoterapia.org\/wp-content\/uploads\/2023\/07\/resizedimage_2024-06-03_03-28-28_10945711730995495762133.png?resize=656%2C68&#038;ssl=1\" alt=\"\" class=\"wp-image-5976\" \/><figcaption class=\"wp-element-caption\"><em>El Demonio est\u00e1 desnudo. Autor, Jorge Auristondo Vilches.<\/em><\/figcaption><\/figure>\n\n\n\n<hr class=\"wp-block-separator has-alpha-channel-opacity\" \/>\n\n\n\n<p class=\"wp-block-paragraph\">La imagen de Sigmund Freud realizando terapia psicoanal\u00edtica al Demonio, es un concepto intrigante que combina temas psicoanal\u00edticos con mitolog\u00eda simb\u00f3lica.<\/p>\n\n\n\n<p class=\"wp-block-paragraph\">El Demonio o el Diablo, los demonios y el Infierno, los esp\u00edritus malignos, son una creaci\u00f3n de la mente humana de la primera humanidad en la era cavern\u00edcola, de los terrores de la mente al peligro, a la muerte fulminante; a la enfermedad, al hambre y al fr\u00edo, de aquella gente que ten\u00eda que sobrevivir en un entorno hostil, como ocurri\u00f3 en la Era del Hielo de hace 100 mil a\u00f1os, y que dio origen a las creencias religiosas y a los ritos m\u00e1gicos.<\/p>\n\n\n\n<p class=\"wp-block-paragraph\">Nuestros antepasados cavern\u00edcolas si se fracturaban un hueso o sufr\u00edan una apendicitis, una peritonitis, una simple gripe o un ataque de asma, sinplemente se mor\u00edan. No existian m\u00e9dicos ni hospitales en el mundo a d\u00f3nde pedir ayuda. Si tomaba agua con bacterias, simplemente se morir\u00eda de disenter\u00eda o de c\u00f3lera, no exist\u00edan los antibi\u00f3ticos que hoy son de uso com\u00fan. El terror producido por la oscuridad y por la noche, donde esa gente se convert\u00eda en la comida de los animales depredadores o de sus propios cong\u00e9neres, porque la pr\u00e1ctica del canibalismo era lo normal.<\/p>\n\n\n\n<p class=\"wp-block-paragraph\">Las primeras batallas y guerras tribales eran por el territorio de caza, y en ese territorio viv\u00edan las otras tribus que se convertir\u00edan en el pr\u00f3ximo almuerzo.<\/p>\n\n\n\n<p class=\"wp-block-paragraph\">El hombre de las cavernas plasm\u00f3 estos miedos y terrores oscuros e inconcientes en las pinturas rupestres, que los \u00faltimos estudios arqueol\u00f3gicos, especialmente de la Astroarqueolog\u00eda y los descubrimientos y estudios de las pinturas rupestres en Francia y Espa\u00f1a, remontan hasta 250 mil a\u00f1os atr\u00e1s.<\/p>\n\n\n\n<p class=\"wp-block-paragraph\">La ciencia de Freud explora la mente inconsciente y los deseos reprimidos, haciendo del Demonio una met\u00e1fora adecuada para estos aspectos oscuros de la psique humana.<\/p>\n\n\n\n<p class=\"wp-block-paragraph\">Freud ve\u00eda al Demonio como una proyecci\u00f3n de conflictos internos y deseos reprimidos, simbolizando a menudo el \u00abEllo\u00bb en su modelo de la psique, que abarca los impulsos y deseos primitivos. El entorno terap\u00e9utico, con Freud analizando al diablo, refleja el enfoque de Freud para descubrir y entender estos aspectos ocultos de la mente.<\/p>\n\n\n\n<hr class=\"wp-block-separator has-alpha-channel-opacity\" \/>\n\n\n\n<figure class=\"wp-block-image size-large\"><img data-recalc-dims=\"1\" loading=\"lazy\" decoding=\"async\" width=\"656\" height=\"656\" data-attachment-id=\"5863\" data-permalink=\"https:\/\/sicoterapia.org\/?attachment_id=5863\" data-orig-file=\"https:\/\/i0.wp.com\/sicoterapia.org\/wp-content\/uploads\/2024\/05\/782ce080-0d47-4d1e-b686-faab5a02bfe94659543262232365992.jpg?fit=1080%2C1080&amp;ssl=1\" data-orig-size=\"1080,1080\" data-comments-opened=\"0\" data-image-meta=\"{&quot;aperture&quot;:&quot;0&quot;,&quot;credit&quot;:&quot;&quot;,&quot;camera&quot;:&quot;&quot;,&quot;caption&quot;:&quot;&quot;,&quot;created_timestamp&quot;:&quot;0&quot;,&quot;copyright&quot;:&quot;&quot;,&quot;focal_length&quot;:&quot;0&quot;,&quot;iso&quot;:&quot;0&quot;,&quot;shutter_speed&quot;:&quot;0&quot;,&quot;title&quot;:&quot;&quot;,&quot;orientation&quot;:&quot;0&quot;}\" data-image-title=\"782ce080-0d47-4d1e-b686-faab5a02bfe94659543262232365992\" data-image-description=\"\" data-image-caption=\"\" data-large-file=\"https:\/\/i0.wp.com\/sicoterapia.org\/wp-content\/uploads\/2024\/05\/782ce080-0d47-4d1e-b686-faab5a02bfe94659543262232365992.jpg?fit=656%2C656&amp;ssl=1\" src=\"https:\/\/i0.wp.com\/sicoterapia.org\/wp-content\/uploads\/2024\/05\/782ce080-0d47-4d1e-b686-faab5a02bfe94659543262232365992.jpg?resize=656%2C656&#038;ssl=1\" alt=\"\" class=\"wp-image-5863\" \/><figcaption class=\"wp-element-caption\">Sigmund Freud psicoanaliza al Demonio.<\/figcaption><\/figure>\n\n\n\n<hr class=\"wp-block-separator has-alpha-channel-opacity\" \/>\n\n\n\n<p class=\"wp-block-paragraph\">Sigmund Freud sentado junto a su ic\u00f3nico div\u00e1n, escuchando atentamente y tomando notas, mientras el Demonio, con sus cuernos y su cola, yace en el div\u00e1n expresando sus propios problemas y conflictos. Esta yuxtaposici\u00f3n resalta la combinaci\u00f3n de mitolog\u00eda y psicoan\u00e1lisis, simbolizando la exploraci\u00f3n terap\u00e9utica de los demonios internos.<\/p>\n\n\n\n<hr class=\"wp-block-separator has-alpha-channel-opacity\" \/>\n\n\n\n<p class=\"wp-block-paragraph\"><a href=\"https:\/\/twitter.com\/AuristondoJorge\/status\/1794541673424511020?t=5bjujnAPqWfSIYFRgKOjaQ&amp;s=19\">https:\/\/twitter.com\/AuristondoJorge\/status\/1794541673424511020?t=5bjujnAPqWfSIYFRgKOjaQ&amp;s=19<\/a><\/p>\n","protected":false},"excerpt":{"rendered":"<p>El profesional psicoanalista es el \u00fanico ser humano en la Tierra al que el Demonio se digna en visitar para hablar de sus secretos y conflictos. En su oficina, el psicoanalista se encuentra diariamente con el Demonio, al que debe domesticar y educar con su tratamiento. La imagen de Sigmund Freud realizando terapia psicoanal\u00edtica al &hellip; <a href=\"https:\/\/sicoterapia.org\/?p=5862\" class=\"more-link\">Sigue leyendo <span class=\"screen-reader-text\">Sigmund Freud le hizo psicoan\u00e1lisis al Demonio y \u00e9ste le cont\u00f3 su gran secreto.<\/span><\/a><\/p>\n","protected":false},"author":8706321,"featured_media":0,"comment_status":"closed","ping_status":"closed","sticky":false,"template":"","format":"standard","meta":{"_coblocks_attr":"","_coblocks_dimensions":"","_coblocks_responsive_height":"","_coblocks_accordion_ie_support":"","advanced_seo_description":"","jetpack_seo_html_title":"","jetpack_seo_noindex":false,"jetpack_seo_schema_type":"","_jetpack_newsletter_access":"","_jetpack_dont_email_post_to_subs":false,"_jetpack_newsletter_tier_id":0,"_jetpack_memberships_contains_paywalled_content":false,"_wpcom_ai_launchpad_first_post":false,"_jetpack_feature_clip_id":0,"_jetpack_memberships_contains_paid_content":false,"footnotes":"","jetpack_publicize_message":"","jetpack_publicize_feature_enabled":true,"jetpack_social_post_already_shared":false,"jetpack_social_options":{"image_generator_settings":{"template":"highway","default_image_id":0,"font":"","enabled":false},"version":2},"jetpack_post_was_ever_published":false},"categories":[131959,6493,116],"tags":[3209,1487258,205451,240115,218179,676534843,621266,787829191,787829182,257794,771840851],"class_list":["post-5862","post","type-post","status-publish","format-standard","hentry","category-psicoanalisis","category-publicaciones","category-religion","tag-arqueologia","tag-astroarqueologia","tag-cielo","tag-demonio","tag-diablo","tag-era-cavernicola","tag-infierno","tag-psicoanalisis","tag-religion","tag-sigmund-freud","tag-supersticion-religiosa"],"jetpack_publicize_connections":[],"jetpack_likes_enabled":true,"jetpack_sharing_enabled":true,"jetpack_shortlink":"https:\/\/wp.me\/pzfQN-1wy","jetpack-related-posts":[],"jetpack_featured_media_url":"","_links":{"self":[{"href":"https:\/\/sicoterapia.org\/index.php?rest_route=\/wp\/v2\/posts\/5862","targetHints":{"allow":["GET"]}}],"collection":[{"href":"https:\/\/sicoterapia.org\/index.php?rest_route=\/wp\/v2\/posts"}],"about":[{"href":"https:\/\/sicoterapia.org\/index.php?rest_route=\/wp\/v2\/types\/post"}],"author":[{"embeddable":true,"href":"https:\/\/sicoterapia.org\/index.php?rest_route=\/wp\/v2\/users\/8706321"}],"replies":[{"embeddable":true,"href":"https:\/\/sicoterapia.org\/index.php?rest_route=%2Fwp%2Fv2%2Fcomments&post=5862"}],"version-history":[{"count":7,"href":"https:\/\/sicoterapia.org\/index.php?rest_route=\/wp\/v2\/posts\/5862\/revisions"}],"predecessor-version":[{"id":5995,"href":"https:\/\/sicoterapia.org\/index.php?rest_route=\/wp\/v2\/posts\/5862\/revisions\/5995"}],"wp:attachment":[{"href":"https:\/\/sicoterapia.org\/index.php?rest_route=%2Fwp%2Fv2%2Fmedia&parent=5862"}],"wp:term":[{"taxonomy":"category","embeddable":true,"href":"https:\/\/sicoterapia.org\/index.php?rest_route=%2Fwp%2Fv2%2Fcategories&post=5862"},{"taxonomy":"post_tag","embeddable":true,"href":"https:\/\/sicoterapia.org\/index.php?rest_route=%2Fwp%2Fv2%2Ftags&post=5862"}],"curies":[{"name":"wp","href":"https:\/\/api.w.org\/{rel}","templated":true}]}}